{"id":6015,"date":"2013-10-10T07:46:44","date_gmt":"2013-10-10T07:46:44","guid":{"rendered":"http:\/\/www.ingeta.com\/?p=6015"},"modified":"2013-10-10T07:46:44","modified_gmt":"2013-10-10T07:46:44","slug":"inauguration-de-la-statue-de-lumumba-a-berlin","status":"publish","type":"post","link":"https:\/\/congolobilelo.com\/IN\/inauguration-de-la-statue-de-lumumba-a-berlin\/","title":{"rendered":"Inauguration de la statue de Lumumba \u00e0 Berlin"},"content":{"rendered":"<p>\t\t\t\tPar Cheik Fita\/<a href=\"http:\/\/www.cheikfitanews.net\/article-berlin-inauguration-de-la-statue-de-lumumba-120493279.html\">Cheik Fita News<\/a>.<\/p>\n<p><strong>Le mardi 8 octobre 2013 \u00e0 17 heures \u00e0 Garnisonkirchplatz \u00e0 Berlin, la capitale de la R\u00e9publique f\u00e9d\u00e9rale d&#8217;Allemagne, une sculpture en bronze de Lumumba a \u00e9t\u00e9 install\u00e9e et remise au public par la fondation Poll, devant une grande foule mixte.<\/strong><\/p>\n<p><iframe loading=\"lazy\" src=\"\/\/www.youtube.com\/embed\/n9qf0L2AP-4\" height=\"360\" width=\"480\" allowfullscreen=\"\" frameborder=\"0\"><\/iframe><\/p>\n<p>Cette statue d\u00e9nomm\u00e9e, &#8220;Lumumba&#8221; (Transport \u00e0 Thysville) a \u00e9t\u00e9 r\u00e9alis\u00e9e en 1961 par Genni\/Jenny Wiegmann-Mucchi (1895-1969). Plusieurs personnalit\u00e9s politiques, acad\u00e9miques&#8230; \u00e9taient l\u00e0: allemandes, congolaises ainsi que d&#8217;autres nationalit\u00e9s. Comme officiels congolais il y avait Fran\u00e7ois Lumumba, fils a\u00een\u00e9 du h\u00e9ros national congolais, She Okitundu repr\u00e9sentant l&#8217;\u00e9tat congolais ainsi que l&#8217;ambassadrice de la RD Congo \u00e0 Berlin. La c\u00e9r\u00e9monie a commenc\u00e9 par une musique jou\u00e9e au Madimba par la chanteuse Chantal Nyemba Cingoma venue de Leipzig.<\/p>\n<p>Suivront alors tour \u00e0 tour,<br \/>\nDeux discours de la fondation Poll (Kunst Stiftung Poll).<br \/>\nLa d\u00e9couverte de la statue,<br \/>\nLes discours des officiels congolais<br \/>\nEt enfin un verre d&#8217;amiti\u00e9 offert dans les b\u00e2timents de la fondation Poll.<\/p>\n<p>\u00c0 l&#8217;issue de la manifestation, nous avons interview\u00e9 Fran\u00e7ois Lumumba et She Okitundu \u00e0 propos de l&#8217;absence \u00e0 ce jour en Belgique d&#8217;une place ou d&#8217;une statue de Lumumba. Pour Fran\u00e7ois Lumumba, \u00ab comme Berlin, la ville qui a vu la naissance de l&#8217;\u00e9tat du Congo a fait ce pas, c&#8217;est d\u00e9j\u00e0 une bonne chose.\u00bb Quant \u00e0 monsieur She Okitundu, ancien ministre congolais des affaires \u00e9trang\u00e8res, il a affirm\u00e9 que dans le cas de la Belgique, cette absence \u00e9tait une anomalie, surtout que l&#8217;ancienne m\u00e9tropole a d\u00e9j\u00e0 reconnu sa responsabilit\u00e9 morale dans la mort de Lumumba.<\/p>\n<p>La statue de Lumumba \u00e0 Berlin pourrait devenir un lieu de p\u00e8lerinage. Illustration: un jeune d&#8217;une dizaine d&#8217;ann\u00e9es s&#8217;appelant aussi Patrice Lumumba, est venu sp\u00e9cialement de Hanovre avec son p\u00e8re et son fr\u00e8re, afin de poser \u00e0 c\u00f4t\u00e9 de la statue de son illustre homonyme. Nous remercions la communaut\u00e9 congolaise d&#8217;Allemagne qui nous a facilit\u00e9 le s\u00e9jour, la mobilit\u00e9 et l&#8217;acc\u00e8s \u00e0 l&#8217;information. Plus sp\u00e9cialement, messieurs Shungu Tudanonga, Memba Gabriel, et Iseewanga Indongo-Imbanda, Danyo Ilunga.<br \/>\n<\/br><br \/>\n<em>Berlin le 9 octobre 2013,<\/em><br \/>\n<em> Cheik Fita<\/em>\t\t<\/p>\n","protected":false},"excerpt":{"rendered":"<p>Par Cheik Fita\/Cheik Fita News. Le mardi 8 octobre 2013 \u00e0 17 heures \u00e0 Garnisonkirchplatz \u00e0 Berlin, la capitale de la R\u00e9publique f\u00e9d\u00e9rale d&#8217;Allemagne, une sculpture en bronze de Lumumba a \u00e9t\u00e9 install\u00e9e et remise au public par la fondation Poll, devant une grande foule mixte. Cette statue d\u00e9nomm\u00e9e, &#8220;Lumumba&#8221; (Transport \u00e0 Thysville) a \u00e9t\u00e9 [&hellip;]<\/p>\n","protected":false},"author":1,"featured_media":6016,"comment_status":"open","ping_status":"open","sticky":false,"template":"","format":"standard","meta":{"_acf_changed":false,"content-type":"","footnotes":""},"categories":[166,146,122,124],"tags":[],"class_list":["post-6015","post","type-post","status-publish","format-standard","has-post-thumbnail","hentry","category-allemagne","category-culture","category-news-alertes","category-politique-societe"],"acf":[],"_links":{"self":[{"href":"https:\/\/congolobilelo.com\/IN\/wp-json\/wp\/v2\/posts\/6015","targetHints":{"allow":["GET"]}}],"collection":[{"href":"https:\/\/congolobilelo.com\/IN\/wp-json\/wp\/v2\/posts"}],"about":[{"href":"https:\/\/congolobilelo.com\/IN\/wp-json\/wp\/v2\/types\/post"}],"author":[{"embeddable":true,"href":"https:\/\/congolobilelo.com\/IN\/wp-json\/wp\/v2\/users\/1"}],"replies":[{"embeddable":true,"href":"https:\/\/congolobilelo.com\/IN\/wp-json\/wp\/v2\/comments?post=6015"}],"version-history":[{"count":0,"href":"https:\/\/congolobilelo.com\/IN\/wp-json\/wp\/v2\/posts\/6015\/revisions"}],"wp:featuredmedia":[{"embeddable":true,"href":"https:\/\/congolobilelo.com\/IN\/wp-json\/"}],"wp:attachment":[{"href":"https:\/\/congolobilelo.com\/IN\/wp-json\/wp\/v2\/media?parent=6015"}],"wp:term":[{"taxonomy":"category","embeddable":true,"href":"https:\/\/congolobilelo.com\/IN\/wp-json\/wp\/v2\/categories?post=6015"},{"taxonomy":"post_tag","embeddable":true,"href":"https:\/\/congolobilelo.com\/IN\/wp-json\/wp\/v2\/tags?post=6015"}],"curies":[{"name":"wp","href":"https:\/\/api.w.org\/{rel}","templated":true}]}}