{"id":6009,"date":"2013-10-09T19:06:59","date_gmt":"2013-10-09T19:06:59","guid":{"rendered":"http:\/\/www.ingeta.com\/?p=6009"},"modified":"2013-10-09T19:06:59","modified_gmt":"2013-10-09T19:06:59","slug":"letat-de-droit-et-les-armees-au-congo-bruxelles-le-31-octobre-2013","status":"publish","type":"post","link":"https:\/\/congolobilelo.com\/IN\/letat-de-droit-et-les-armees-au-congo-bruxelles-le-31-octobre-2013\/","title":{"rendered":"Soir\u00e9e-D\u00e9bat : L\u2019Etat de droit et Les Arm\u00e9es au Congo &#8211; Bruxelles, le 31 octobre 2013"},"content":{"rendered":"<p>\t\t\t\t<a href=\"http:\/\/desc-wondo.org\/evenements\/soire-debat-letat-de-droit-et-les-armees-au-congo-congolobbying-bruxelles\/\">Le jeudi 31 octobre 2013 <\/a>\u00e0 partir de 18h00, CongoLobbying organise une soir\u00e9e-d\u00e9bat sur le th\u00e8me:<br \/>\n<strong>L\u2019ETAT DE DROIT ET LES FORCES ARMEES AU CONGO ?<\/strong><br \/>\n&#8212;&#8212;&#8212;&#8212;&#8212;&#8212;&#8212;&#8212;&#8211;<br \/>\nOrateurs:<br \/>\n<strong>Jean-Jacques Wondo<\/strong>, politologue et analyste des questions sociopolitiques, s\u00e9curitaires et militaires de la R\u00e9publique D\u00e9mocratique du Congo. Il est auteur de l\u2019ouvrage &#8220;<em>les arm\u00e9es au Congo-Kinshasa. Radioscopie de la Force publique aux FARDC<\/em>&#8221; (2013).<\/p>\n<p><strong>Marcel Yabili<\/strong>, \u00e9crivain. Il est l&#8217;auteur, entre autres, de &#8220;<em>Le g\u00e9ant d&#8217;Afrique, le g\u00e9ant d&#8217;Asie : histoire d&#8217;un combat m\u00e9connu<\/em>&#8221; (L&#8217;harmattan, 2012)<\/p>\n<p>&#8212;&#8212;&#8212;&#8212;&#8212;&#8212;&#8212;<br \/>\nLieu:<br \/>\n<strong>H\u00f4tel Sleep Well<\/strong>,<br \/>\nSalle Schuman<br \/>\n33, rue de Damier<br \/>\n1000 Bruxelles<br \/>\nM\u00e9tro Rogier Derri\u00e8re City2 \u00e0 Bruxelles<br \/>\n&#8212;&#8212;&#8212;&#8212;&#8212;&#8212;&#8212;<br \/>\nDate et heures:<br \/>\n<strong>Jeudi 31 octobre 2013<\/strong><br \/>\nA partir de 18h.<br \/>\n&#8212;&#8212;&#8212;&#8212;&#8212;&#8212;&#8212;<br \/>\nContact:<br \/>\n<strong>T\u00e9l.: 0032 466 030 290<\/strong><br \/>\nEmail:congolobbying@yahoo.fr<br \/>\n<\/br>\t\t<\/p>\n","protected":false},"excerpt":{"rendered":"<p>Le jeudi 31 octobre 2013 \u00e0 partir de 18h00, CongoLobbying organise une soir\u00e9e-d\u00e9bat sur le th\u00e8me: L\u2019ETAT DE DROIT ET LES FORCES ARMEES AU CONGO ? &#8212;&#8212;&#8212;&#8212;&#8212;&#8212;&#8212;&#8212;&#8211; Orateurs: Jean-Jacques Wondo, politologue et analyste des questions sociopolitiques, s\u00e9curitaires et militaires de la R\u00e9publique D\u00e9mocratique du Congo. Il est auteur de l\u2019ouvrage &#8220;les arm\u00e9es au Congo-Kinshasa. Radioscopie [&hellip;]<\/p>\n","protected":false},"author":1,"featured_media":6010,"comment_status":"open","ping_status":"open","sticky":false,"template":"","format":"standard","meta":{"_acf_changed":false,"content-type":"","footnotes":""},"categories":[167,124,127],"tags":[],"class_list":["post-6009","post","type-post","status-publish","format-standard","has-post-thumbnail","hentry","category-belgique","category-politique-societe","category-rencontresdebats"],"acf":[],"_links":{"self":[{"href":"https:\/\/congolobilelo.com\/IN\/wp-json\/wp\/v2\/posts\/6009","targetHints":{"allow":["GET"]}}],"collection":[{"href":"https:\/\/congolobilelo.com\/IN\/wp-json\/wp\/v2\/posts"}],"about":[{"href":"https:\/\/congolobilelo.com\/IN\/wp-json\/wp\/v2\/types\/post"}],"author":[{"embeddable":true,"href":"https:\/\/congolobilelo.com\/IN\/wp-json\/wp\/v2\/users\/1"}],"replies":[{"embeddable":true,"href":"https:\/\/congolobilelo.com\/IN\/wp-json\/wp\/v2\/comments?post=6009"}],"version-history":[{"count":0,"href":"https:\/\/congolobilelo.com\/IN\/wp-json\/wp\/v2\/posts\/6009\/revisions"}],"wp:featuredmedia":[{"embeddable":true,"href":"https:\/\/congolobilelo.com\/IN\/wp-json\/"}],"wp:attachment":[{"href":"https:\/\/congolobilelo.com\/IN\/wp-json\/wp\/v2\/media?parent=6009"}],"wp:term":[{"taxonomy":"category","embeddable":true,"href":"https:\/\/congolobilelo.com\/IN\/wp-json\/wp\/v2\/categories?post=6009"},{"taxonomy":"post_tag","embeddable":true,"href":"https:\/\/congolobilelo.com\/IN\/wp-json\/wp\/v2\/tags?post=6009"}],"curies":[{"name":"wp","href":"https:\/\/api.w.org\/{rel}","templated":true}]}}