{"id":5999,"date":"2013-10-05T19:05:33","date_gmt":"2013-10-05T19:05:33","guid":{"rendered":"http:\/\/www.ingeta.com\/?p=5999"},"modified":"2013-10-05T19:05:33","modified_gmt":"2013-10-05T19:05:33","slug":"le-congo-la-belgique-et-la-grande-guerre-1914-1918","status":"publish","type":"post","link":"https:\/\/congolobilelo.com\/IN\/le-congo-la-belgique-et-la-grande-guerre-1914-1918\/","title":{"rendered":"Le Congo, la Belgique et la Grande guerre 1914-1918"},"content":{"rendered":"<p>\t\t\t\tPar Anicet Mobe. Source: <a href=\"http:\/\/www.lexpress.fr\/actualite\/le-congo-la-belgique-et-la-grande-guerre-1914-1918_1288104.html\">Lexpress.fr<\/a><\/p>\n<p><strong>Alors que les citoyens congolais-particuli\u00e8rement les arri\u00e8res- arri\u00e8res petits enfants des anciens combattants congolais esp\u00e8rent- vainement ?- que leurs anc\u00eatres seront honor\u00e9s, le gouvernement belge pr\u00e9f\u00e8re inviter le Chef de l&#8217;\u00e9tat Joseph Kabila. Dont acte. Nous attendons que les autorit\u00e9s belges clarifient le sens historique, la port\u00e9e diplomatique et politique de cette invitation adress\u00e9e \u00e0 un Chef d&#8217;\u00e9tat fortement fragilis\u00e9 sur le plan interne et ext\u00e9rieur par une crise aig\u00fce de l\u00e9gitimit\u00e9. Celle-ci se trouve fortement amplifi\u00e9e par une &#8221; gouvernance &#8221; gangren\u00e9e par une corruption end\u00e9mique et une d\u00e9r\u00e9liction s\u00e9curitaire terrifiante. Rappelons qu&#8217;il y a 100 ans, les soldats congolais \u00e9crasaient les arm\u00e9es allemandes stationn\u00e9es au Ruanda, Urundi (int\u00e9gr\u00e9s dans le domaine colonial belge)le Tanganyka, le Sud-Ouest Africain,le Kamerun&#8230; <\/strong><\/p>\n<p>En 2010 ;le Mus\u00e9e de l&#8217;arm\u00e9e et de l&#8217;histoire militaire de Bruxelles(Cinquantenaire) a bris\u00e9 un assourdissant silence qui durant des d\u00e9cennies a ignor\u00e9 la vaillance des soldats congolais lors des comm\u00e9morations des victoires des Alli\u00e9s de deux guerres mondiales. Il faut s&#8217;employer pour que le Mus\u00e9e et le Craoca(cercle royal des anciens officiers des campagnes d&#8217;Afrique) fassent encore mieux \u00e0 l&#8217;occasion de la comm\u00e9moration du centenaire de la grande guerre.<\/p>\n<p>Sous la direction de Philippe Jacqui,Pierre Lierneux et Natasja Peeters,-commissaires de l&#8217;\u00e9v\u00e9nement-le Mus\u00e9e organisa du 22 juin au 31 octobre 2010 une exposition intitul\u00e9e &#8221; Lisolo na Bisu 1885-1960 Notre histoire. Le soldat congolais de la Force Publique &#8220;.De cette exposition est sorti un remarquable ouvrage \u00e9ponyme auquel a contribu\u00e9 le professeur Pamphile Mantuba-Ngoma de l&#8217;universit\u00e9 de Kinsahasa &#8221; La vie de camp militaire au sein de la Force Publique pp.121-163(1888-1960).<br \/>\nLa Libre Belgique du 17 juin 2010 &#8221; La Force Publique,une saga belge et- surtout- congolaise &#8220;, TV5 Monde(continent noir), Afrique -tv r\u00e9daction :Roger Bongos,en partenariat avec l&#8217;association des travailleurs congolais de France et le collectif des intellectuels congolais &#8221; DEFIS &#8221; et l&#8217;Ann\u00e9e Francophone Internationale (\u00e9dition 2011-2012,pp.61-64) ont assur\u00e9 une large couverture de cette exposition qui a magnifi\u00e9 la vaillance militaire des soldats congolais.<\/p>\n<p>Par ailleurs,\u00e0 l&#8217;initiative de l&#8217;union royale des fraternelles coloniales(Urfracol),trois anciens combattants congolais de la deuxi\u00e8me guerre mondiale ont \u00e9t\u00e9 chaleureusement accueillis en Belgique en 2005.Il s&#8217;agit ,en l&#8217;occurrence de Victor Elenga,Hubert Otenga et de J\u00e9r\u00f4me Sindano. Le 19 juillet,ils ont visit\u00e9 le Mus\u00e9e royal de l&#8217;arm\u00e9e,particuli\u00e8rement les vitrines consacr\u00e9es aux victorieuses campagnes de la Force Publique durant les deux guerres mondiales. Le 21 juillet ,le Roi Albert II a d\u00e9cor\u00e9 Victor Elenga et J\u00e9r\u00f4me Sindano.<\/p>\n<p>Une d\u00e9l\u00e9gation de l&#8217;Urfracol s\u00e9journa au Congo o\u00f9 le 1\u00b0 d\u00e9cembre 2005,les autorit\u00e9s congolaises et belges ont inaugur\u00e9 un M\u00e9morial pour les anciens combattants au rond-point de la rue Force Publique situ\u00e9e dans la commune Kasa-Vubu (Dendale).Lors de cette c\u00e9r\u00e9monie,l&#8217;ancien combattant Otenga qui a servi en Birmanie en 1940-1945,a \u00e9t\u00e9 d\u00e9cor\u00e9. Faisaient partie de la d\u00e9l\u00e9gation de l&#8217;Ufracol : R\u00e9n\u00e9 P\u00e9tr\u00e9 ,Luc Renson,Pedro Michel,Jean Cremer et Armand Vander Auwera.<br \/>\nAussi convient-il de d\u00e9passer l&#8217;\u00e9v\u00e9nementiel et le conjoncturel pour appr\u00e9hender correctement l&#8217;essentiel et le structurel qui,en l&#8217;occurrence,se d\u00e9clinent en plusieurs probl\u00e9matiques fondamentales dont trois retiennent notre attention : l&#8217;\u00e9criture et l&#8217;enseignement de l&#8217;histoire(militaire)belgo- congolaise ;les suites politiques et g\u00e9opolitiques de la grande guerre pour les Congolais,la Belgique et le Congo -belge ;la question de l&#8217;arm\u00e9e dans ses dimensions militaires, politiques et diplomatiques au Congo.<br \/>\n<\/br><br \/>\n<strong>questions d&#8217;histoire&#8230;<\/strong><\/p>\n<p>Dans les manuels d&#8217;histoire ainsi que dans les ouvrages \u00e9dit\u00e9s par les services d&#8217;information des arm\u00e9es coloniales, la bravoure militaire des Africains n&#8217;est \u00e9voqu\u00e9e qu&#8217;\u00e0 travers les qualit\u00e9s des officiers europ\u00e9ens. Les soldats africains n&#8217;apparaissent gu\u00e8re comme des acteurs de leurs exploits militaires.<\/p>\n<p>A titre indicatif, mentionnons trois publications illustrant l&#8217;embargo sur la bravoure militaire des Congolais :La Belgique et la premi\u00e8re guerre mondiale de Sophie De Schaepadrijer ,Archives et Mus\u00e9e de la Litt\u00e9rature de la Belgique 2005,ne mentionne gu\u00e8re les multiples apports du Congo \u00e0 la victoire militaire et \u00e0 la consolidation diplomatique de la Belgique en 1918.<br \/>\nL&#8217;Encyclop\u00e9die de la Grande Guerre 1914-1918 de Stephane Rouzeau et J.Jacques Becker,Bayard Paris-2004,attribue aux Anglais et aux Fran\u00e7ais la conqu\u00eate de la colonie allemande, Kamerun(p.1288)sans mentionner les sanglantes batailles que les militaires congolais y ont livr\u00e9es et vaillamment remport\u00e9es. Les soldats congolais sont qualifi\u00e9s d&#8217;une &#8221; importante troupe noire d\u00e9nomm\u00e9e Force Publique, au service de la Belgique &#8220;. L&#8217;ouvrage de Luc De Vos :La Belgique et la seconde guerre mondiale,Racine Bruxelles- 2004,r\u00e9duit en quelques lignes(p.228)le gigantesque effort de guerre \u00e9conomique, financier et militaire que fournit le Congo belge en 1940-1945.<\/p>\n<p>D\u00e9gag\u00e9 du corset culturel colonial et n\u00e9ocolonialiste, l&#8217;ouvrage du professeur belge Guy Vanthemsche-la Belgique et le Congo, Complexe,Bruxelles 2007- nous apprend que derri\u00e8re les images d&#8217;Epinal des r\u00e9cits \u00e9piques &#8221; se cachent de nombreux aspects moins connus : les \u00e9normes pertes en vies humaines pour les populations autochtones, mises \u00e0 rudes \u00e9preuves par les incessantes et dures r\u00e9quisitions en mati\u00e8re de portage ; les probl\u00e8mes de d\u00e9sorganisation des forces arm\u00e9es ; les faiblesses en mati\u00e8re de conduite des op\u00e9rations militaires et surtout les nombreuses frictions avec l&#8217;alli\u00e9 britannique &#8220;(p.118).<br \/>\n<\/br><br \/>\n<strong>questions (g\u00e9o)politiques&#8230;<\/strong><\/p>\n<p>En cette ann\u00e9e du centenaire, il n&#8217;est pas superflu de revenir sur les efforts de guerre qu&#8217;ont consentis les populations de cet immense domaine colonial qu&#8217;enviaient \u00e0 la Belgique, d&#8217;autres puissances coloniales. Propri\u00e9t\u00e9 priv\u00e9e (1885-1908) de L\u00e9opold II, roi des Belges, le Congo devient colonie belge en 1908.Les grands groupes financiers ont compris que le Congo est une entreprise fort rentable : &#8221; dans les relations financi\u00e8res entre la Belgique et le Congo,la Belgique a donn\u00e9 environ 40 millions et re\u00e7u plus de 60 millions. Un jeune Etat d&#8217;outre-mer qui ,durant le premier quart de si\u00e8cle de son existence,rapporte ainsi \u00e0 sa m\u00e9tropole virtuelle un nombre respectable de millions ,est bien un cas d&#8217;exception &#8220;,Jean Stengers : Congo. Mythes et r\u00e9alit\u00e9s,Racine,Bruxelles 2007,pp.112-113.<\/p>\n<p>Apr\u00e8s la guerre, Panda Farnana &#8211; ancien combattant et dipl\u00f4m\u00e9 de l&#8217;Ecole d&#8217;agriculture d&#8217;\u00e9tat de Vilvorde (Bruxelles) et de l&#8217;Ecole sup\u00e9rieure d&#8217;agriculture tropicale \u00e0 Nogent -sur- Marne(Paris)-adressa une requ\u00eate aux autorit\u00e9s militaires belges, notamment le G\u00e9n\u00e9ral-major Molitor , ancien commandant sup\u00e9rieur des troupes coloniales ; le colonel Muller ,pr\u00e9sident du cercle des anciens officiers des campagnes d&#8217;Afrique et le major Verloot ,ancien officier de la Force Publique, pour que soit glorifi\u00e9 le soldat inconnu congolais , lors de la comm\u00e9moration de la victoire de Tabora , le 11 novembre (Armistice). Par ailleurs, Panda exigea aussi que soit constitu\u00e9 un capital au profit des invalides, veuves et orphelins congolais des fronts de Tabora et du Cameroun. L&#8217;\u00e9rection, le 1er juillet 1927, \u00e0 L\u00e9opoldville d&#8217;un monument du souvenir congolais concr\u00e9tise une des revendications de Panda.<\/p>\n<p>Lors du Congr\u00e8s colonial national \u00e0 Bruxelles (18-20 novembre 1920), Paul Panda Farnana, exigea la formation de m\u00e9decins congolais, leur admission aux grades sup\u00e9rieurs de l&#8217;administration, la suppression du travail forc\u00e9, la participation des Congolais \u00e0 la gestion des affaires publiques et leur \u00e9lection au suffrage universel pour si\u00e9ger au Conseil g\u00e9n\u00e9ral de la l\u00e9gislation qu&#8217;il fallait cr\u00e9er au Congo.<\/p>\n<p>La grande guerre a exacerb\u00e9 les contradictions au Congo o\u00f9 la fuite des capitaux paralyse les premi\u00e8res industries, ainsi que le commerce aggravant la crise \u00e9conomique. C&#8217;est dans ce contexte de fortes tensions sociales et de perte des rep\u00e8res que surgit en 1921, sous l&#8217;impulsion de Simon Kimbangu,un mouvement messianique qui \u00e9branla l&#8217;ordre colonial .Force est de constater que l&#8217;unit\u00e9 belge sortit fragilis\u00e9e de la guerre : les revendications flamandes prirent une tournure politique tr\u00e8s prononc\u00e9e :la &#8221; flamandisation &#8221; de l&#8217;universit\u00e9 de Gand en est certainement l&#8217;aspect le plus aigu et le plus embl\u00e9matique dans ses multiples rebondissements.<\/p>\n<p>C&#8217;est alors qu&#8217;Alexandre Delcommune publie un ouvrage au titre \u00e9vocateur : &#8221; L&#8217;avenir du Congo menac\u00e9, Bruxelles 1919. L&#8217;esprit d&#8217;indocilit\u00e9 et d&#8217;insoumission des populations congolaises s&#8217;accro\u00eet fortement et en bon capitaliste, Delcommune s&#8217;en inqui\u00e8te. Il \u00e9tait administrateur -d\u00e9l\u00e9gu\u00e9 au sein de nombreuses soci\u00e9t\u00e9s appartenant au puissant holding la Compagnie du Congo pour le commerce et l&#8217;industrie(CCCI) que L\u00e9opold II cr\u00e9a en mars 1887 afin d&#8217; assurer la mise en d\u00e9pendance \u00e9conomique des ressources du Congo. Il s&#8217;inqui\u00e8te aussi des vis\u00e9es de la perfide Albion que les Belges soup\u00e7onnent d&#8217;annexer le Congo- belge \u00e0 leur vaste empire. Le poids \u00e9conomique, financier et g\u00e9opolitique du Congo- belge s&#8217;est affirm\u00e9 lors de ce conflit. La Banque du Congo -belge ouvrit le 08 septembre 1914, une agence \u00e0 Londres qui joua le r\u00f4le de banquier du Tr\u00e9sor colonial durant la guerre. Les cr\u00e9dits britanniques assur\u00e8rent la stabilit\u00e9 du franc congolais dont le cours fut fix\u00e9 par rapport \u00e0 la livre sterling jusqu&#8217;en 1919.Le Congo se retrouve en 1914-1918 et plus tard aussi en 1940-1945 au coeur d&#8217;un vaste ballet diplomatique \u00e9maill\u00e9 de sordides convoitises, de savants calculs g\u00e9ostrat\u00e9giques ;ainsi que des rivalit\u00e9s entre \u00e9tats europ\u00e9ens alli\u00e9s.En 1937, le premier ministre britannique, Sir Chamberlain offrit \u00e0 Hitler la moiti\u00e9 du Congo et la totalit\u00e9 de l&#8217;Angola pour sauvegarder la paix en Europe, le F\u00fcrher repoussa cette offre.<\/p>\n<p>Les victoires militaires de la Force Publique congolaise permirent \u00e0 la Belgique, la France et la Grande Bretagne d&#8217;\u00e9tendre leurs possessions aux territoires colonis\u00e9s par l&#8217;Allemagne et conquis avec vaillance par les soldats congolais : conqu\u00eates de Kigali (Ruanda) le 06 mai 1916 et d&#8217;Usumbura (Urundi) le 06 juin 1916 ; de Kigoma le 29 juillet 1916 , de Tabora , en septembre 1916 avec le G\u00e9n\u00e9ral Tombeur ,anobli Baron de Tabora et de Mah\u00e9nge en octobre 1917 avec le colonel Huyghe ,anobli Chevalier de Mah\u00e9nge. Ces trois derni\u00e8res localit\u00e9s se trouvent au Tanganyka (Est Africain , l&#8217;actuelle Tanzanie). Les combats furent particuli\u00e8rement meurtriers au Kamerun , en raison notamment du relief accident\u00e9 de ce pays.<br \/>\nEn 1923 , la Soci\u00e9t\u00e9 des Nations ( SDN ) accorda mandat d&#8217;administrer le Ruanda-Urundi \u00e0 la Belgique ; le Tanganyika \u00e0 la Grande- Bretagne et le Kamerun \u00e0 la France et \u00e0 la Grande -Bretagne . En 1946, l&#8217;ONU confirma et transforma ces mandats en tutelles.<br \/>\n<\/br><br \/>\n<strong>les Congolais dans les op\u00e9rations militaires&#8230;<\/strong><\/p>\n<p>Lorsqu \u00e9clate la guerre, sans leur expliquer les causes r\u00e9elles et les v\u00e9ritables enjeux de ce sanglant conflit ; les Europ\u00e9ens imposent aux Africains comment ils devaient se battre : militairement, \u00e9conomiquement et financi\u00e8rement.<br \/>\nLe Gouverneur -G\u00e9n\u00e9ral F\u00e9lix Fuchs, re\u00e7oit du Ministre des colonies, Jules Renkin, l&#8217;ordre de prendre des mesures militaires pour d\u00e9fendre le Congo et assurer son int\u00e9grit\u00e9 territoriale, particuli\u00e8rement sur la rive orientale des lacs Kivu et Tanganyka ; frontaliers du Ruanda, de l&#8217;Urundi et de l&#8217;Est Africain qui sont des colonies allemandes. Eug\u00e8ne Henry succ\u00e8de \u00e0 Fuchs, comme Gouverneur -G\u00e9n\u00e9ral de 1914 \u00e0 1921.D\u00e8s le 28 ao\u00fbt 1914, la Force publique- command\u00e9e par le lieutenant-colonel Marchant(1911-1916) est en mesure de mobiliser 18.000 hommes de troupes et de r\u00e9quisitionner 200.000 civils comme porteurs. Le dispositif de campagne de la Force publique dans la r\u00e9gion du Kivu comprenait notamment 3 brigades : une brigade nord, command\u00e9e par Molitor qui concentra ses op\u00e9rations au nord du lac Kivu. Une brigade sud que commandait le major Olsen et qui se battit entre les lacs Kivu et Tanganyka. Moulaert commandait la brigade navale sur le lac Tanganyka.<br \/>\nAssist\u00e9 d&#8217; Haenen, la major Olsen-futur commandant en chef de la Force Publique- commande des troupes congolaises en Rhod\u00e9sie du Sud, r\u00e9pondant \u00e0 l&#8217;appel au secours de M. Lyons, Commissaire britannique. Les combats s&#8217;\u00e9tendirent jusqu&#8217;au Mozambique o\u00f9 les soldats congolais pourchass\u00e8rent les troupes allemandes.<\/p>\n<p>En 1914, des Congolais vivant en Belgique se sont engag\u00e9s dans le &#8221; Corps de Volontaires Congolais &#8221; que cr\u00e9a l&#8217;arr\u00eat\u00e9 royal du 5 ao\u00fbt 1914.Command\u00e9 par le colonel Chartin , ce corps regroupa des fonctionnaires de la colonie , des agents des compagnies coloniales en Belgique et d&#8217;anciens coloniaux. Le Mus\u00e9e de l&#8217;arm\u00e9e de Bruxelles garde pr\u00e9cieusement les traces et les souvenirs des Congolais enr\u00f4l\u00e9s dans cette unit\u00e9 :Joseph Adipanga,Pierre Alomon,Jean Blamba,Paul Bayon,Antoine Bo\u00efombo,Edouard Bolia,Antoine Bomyo,Pius Bouclou,Honor\u00e9 Fataky,Jacques Ilunga,Jean Jessy,Albert Kudjabo,Honor\u00e9 Kulu,Simon Lisasi,Michel Longo,Joseph Lopiko,Fran\u00e7ois Mabilla,Antoine Manglunki,Jacques M&#8217;Bondo,Jules Moke,Paul Panda-Fanda,Pierre Soumbou et Antoine Yoka. 1918. A l&#8217;accession du Congo \u00e0 l&#8217;ind\u00e9pendance, un ancien combattant de la grande guerre a \u00e9t\u00e9 \u00e9lu au s\u00e9nat dont il fut le doyen d&#8217;\u00e2ge : Victor Koumoriko, originaire du Lac L\u00e9opold II.<br \/>\nqu&#8217;est devenue la vaillance militaire des Congolais ?<\/p>\n<p>Le 25 mai 1992,\u00e0 la tribune de la Conf\u00e9rence nationale souveraine ,le g\u00e9n\u00e9ral Mahele- chef d&#8217;\u00e9tat-major de l&#8217;arm\u00e9e- dressa un diagnostic s\u00e9v\u00e8re contre la politique militaire men\u00e9e depuis 1960.Il pr\u00f4na une nouvelle \u00e9thique militaire compatible avec les exigences de la d\u00e9mocratie et d&#8217;un \u00e9tat de droit. L&#8217;association des anciens militaires se pronon\u00e7a dans le m\u00eame sens. La d\u00e9b\u00e2cle militaire de 1996-1997 sanctionna cette politique militaire que le Mar\u00e9chal Mobutu imposa aux Congolais.<br \/>\nFort des appuis de l&#8217;occident capitaliste qui l&#8217;\u00e9rigea en rempart d&#8217;une pr\u00e9tendue vis\u00e9e sovieto -communiste sur le Congo,Mobutu utilisa habilement les ressources que lui offrit la coop\u00e9ration militaire pour confisquer l&#8217;outil militaire \u00e0 son profit politique. Par une utilisation pernicieuse du facteur ethnique il \u00e9toffa le corps des officiers d&#8217;\u00e9l\u00e9ments \u00e0 sa d\u00e9votion ;\u00e9cartant de postes de commandement des brillants \u00e9l\u00e9ments originaires des r\u00e9gions consid\u00e9r\u00e9es comme hostiles \u00e0 son r\u00e9gime. Cette calamiteuse politique militaire r\u00e9sulte de logiques coloniales aggrav\u00e9es par le contexte de la guerre froide qui servit de pr\u00e9texte \u00e0 la Belgique et aux Usa de r\u00e9genter la constitution de l&#8217;\u00e9chiquier politique congolais et d&#8217;exercer une pesante tutelle sur l&#8217;\u00e9tat-major des forces arm\u00e9es congolaises. Bras s\u00e9culier de l&#8217;ordre colonial,la Force Publique a \u00e9t\u00e9 la pi\u00e8ce -ma\u00eetresse de l&#8217;appareil r\u00e9pressif.<\/p>\n<p>Les victoires militaires congolaises et l&#8217;installation des bases militaires m\u00e9tropolitaines (Kamina 1950-1953,Kitona 1953-1958) sont des facteurs d&#8217;int\u00e9gration- g\u00e9ostrat\u00e9gique,g\u00e9opolitique et g\u00e9o\u00e9conomique- du Congo dans le dispositif d\u00e9fensif de l&#8217;occident capitaliste. Marqu\u00e9e par les imp\u00e9ratifs de la guerre froide,la coop\u00e9ration militaire renfor\u00e7a cette int\u00e9gration qui s&#8217;est traduite par les multiples interventions militaires \u00e9trang\u00e8res :belge en juillet1960 qui facilita la proclamation de la s\u00e9cession de la riche province du Katanga ;belgo- am\u00e9ricaine en novembre1964 ;franco-marocaine en avril -mai 1977 et franco-belge en mai 1978.<\/p>\n<p>Cette toile de fond -\u00e9maill\u00e9e d&#8217;\u00e9cueils ardus- annihile les meilleures bonnes volont\u00e9s citoyennes depuis 1992 pour construire une arm\u00e9e qui soit le garant de l&#8217;ind\u00e9pendance nationale et de notre souverainet\u00e9. La singularit\u00e9 de la trajectoire politique et de l&#8217;identit\u00e9 militaire de Joseph Kabila accentue l&#8217;acuit\u00e9 de ces \u00e9cueils :c&#8217;est l&#8217;arm\u00e9e rwandaise qui a impos\u00e9 son intrusion dans le champ politique congolais. Il n&#8217;est que d&#8217;entendre l&#8217;officier rwandais James Kabarere- ancien chef d&#8217;\u00e9tat major de l&#8217;arm\u00e9e congolaise et commandant du corps exp\u00e9ditionnaire rwandais au Congo en 1996-1998- \u00e9voquer avec condescendance ses exhortations pour pousser Joseph Kabila \u00e0 se pr\u00e9parer politiquement d\u00e8s la chute de Kisangani le 15 mars 1997.<br \/>\n&#8221; Monsieur le Pr\u00e9sident,vous n&#8217;avez pas d&#8217;arm\u00e9e&#8230; &#8221; titrait l&#8217;\u00e9tude de deux professeurs -Hans Hoebeke,H.Boshoff et K.Vlassenrot- parue dans :R\u00e9forme au Congo, attentes et d\u00e9sillusions ;Cahiers africains n\u00b076,Tervuren 2009,pp.118-137.Il n&#8217;existe aucune volont\u00e9 politique de reconstruire une arm\u00e9e qui soit autre chose qu&#8217;une force de r\u00e9pression !<br \/>\nOUI ! Les citoyens congolais -particuli\u00e8rement les descendants des milliers des soldats tomb\u00e9s au champ d&#8217;honneur- attendent des officiers belges un geste auguste afin d&#8217;honorer le courage,l&#8217;endurance et l&#8217;abn\u00e9gation des Congolais qui n&#8217;ont pas trahi la Belgique et dont les pensions ont \u00e9t\u00e9 d\u00e9tourn\u00e9es(lire le quotidien Le Soir 03 avril 2013) par les autorit\u00e9s congolaises soutenues par diff\u00e9rents gouvernements belges.<\/p>\n<p>Plus que jamais ceux des universitaires congolais qui ont opt\u00e9 pour une d\u00e9marche intellectuelle du r\u00f4le de l&#8217;universit\u00e9(aire) doivent mobiliser leurs ressources culturelles et scientifiques pour promouvoir et concr\u00e9tiser une rationalit\u00e9 universitaire pr\u00e9conisant une \u00e9laboration critique des savoirs (historiques)qu&#8217;il faut largement diffuser afin que les Congolais s&#8217;en servent comme instruments d&#8217;exercice de la pens\u00e9e critique. C&#8217;est \u00e0 ce prix qu&#8217;ils s&#8217;approprieront leur m\u00e9moire historique afin de r\u00e9pondre avec discernement aux incertitudes du pr\u00e9sent marqu\u00e9 par d&#8217;\u00e9normes d\u00e9ficiences-sciemment voulues et entretenues -de l&#8217;arm\u00e9e.<br \/>\n<\/br><br \/>\n<em>Anicet MOBE<br \/>\nChercheur en sciences sociales<br \/>\nConseiller culturel du collectif des intellectuels congolais &#8221; DEFIS &#8220;<\/em><\/p>\n","protected":false},"excerpt":{"rendered":"<p>Par Anicet Mobe. Source: Lexpress.fr Alors que les citoyens congolais-particuli\u00e8rement les arri\u00e8res- arri\u00e8res petits enfants des anciens combattants congolais esp\u00e8rent- vainement ?- que leurs anc\u00eatres seront honor\u00e9s, le gouvernement belge pr\u00e9f\u00e8re inviter le Chef de l&#8217;\u00e9tat Joseph Kabila. Dont acte. Nous attendons que les autorit\u00e9s belges clarifient le sens historique, la port\u00e9e diplomatique et politique [&hellip;]<\/p>\n","protected":false},"author":1,"featured_media":6000,"comment_status":"open","ping_status":"open","sticky":false,"template":"","format":"standard","meta":{"_acf_changed":false,"content-type":"","footnotes":""},"categories":[151,122,124],"tags":[],"class_list":["post-5999","post","type-post","status-publish","format-standard","has-post-thumbnail","hentry","category-education","category-news-alertes","category-politique-societe"],"acf":[],"_links":{"self":[{"href":"https:\/\/congolobilelo.com\/IN\/wp-json\/wp\/v2\/posts\/5999","targetHints":{"allow":["GET"]}}],"collection":[{"href":"https:\/\/congolobilelo.com\/IN\/wp-json\/wp\/v2\/posts"}],"about":[{"href":"https:\/\/congolobilelo.com\/IN\/wp-json\/wp\/v2\/types\/post"}],"author":[{"embeddable":true,"href":"https:\/\/congolobilelo.com\/IN\/wp-json\/wp\/v2\/users\/1"}],"replies":[{"embeddable":true,"href":"https:\/\/congolobilelo.com\/IN\/wp-json\/wp\/v2\/comments?post=5999"}],"version-history":[{"count":0,"href":"https:\/\/congolobilelo.com\/IN\/wp-json\/wp\/v2\/posts\/5999\/revisions"}],"wp:featuredmedia":[{"embeddable":true,"href":"https:\/\/congolobilelo.com\/IN\/wp-json\/"}],"wp:attachment":[{"href":"https:\/\/congolobilelo.com\/IN\/wp-json\/wp\/v2\/media?parent=5999"}],"wp:term":[{"taxonomy":"category","embeddable":true,"href":"https:\/\/congolobilelo.com\/IN\/wp-json\/wp\/v2\/categories?post=5999"},{"taxonomy":"post_tag","embeddable":true,"href":"https:\/\/congolobilelo.com\/IN\/wp-json\/wp\/v2\/tags?post=5999"}],"curies":[{"name":"wp","href":"https:\/\/api.w.org\/{rel}","templated":true}]}}