{"id":5969,"date":"2013-09-24T07:07:23","date_gmt":"2013-09-24T07:07:23","guid":{"rendered":"http:\/\/www.ingeta.com\/?p=5969"},"modified":"2013-09-24T07:07:23","modified_gmt":"2013-09-24T07:07:23","slug":"gouvernement-fantoche-distractions-nationales-occupation-rwandaise-les-congolais-se-doivent-de-mettre-en-place-un-contre-pouvoir","status":"publish","type":"post","link":"https:\/\/congolobilelo.com\/IN\/gouvernement-fantoche-distractions-nationales-occupation-rwandaise-les-congolais-se-doivent-de-mettre-en-place-un-contre-pouvoir\/","title":{"rendered":"Gouvernement fant\u00f4che, distractions nationales, occupation rwandaise : Les Congolais se doivent de mettre en place un contre-pouvoir"},"content":{"rendered":"<p>\t\t\t\tL\u2019analyste politique Jean-Pierre Mbelu met en lumi\u00e8re, \u00e0 travers les concertations nationales, le fonctionnement du syst\u00e8me de pr\u00e9dation qui neutralise les congolais patriotes et entretient la violence, d\u00e9crypte comment le gouvernement fant\u00f4che de Kinshasa facilite l\u2019occupation et l\u2019affaiblissement des institutions congolais par le d\u00e9versement frauduleux de militaires rwandais au sein de l\u2019arm\u00e9e congolaise. Et il nous explique pourquoi nous devons tout mettre en oeuvre pour \u00e9laborer un contre-pouvoir, r\u00e9\u00e9crire notre histoire et refonder le Congo sur de nouvelles bases.<\/p>\n<p><iframe loading=\"lazy\" src=\"\/\/www.youtube-nocookie.com\/embed\/TYL7z6DDucw\" height=\"360\" width=\"560\" allowfullscreen=\"\" frameborder=\"0\"><\/iframe><\/p>\n<p><strong>Sur la prolongation des concertations nationales<\/strong><\/p>\n<blockquote><p>D\u00e8s lors qu\u2019il y a eu le huis-clos de Kampala, les concertations de Kinshasa n\u2019avaient plus leur raison d\u2019\u00eatre. Parce que les questions essentielles li\u00e9es \u00e0 la coh\u00e9sion nationale ont \u00e9t\u00e9 transf\u00e9r\u00e9es \u00e0 ce huis-clos. Comme certains d\u2019entre nous sont assoiff\u00e9s d\u2019argent, ils ont cru que, m\u00eame si ce huis-clos de Kampala avait lieu, eux pouvaient se retrouver \u00e0 Kinshasa. Que les choses marchent ou ne marchent pas, du moment qu\u2019ils allaient toucher leur per-diem, c\u2019est cela qui \u00e9tait important. Dans l\u2019organisation du huis-clos de Kampala ou des concertations nationales de Kinshasa, ce sont les congolais qui ont \u00e9t\u00e9 tra\u00een\u00e9s dans la boue et trait\u00e9s comme des bourriques, par la faute de certains d\u2019entre nous qui courent en permanence derri\u00e8re l\u2019argent. Il n\u2019y avait rien \u00e0 attendre des concertations de Kinshasa. Comment un pouvoir ill\u00e9gitime, issu d\u2019un processus frauduleux, pourrait \u00e9mettre les principes de bonne gouvernance qui pourraient scier la branche sur laquelle et la majorit\u00e9 dite pr\u00e9sidentielle, et l\u2019opposition \u00ab per-di\u00e8miste \u00bb, sont assises.<\/p><\/blockquote>\n<p><strong>Sur le travail des minorit\u00e9s organis\u00e9es et agissantes<\/strong><\/p>\n<blockquote><p>La fameuse opposition congolaise est constamment dans la d\u00e9nonciation. C&#8217;est-\u00e0-dire dans la r\u00e9action. Elle ne planifie absolument rien. Ne faudrait-il pas mettre entre parenth\u00e8ses ces d\u00e9nonciations et se mettre \u00e0 travailler \u00e0 l\u2019\u00e9laboration d\u2019un contre-pouvoir. Tant qu\u2019on ira de d\u00e9nonciation en d\u00e9nonciation, cette opposition risque de ne rien voir se r\u00e9aliser du point de vue de ses objectifs.<br \/>\nHeureusement qu\u2019il y a des minorit\u00e9s organis\u00e9es et agissantes qui ne tiennent pas compte de ce qu\u2019on estime \u00eatre des avanc\u00e9es du pouvoir fant\u00f4che de Kinshasa, et qui travaillent autrement. Cela va prendre le temps que \u00e7a prendra. Mais ils ont compris que \u00e7a ne sert \u00e0 rien de s\u2019inscrire dans la r\u00e9action, et qu\u2019il faut petit \u00e0 petit, travailler \u00e0 la mise sur pied d\u2019un contre-pouvoir, pour pouvoir demain, refonder le Congo, sur d\u2019autres bases.<\/p><\/blockquote>\n<p><strong>Sur L\u00e9on Kengo et le syst\u00e8me derri\u00e8re lui<\/strong><\/p>\n<blockquote><p>Nous faisons face \u00e0 un syst\u00e8me de la mort. Nous faisons face aux forces du mal qui agissent en r\u00e9seau. Et ce r\u00e9seau fait appara\u00eetre, de temps en temps, certaines t\u00eates. Et si nous nous limitons \u00e0 ces t\u00eates, nous risquons de laisser entre parenth\u00e8ses le syst\u00e8me qui les porte et qui fonctionne \u00e0 merveille. Ces t\u00eates l\u00e0 peuvent dispara\u00eetre, mais tant que nous n\u2019aurons pas r\u00e9ussi \u00e0 rompre avec le syst\u00e8me n\u00e9olib\u00e9ral, capitaliste qui fabrique la mort, nous n\u2019aurions rien fait du tout. L\u2019essentiel n\u2019est pas de se focaliser sur les t\u00eates qui apparaissent, cela peut-\u00eatre Kengo aujourd&#8217;hui, comme demain quelqu\u2019un d\u2019autre.<\/p><\/blockquote>\n<p><strong>Sur le travail de fond \u00e0 entreprendre<\/strong><\/p>\n<blockquote><p>L\u2019essentiel est de voir comment aujourd\u2019hui nous pouvons entamer un travail de fond qui pourrait se situer \u00e0 deux niveaux. Celui de la r\u00e9\u00e9criture de notre histoire, d\u2019une part. celui de la rupture avec le syst\u00e8me et les acteurs de notre mort et de la refondation du Congo sur des nouvelles bases, d\u2019autre part. c\u2019est cela qui devrait beaucoup plus nous int\u00e9resser que les acteurs apparents du syst\u00e8me n\u00e9olib\u00e9ral.<br \/>\nCela ne sert plus \u00e0 rien de pleurer, nous nous rendons compte de ce qui se passe r\u00e9ellement. Et nous prenons nos dispositions. Une des dispositions que nous avons \u00e0 prendre est de nous mettre \u00e0 travailler en synergie, \u00e0 travers les diff\u00e9rents coins du monde o\u00f9 nous pouvons nous retrouver, \u00e0 travailler avec nos jeunes pour qu\u2019ils prennent conscience de ce qui est en train de se passer r\u00e9ellement, \u00e0 travailler dans l\u2019optique de constituer un contre-pouvoir.<\/p><\/blockquote>\n<p><strong>Sur le manque d\u2019int\u00e9r\u00eat des congolais pour les concertations nationales<\/strong><\/p>\n<blockquote><p>Les congolais ont fini par comprendre, pour leur immense majorit\u00e9, les v\u00e9ritables enjeux de la guerre d\u2019agression qui se passe chez nous. Ils ont fini par en conna\u00eetre les acteurs et les jeux auxquels ils se livrent. Les congolaise rendent compte que malgr\u00e9 tous les beaux discours, ils n\u2019arrivent pas \u00e0 avoir acc\u00e8s au minimum de justice sociale qui leur permette de nouer les deux bouts.<br \/>\nA quoi bon \u00e9couter des discours et s\u2019int\u00e9resser aux concertations de ce gouvernement qui n\u2019arrive pas \u00e0 garantir le minimum des droits sociaux, \u00e9conomiques, humains et culturels ?<\/p><\/blockquote>\n<p><strong>Sur l\u2019int\u00e9gration frauduleuse des militaires rwandais dans l\u2019arm\u00e9e congolaise<\/strong><\/p>\n<blockquote><p>Quand vous \u00e9coutez le vice pr\u00e9sident de la soci\u00e9t\u00e9 civile du Nord Kivu, il vous dit ceci : les compatriotes congolais qui font partie du M23 ne repr\u00e9sente que 1%, le reste est compos\u00e9 de soldats rwandais.<br \/>\nQuand vous analysez la strat\u00e9gie de Kagam\u00e9, vous vous rendrez compte de ceci : quand les n\u00e9gociations sont d\u00e9cr\u00e9t\u00e9es, en temps de paix, Kagam\u00e9, avec son cheval de Troie de Kinshasa, s\u2019arranger pour d\u00e9verser le plus possible de militaires rwandais dans l\u2019arm\u00e9e congolaise pour affaiblir les institutions congolaises, \u00e0 partir de l\u2019arm\u00e9e.<br \/>\nCe \u00e0 quoi nous allons assister est ceci : on va exclure les 100 membres du M23 mentionn\u00e9s dans la liste du gouvernement fant\u00f4che de Kinshasa, mais nous risquons d\u2019avoir chez nous, les 1600 ou 1700 autres militaires rwandais, dans l\u2019arm\u00e9e congolaise. Notre na\u00efvet\u00e9 est de ne pas comprendre que depuis la fausse guerre de lib\u00e9ration de l\u2019AFDL, le processus est le m\u00eame.<br \/>\nL\u2019occupation du Congo se fait aussi par le d\u00e9versement, frauduleux, dans ce qui nous reste d\u2019arm\u00e9e congolaise, de militaires rwandais. Et cela avec la complicit\u00e9 du gouvernement fant\u00f4che de Kinshasa.<br \/>\nSi on nous verse 1700 militaires rwandais dans l\u2019arm\u00e9e congolaise, dans un pays o\u00f9 la carte d\u2019identit\u00e9 n\u2019existe pas, nous risquons de nous retrouver demain avec des mercenaires capables de faire un coup d\u2019\u00e9tat \u00e0 tout moment, au pays, ou \u00e0 celui qui pourrait prendre le pouvoir par les urnes.<\/p><\/blockquote>\n<p><strong>Sur le fonctionnement du r\u00e9seau ougando-rwando-congolais de pr\u00e9dation<\/strong><\/p>\n<blockquote><p>Nous sommes face \u00e0 une guerre d\u2019usure port\u00e9e par un r\u00e9seau ougando-rwando-congolais qui op\u00e8re sur fond d\u2019un \u00e9tat profond: Ce r\u00e9seau est port\u00e9 par une coalition compos\u00e9e d\u2019 acteurs politiques, des membres des services de s\u00e9curit\u00e9, de la police, de la justice, de l\u2019arm\u00e9e, mais aussi d\u2019acteurs transnationaux. Ces gens l\u00e0 coalisent afin de neutraliser les congolais patriotes, \u00e9pris du d\u00e9sir de voir demain, leur devenir souverain et s\u2019autod\u00e9terminer. D\u00e8s que nous perdons cela de vue, nous croyons qu\u2019il puisse exister demain, au Congo, avec le gouvernement fant\u00f4che, un pouvoir judiciaire qui puisse travailler en marche de ce gouvernement fant\u00f4che.<\/p><\/blockquote>\n","protected":false},"excerpt":{"rendered":"<p>L\u2019analyste politique Jean-Pierre Mbelu met en lumi\u00e8re, \u00e0 travers les concertations nationales, le fonctionnement du syst\u00e8me de pr\u00e9dation qui neutralise les congolais patriotes et entretient la violence, d\u00e9crypte comment le gouvernement fant\u00f4che de Kinshasa facilite l\u2019occupation et l\u2019affaiblissement des institutions congolais par le d\u00e9versement frauduleux de militaires rwandais au sein de l\u2019arm\u00e9e congolaise. Et il [&hellip;]<\/p>\n","protected":false},"author":1,"featured_media":5970,"comment_status":"open","ping_status":"open","sticky":false,"template":"","format":"standard","meta":{"_acf_changed":false,"content-type":"","footnotes":""},"categories":[107,124],"tags":[],"class_list":["post-5969","post","type-post","status-publish","format-standard","has-post-thumbnail","hentry","category-analyses-commentaires","category-politique-societe"],"acf":[],"_links":{"self":[{"href":"https:\/\/congolobilelo.com\/IN\/wp-json\/wp\/v2\/posts\/5969","targetHints":{"allow":["GET"]}}],"collection":[{"href":"https:\/\/congolobilelo.com\/IN\/wp-json\/wp\/v2\/posts"}],"about":[{"href":"https:\/\/congolobilelo.com\/IN\/wp-json\/wp\/v2\/types\/post"}],"author":[{"embeddable":true,"href":"https:\/\/congolobilelo.com\/IN\/wp-json\/wp\/v2\/users\/1"}],"replies":[{"embeddable":true,"href":"https:\/\/congolobilelo.com\/IN\/wp-json\/wp\/v2\/comments?post=5969"}],"version-history":[{"count":0,"href":"https:\/\/congolobilelo.com\/IN\/wp-json\/wp\/v2\/posts\/5969\/revisions"}],"wp:featuredmedia":[{"embeddable":true,"href":"https:\/\/congolobilelo.com\/IN\/wp-json\/"}],"wp:attachment":[{"href":"https:\/\/congolobilelo.com\/IN\/wp-json\/wp\/v2\/media?parent=5969"}],"wp:term":[{"taxonomy":"category","embeddable":true,"href":"https:\/\/congolobilelo.com\/IN\/wp-json\/wp\/v2\/categories?post=5969"},{"taxonomy":"post_tag","embeddable":true,"href":"https:\/\/congolobilelo.com\/IN\/wp-json\/wp\/v2\/tags?post=5969"}],"curies":[{"name":"wp","href":"https:\/\/api.w.org\/{rel}","templated":true}]}}