{"id":5944,"date":"2013-09-20T19:16:25","date_gmt":"2013-09-20T19:16:25","guid":{"rendered":"http:\/\/www.ingeta.com\/?p=5944"},"modified":"2013-09-20T19:16:25","modified_gmt":"2013-09-20T19:16:25","slug":"conference-debat-activite-miniere-et-droits-humains-au-congo-16-octobre-2013-a-geneve","status":"publish","type":"post","link":"https:\/\/congolobilelo.com\/IN\/conference-debat-activite-miniere-et-droits-humains-au-congo-16-octobre-2013-a-geneve\/","title":{"rendered":"Conf\u00e9rence-d\u00e9bat: Activit\u00e9 mini\u00e8re et droits humains au Congo &#8211; 16 octobre 2013 \u00e0 Gen\u00e8ve."},"content":{"rendered":"<p>\t\t\t\tL&#8217;association <a href=\"http:\/\/www.dontbeblindthistime.org\">DON&#8217;T BE BLIND THIS TIME<\/a> et le collectif Elengo vous invitent \u00e0 une conf\u00e9rence-d\u00e9bat autour de la question mini\u00e8re et des droits humains en R\u00e9publique D\u00e9mocratique du Congo. <\/p>\n<p>Les intervenants:<br \/>\n<strong>Cynthia McKinney<\/strong>, ancienne Congresswoman am\u00e9ricaine et activiste de la paix. Candidate aux pr\u00e9sidentielles US en 2008 et envoy\u00e9e sp\u00e9ciale de Bill Clinton en Afrique centrale.<br \/>\n<strong>Patrick Mbeko<\/strong>, politologue et essayiste congolais. Auteur du livre &#8221; Le Canada dans les guerres en Afrique centrale&#8221;.<br \/>\n<strong>Keith Harmon Snow<\/strong>, journaliste ind\u00e9pendant et correspondant de guerre am\u00e9ricain. Chercheur en droits humains.<\/p>\n<p>&#8212;&#8212;&#8212;&#8212;&#8212;-<br \/>\nLa date et l&#8217;heure:<br \/>\n<strong>Le mercredi 16 octobre 2013 \u00e0 18h00<\/strong>.<\/p>\n<p>&#8212;&#8212;&#8212;&#8212;&#8212;-<br \/>\nLe lieu:<br \/>\n<strong>UniMail<\/strong>, 40, Boulevard du Pont d&#8217;Arve, 1211 Gene\u0300ve 4, Suisse \u2013 Auditorium S150.<\/p>\n<p>&#8212;&#8212;&#8212;&#8212;&#8212;-<br \/>\nPour plus d&#8217;informations:<br \/>\n<a href=\"https:\/\/www.facebook.com\/events\/582654211769883\/\">https:\/\/www.facebook.com\/events\/582654211769883\/<\/a><br \/>\n<\/br><\/p>\n","protected":false},"excerpt":{"rendered":"<p>L&#8217;association DON&#8217;T BE BLIND THIS TIME et le collectif Elengo vous invitent \u00e0 une conf\u00e9rence-d\u00e9bat autour de la question mini\u00e8re et des droits humains en R\u00e9publique D\u00e9mocratique du Congo. Les intervenants: Cynthia McKinney, ancienne Congresswoman am\u00e9ricaine et activiste de la paix. Candidate aux pr\u00e9sidentielles US en 2008 et envoy\u00e9e sp\u00e9ciale de Bill Clinton en Afrique [&hellip;]<\/p>\n","protected":false},"author":1,"featured_media":5945,"comment_status":"open","ping_status":"open","sticky":false,"template":"","format":"standard","meta":{"_acf_changed":false,"content-type":"","footnotes":""},"categories":[145,120,124,127],"tags":[],"class_list":["post-5944","post","type-post","status-publish","format-standard","has-post-thumbnail","hentry","category-conferences-salons","category-mondialisation","category-politique-societe","category-rencontresdebats"],"acf":[],"_links":{"self":[{"href":"https:\/\/congolobilelo.com\/IN\/wp-json\/wp\/v2\/posts\/5944","targetHints":{"allow":["GET"]}}],"collection":[{"href":"https:\/\/congolobilelo.com\/IN\/wp-json\/wp\/v2\/posts"}],"about":[{"href":"https:\/\/congolobilelo.com\/IN\/wp-json\/wp\/v2\/types\/post"}],"author":[{"embeddable":true,"href":"https:\/\/congolobilelo.com\/IN\/wp-json\/wp\/v2\/users\/1"}],"replies":[{"embeddable":true,"href":"https:\/\/congolobilelo.com\/IN\/wp-json\/wp\/v2\/comments?post=5944"}],"version-history":[{"count":0,"href":"https:\/\/congolobilelo.com\/IN\/wp-json\/wp\/v2\/posts\/5944\/revisions"}],"wp:featuredmedia":[{"embeddable":true,"href":"https:\/\/congolobilelo.com\/IN\/wp-json\/"}],"wp:attachment":[{"href":"https:\/\/congolobilelo.com\/IN\/wp-json\/wp\/v2\/media?parent=5944"}],"wp:term":[{"taxonomy":"category","embeddable":true,"href":"https:\/\/congolobilelo.com\/IN\/wp-json\/wp\/v2\/categories?post=5944"},{"taxonomy":"post_tag","embeddable":true,"href":"https:\/\/congolobilelo.com\/IN\/wp-json\/wp\/v2\/tags?post=5944"}],"curies":[{"name":"wp","href":"https:\/\/api.w.org\/{rel}","templated":true}]}}