{"id":5928,"date":"2013-09-15T22:25:18","date_gmt":"2013-09-15T22:25:18","guid":{"rendered":"http:\/\/www.ingeta.com\/?p=5928"},"modified":"2013-09-15T22:25:18","modified_gmt":"2013-09-15T22:25:18","slug":"le-pillage-du-congo-au-coeur-des-enjeux","status":"publish","type":"post","link":"https:\/\/congolobilelo.com\/IN\/le-pillage-du-congo-au-coeur-des-enjeux\/","title":{"rendered":"Massacres des congolais, concertations nationales ou n\u00e9gociations de Kampala: Le pillage du Congo au c\u0153ur des enjeux"},"content":{"rendered":"<p>\t\t\t\tL\u2019analyste politique Jean-Pierre Mbelu d\u00e9crypte les contradictions entre des concertations nationales soi-disant publiques \u00e0 Kinshasa et des n\u00e9gociations \u00e0 huis-clos \u00e0 Kampala, expose la question cruciale des richesses du Congo au c\u0153ur du drame congolais et explique pourquoi, l\u2019Europe et plus pr\u00e9cis\u00e9ment la Belgique accorde une bonne note \u00e0 Kabila. <\/p>\n<p><iframe loading=\"lazy\" width=\"560\" height=\"315\" src=\"\/\/www.youtube-nocookie.com\/embed\/pzjulU73f_k\" frameborder=\"0\" allowfullscreen><\/iframe><\/p>\n<p><strong>Sur le huis-clos de Kampala<\/strong><\/p>\n<blockquote><p>On ne peut pas aujourd\u2019hui, apr\u00e8s tout ce qu\u2019on a d\u00e9j\u00e0 subi comme cons\u00e9quences au nom des accords sign\u00e9s en cachette, accepter que ce gouvernement fant\u00f4che aille \u00e0 Kampala pour n\u00e9gocier d\u2019autres accords et cela \u00e0 huis-clos.<br \/>\nOn ne peut pas d\u2019une part, nous faire croire qu\u2019il y a des concertations nationales qui sont organis\u00e9es et d\u2019autre part organiser des rencontres \u00e0 huis clos avec des mercenaires \u00e0 Kampala\u2026 Il y a l\u00e0 une contradiction.<\/p><\/blockquote>\n<p>\n<strong>Sur les congolais et leurs dirigeants politiques<\/strong><\/p>\n<blockquote><p>Il n\u2019est pas vrai du tout de dire que les congolais ont les dirigeants politiques qu\u2019ils m\u00e9ritent. Si nous les d\u00e9signons par l\u2019expression de gouvernement fant\u00f4che, c\u2019est parce qu\u2019ils sont des faux lib\u00e9rateurs et, pour la plupart, ils sont issus de mouvements rebelles mont\u00e9s par l\u2019Ouganda et le Rwanda. Ils ne sont pas l\u00e0 pour servir les int\u00e9r\u00eats du peuple congolais mais pour servir les int\u00e9r\u00eats de leurs parrains qui sont les membres et les acteurs mineurs des r\u00e9seaux d\u2019\u00e9lite op\u00e9rant \u00e0 partir du Rwanda, de l\u2019Ouganda et de Kinshasa, chapeaut\u00e9s par les multinationales qui pillent notre pays.<\/p><\/blockquote>\n<p>\n<strong>Sur la probl\u00e9matique du partage des richesses congolaises<\/strong><\/p>\n<blockquote><p>Aujourd\u2019hui, la plupart de nos compatriotes vivent dans une mis\u00e8re noire, comment un \u00abresponsable politique \u00bb (Fran\u00e7ois Muamba en l\u2019occurrence qui participe aux n\u00e9gociations de Kampala) peut aller dire, \u00ab nous ne pouvons pas \u00eatre heureux seuls et que nous devons partager nos richesses avec nos voisins \u00bb. Ce disant il reprend les propos d\u2019Herman Cohen, et de Nicolas Sarkozy. C\u2019est une preuve qu\u2019au Congo, nous avons des politiciens de pacotille qui n\u2019ont pas leur discours \u00e0 eux.<br \/>\nEst-ce que pour accepter de partager nos richesses avec nos voisins, il faut qu\u2019on nous livre une guerre de pr\u00e9dation qui dure depuis pr\u00e8s de 20 ans ? Pourquoi ne pas passer par des trait\u00e9s commerciaux politiques et l\u00e9gaux pour que des \u00e9changes se fassent sans instrumentalisation de l\u2019identit\u00e9 congolaise, sans instrumentalisation de l\u2019identit\u00e9 tutsi, sans massacre de nos populations ?<br \/>\nAujourd\u2019hui pour pouvoir exploiter les mati\u00e8res premi\u00e8res qui sont sur le sol congolais, on extermine les populations congolaises, on les d\u00e9loge des zones mini\u00e8res riches,  pour que certains membres des communaut\u00e9s rwandaises, ougandaises voire burundaises viennent y vivre afin de faciliter le pillage de nos mati\u00e8res premi\u00e8res. Ainsi, on cr\u00e9e un ant\u00e9c\u00e9dent f\u00e2cheux, on exacerbe les haines. <\/p><\/blockquote>\n<p>\n<strong>Sur la politique du deux poids, deux mesures entre le Congo et la Syrie<\/strong><\/p>\n<blockquote><p>Regardez ce qui se passe au Moyen-Orient, ce sont les USA qui ont n\u00e9goci\u00e9 avec la Russie sur la sortie de crise de la Syrie. C&#8217;est-\u00e0-dire que les acteurs majeurs ont pris le devant de la sc\u00e8ne. Chez nous, ce n\u2019est pas la m\u00eame chose, on demande aux congolais ou \u00e0 ceux qui font partie du gouvernement fant\u00f4che d\u2019aller n\u00e9gocier avec les mercenaires. Pourquoi les multinationales impliqu\u00e9es dans le pillage de nos richesses ne viendraient pas \u00e0 la table des n\u00e9gociations ? Pourquoi les anglo-saxons eux-m\u00eames ne viendraient pas \u00e0 la table des n\u00e9gociations au lieu de faire passer les congolais par les sous-fifres et les mercenaires du M23 ?<br \/>\nPourquoi cette politique du deux poids, deux mesures ? Il faut sortir de ce jeu de dupes et de manipulations, il faut aller vers les v\u00e9ritables acteurs de cette guerre.<\/p><\/blockquote>\n<p>\n<strong>Sur les contradictions du gouvernement fant\u00f4che de Kinshasa <\/strong><\/p>\n<blockquote><p>Un pouvoir ill\u00e9gitime va-t-il sortir de son ill\u00e9gitimit\u00e9 pour rendre la politico-sociale, \u00e9conomique, et environnementale potable ?<br \/>\nOn pr\u00f4ne d\u2019une part la d\u00e9mocratie et d\u2019autre part, on interdit d\u00e9j\u00e0 \u00e0 ceux qui veulent voir cette d\u00e9mocratie pratiqu\u00e9e de pouvoir se rencontrer et s\u2019adresser \u00e0 leurs bases.<br \/>\nL\u2019espace public congolais est verrouill\u00e9 et la raison majeure est que l\u2019Etat profond, matrice organisationnelle \u00e0 partir de laquelle op\u00e8re le r\u00e9seau congolais de pr\u00e9dation, travaille avec les forces de police et de s\u00e9curit\u00e9, et essaie de contrecarrer tous les efforts d\u00e9ploy\u00e9s par les congolais pour faire \u00e9merger un \u00e9tat de droit d\u00e9mocratique. Il y a une contradiction permanente entre les discours et les th\u00e8mes abord\u00e9s, et la pratique. Par ailleurs, le pouvoir ill\u00e9gitime de Kinshasa ne peut pas scier la branche sur laquelle il est assis. <\/p><\/blockquote>\n<p>\n<strong>Sur l\u2019Europe et son parti pris pour Kabila<\/strong><\/p>\n<blockquote><p>Pour bien comprendre ce qui se passe entre certains hommes politiques europ\u00e9ens, belges notamment, et le Congo, il y a certains livres qui peuvent servir de r\u00e9f\u00e9rence comme \u00ab le livre noirs des belges zairanis\u00e9s \u00bb de  Vincent Delannoy et Olivier Willocx ou encore \u00abEurope, crimes et censures au Congo : les documents qui accusent \u00bb de charles Onana qu\u2019on a tendance \u00e0 oublier apr\u00e8s la publication de ses livres. La politique \u00e9trang\u00e8re de la Belgique n\u2019est pas diff\u00e9rente de celle pratiqu\u00e9e par l\u2019Union europ\u00e9enne.<br \/>\nComment voulez que Reynders, impliqu\u00e9 dans une politique europ\u00e9enne qui a promu des marionnettes comme responsables du pays puisse demain dire du mal de ces responsables l\u00e0 ? Il faut toujours se poser des questions : \u00e0 partir d\u2019o\u00f9 tel ou tel politicien parle\u2014t-il ? Qui sont ses parrains ? Quelles sont les forces impliqu\u00e9es dans ce qui se passe au pays ?<br \/>\nNous avons tout int\u00e9r\u00eat \u00e0 constituer des think-tanks, des lieux de savoir pour aller au-del\u00e0 de l\u2019\u00e9motion que provoquent de temps en temps les m\u00e9dias dominants.<br \/>\nSi nous approfondissons nos r\u00e9flexions, nous saurons, comment petit \u00e0 petit, avec les plus jeunes, constituer un contre-pouvoir et nous orienter vers des relations g\u00e9ostrat\u00e9giques avec des pays et des acteurs politiques respectueux du droit international. <\/p><\/blockquote>\n","protected":false},"excerpt":{"rendered":"<p>L\u2019analyste politique Jean-Pierre Mbelu d\u00e9crypte les contradictions entre des concertations nationales soi-disant publiques \u00e0 Kinshasa et des n\u00e9gociations \u00e0 huis-clos \u00e0 Kampala, expose la question cruciale des richesses du Congo au c\u0153ur du drame congolais et explique pourquoi, l\u2019Europe et plus pr\u00e9cis\u00e9ment la Belgique accorde une bonne note \u00e0 Kabila. Sur le huis-clos de Kampala [&hellip;]<\/p>\n","protected":false},"author":1,"featured_media":5935,"comment_status":"open","ping_status":"open","sticky":false,"template":"","format":"standard","meta":{"_acf_changed":false,"content-type":"","footnotes":""},"categories":[107,124],"tags":[],"class_list":["post-5928","post","type-post","status-publish","format-standard","has-post-thumbnail","hentry","category-analyses-commentaires","category-politique-societe"],"acf":[],"_links":{"self":[{"href":"https:\/\/congolobilelo.com\/IN\/wp-json\/wp\/v2\/posts\/5928","targetHints":{"allow":["GET"]}}],"collection":[{"href":"https:\/\/congolobilelo.com\/IN\/wp-json\/wp\/v2\/posts"}],"about":[{"href":"https:\/\/congolobilelo.com\/IN\/wp-json\/wp\/v2\/types\/post"}],"author":[{"embeddable":true,"href":"https:\/\/congolobilelo.com\/IN\/wp-json\/wp\/v2\/users\/1"}],"replies":[{"embeddable":true,"href":"https:\/\/congolobilelo.com\/IN\/wp-json\/wp\/v2\/comments?post=5928"}],"version-history":[{"count":0,"href":"https:\/\/congolobilelo.com\/IN\/wp-json\/wp\/v2\/posts\/5928\/revisions"}],"wp:featuredmedia":[{"embeddable":true,"href":"https:\/\/congolobilelo.com\/IN\/wp-json\/"}],"wp:attachment":[{"href":"https:\/\/congolobilelo.com\/IN\/wp-json\/wp\/v2\/media?parent=5928"}],"wp:term":[{"taxonomy":"category","embeddable":true,"href":"https:\/\/congolobilelo.com\/IN\/wp-json\/wp\/v2\/categories?post=5928"},{"taxonomy":"post_tag","embeddable":true,"href":"https:\/\/congolobilelo.com\/IN\/wp-json\/wp\/v2\/tags?post=5928"}],"curies":[{"name":"wp","href":"https:\/\/api.w.org\/{rel}","templated":true}]}}