{"id":5915,"date":"2013-09-07T17:19:57","date_gmt":"2013-09-07T17:19:57","guid":{"rendered":"http:\/\/www.ingeta.com\/?p=5915"},"modified":"2013-09-07T17:19:57","modified_gmt":"2013-09-07T17:19:57","slug":"guerres-et-massacres-au-congo-faut-il-surveiller-les-americains","status":"publish","type":"post","link":"https:\/\/congolobilelo.com\/IN\/guerres-et-massacres-au-congo-faut-il-surveiller-les-americains\/","title":{"rendered":"Guerres et massacres au Congo : Faut-il &#8220;surveiller&#8221; les Am\u00e9ricains?"},"content":{"rendered":"<p>\t\t\t\tPar <a href=\"http:\/\/www.agoravox.fr\/actualites\/international\/article\/guerres-et-massacres-au-congo-faut-140500\">Boniface Musavuli<\/a>.<\/p>\n<p><strong>A priori deux pays et deux peuples n\u2019ayant rien \u00e0 voir l\u2019un avec l\u2019autre. La R\u00e9publique D\u00e9mocratique du Congo et la Syrie. Sauf d\u2019\u00eatre les cibles concomitantes de l\u2019Am\u00e9rique et de ses alli\u00e9s militaires. Quelles que soient les explications qui pourront \u00eatre fournies pour justifier ces actions, les Etats-Unis se r\u00e9v\u00e8lent \u00eatre un empire militaire assez inqui\u00e9tant. Mais l\u2019occasion tombe \u00e0 point nomm\u00e9. Il \u00e9tait temps de savoir ce que subit un peuple, les Congolais, meurtri de fa\u00e7on r\u00e9currente dans le silence de la communaut\u00e9 internationale par deux alli\u00e9s des Etats-Unis. Les attaques rwando-ougandaises devaient \u00eatre men\u00e9es juste pendant que Washington \u00ab absorbe \u00bb l\u2019actualit\u00e9 internationale.<\/strong><\/p>\n<p>Il a fallu du temps pour relever de troublantes co\u00efncidences entre les emballements m\u00e9diatiques d\u00e9clench\u00e9s par Washington et les d\u00e9clenchements des op\u00e9rations arm\u00e9es contre le Congo \u00e0 partir du Rwanda et de l\u2019Ouganda, deux puissants alli\u00e9s du Pentagone en Afrique accueillant des coop\u00e9rants militaires am\u00e9ricains.\u00a0<strong>La derni\u00e8re semaine du mois de septembre<\/strong>\u00a0a \u00e9t\u00e9 marqu\u00e9e par une mont\u00e9e de fi\u00e8vre, Washington s\u2019appr\u00eatant \u00e0 mener des frappes contre la Syrie. C\u2019est exactement le moment que choisit le Rwanda pour\u00a0<a href=\"http:\/\/radiookapi.net\/actualite\/2013\/08\/30\/rdc-lonu-detient-des-informations-credibles-sur-le-soutien-du-rwanda-au-m23\/\" rel=\"nofollow\">d\u00e9p\u00eacher plusieurs bataillons sous le couvert du M23<\/a>\u00a0dans l\u2019Est du Congo et<a href=\"file:\/\/\/L:\/ROMAN\/Le%20sous-secr%C3%A9taire%20g%C3%A9n%C3%A9ral%20au%20maintien%20de%20la%20paix%20affirme%20que%20des%20soldats%20rwandais%20op%C3%A8rent%20dans%20l%E2%80%99est%20de%20la%20RDC.%20Il%20l%E2%80%99a%20dit%20au%20cours%20d%E2%80%99une%20r%C3%A9union%20tr%C3%A8s%20tendue%20du%20Conseil%20de%20s%C3%A9curit%C3%A9%20o%C3%B9%20si%C3%A8ge%20le%20Rwanda.\" rel=\"nofollow\">bombarder la ville de Goma<\/a>\u00a0en\u00a0<strong>violation de plusieurs r\u00e8gles du droit international dont la\u00a0<\/strong><a href=\"http:\/\/www.un.org\/fr\/documents\/charter\/chap1.shtml\" rel=\"nofollow\">Charte de l\u2019ONU<\/a><strong>\u00a0prohibant les actes d\u2019agression et les dispositions du Statut de Rome sur les\u00a0<\/strong><a href=\"http:\/\/www.icrc.org\/applic\/ihl\/dih.nsf\/INTRO\/585?OpenDocument\" rel=\"nofollow\">crimes de guerre et crimes contre l\u2019humanit\u00e9<\/a><strong>\u00a0<em>(bombardement des populations civiles)<\/em><\/strong>. L\u2019op\u00e9ration est<em>\u00ab\u00a0heureusement\u00a0\u00bb<\/em>\u00a0un tragique fiasco pour Kigali, l\u2019arm\u00e9e congolaise et les troupes tanzaniennes de la brigade d\u2019intervention de l\u2019ONU ayant r\u00e9ussi \u00e0 repousser\u00a0<a href=\"http:\/\/www.rtbf.be\/info\/monde\/detail_le-conseil-de-securite-se-penche-d-urgence-sur-les-violences-en-rdc?id=8077310\" rel=\"nofollow\">l\u2019agression<\/a>. C\u2019est aussi le moment que choisit l\u2019Ouganda, \u00e0 la grande surprise des Congolais,\u00a0pour\u00a0<a href=\"http:\/\/radiookapi.net\/actualite\/2013\/08\/26\/159420\/\" rel=\"nofollow\">franchir la fronti\u00e8re<\/a>\u00a0et occuper le territoire de Mahagi au Nord-Est du Congo. La violence des attaques et leur coordination interpellent. Hasard de calendrier\u00a0? S\u00fbrement pas.<\/p>\n<p><strong><em>De troublantes co\u00efncidences<\/em><\/strong><\/p>\n<p>Il y a pr\u00e8s d\u2019un an,\u00a0<strong>en novembre 2012<\/strong>, les arm\u00e9es rwandaise et ougandaise avaient lanc\u00e9 une op\u00e9ration \u00e9clair dans l\u2019Est du Congo sous couvert du M23 qui se termina par\u00a0<a href=\"http:\/\/www.michelcollon.info\/Goma-occupee-par-des-troupes.html\" rel=\"nofollow\">la prise de Goma<\/a>. Personne n\u2019avait relev\u00e9 que les m\u00e9dias internationaux \u00e9taient absorb\u00e9s par la campagne pr\u00e9sidentielle am\u00e9ricaine. On avait tenu l\u2019opinion internationale en haleine sur une possible d\u00e9faite de Barack Obama face \u00e0 Mitt Romney, juste ce qu\u2019il faut pour passer sous silence la fulgurante op\u00e9ration que les deux alli\u00e9s militaires des Etats-Unis, Museveni et Kagam\u00e9, menaient dans l\u2019Est du Congo. Un hasard de calendrier l\u00e0 aussi\u00a0?&#8230; Certainement pas.<\/p>\n<p>En tout cas, les co\u00efncidences se multiplient et ne laissent gu\u00e8re de place \u00e0 l\u2019hypoth\u00e8se de simples hasards de calendrier.<\/p>\n<p>Il y a cinq ans,\u00a0<strong>en octobre-novembre 2008<\/strong>, le CNDP, l\u2019anc\u00eatre du M23, moribond quelques semaines seulement auparavant, s\u2019\u00e9tait r\u00e9v\u00e9l\u00e9 d\u2019une\u00a0<a href=\"http:\/\/www.7sur7.be\/7s7\/fr\/1505\/Monde\/article\/detail\/468388\/2008\/10\/28\/Des-milliers-de-civils-en-fuite-en-RDC-l-ONU-attaque-les-rebelles.dhtml\" rel=\"nofollow\">puissance de feu \u00e9trangement d\u00e9routante<\/a>. L\u2019arm\u00e9e congolaise fut balay\u00e9e au bout de quelques jours de combats. Des milliers de soldats et de civils congolais furent jet\u00e9s dans la nature, terrifi\u00e9s par des massacres comme celui de\u00a0<a href=\"http:\/\/www.hrw.org\/fr\/reports\/2008\/12\/11\/massacres-kiwanja\" rel=\"nofollow\">Kiwanja<\/a>. Les autorit\u00e9s congolaises sign\u00e8rent un v\u00e9ritable acte de capitulation que sont les fameux\u00a0<a href=\"http:\/\/radiookapi.net\/files\/Accord-CNDP-Gvt-23-mars-2009-pdf.pdf\" rel=\"nofollow\">accords du 23 mars 2009<\/a>\u00a0et accept\u00e8rent, sur instruction de l\u2019administration Obama<a title=\"\" href=\"http:\/\/www.agoravox.fr\/actualites\/international\/article\/guerres-et-massacres-au-congo-faut-140500#_ftn1\" rel=\"nofollow\">[1]<\/a>, l\u2019entr\u00e9e des bataillons rwandais sur le territoire congolais. Officiellement pour traquer les rebelles hutus rwandais des FDLR. L\u2019accord fut en r\u00e9alit\u00e9 un pi\u00e8ge qui permit au Rwanda de disposer d\u2019<a href=\"http:\/\/www.jeuneafrique.com\/Article\/ARTJAWEB20120907084002\/\" rel=\"nofollow\">une v\u00e9ritable arm\u00e9e parall\u00e8le dans l\u2019Est du Congo<\/a>\u00a0comme cela a fini par \u00eatre r\u00e9v\u00e9l\u00e9. Une arm\u00e9e de chevaux de Troie en mission pour drainer les minerais de l\u2019Est du Congo vers le Rwanda<a title=\"\" href=\"http:\/\/www.agoravox.fr\/actualites\/international\/article\/guerres-et-massacres-au-congo-faut-140500#_ftn2\" rel=\"nofollow\">[2]<\/a>\u00a0o\u00f9 s\u2019activent des multinationales impliqu\u00e9es dans le trafic des minerais de sang<a title=\"\" href=\"http:\/\/www.agoravox.fr\/actualites\/international\/article\/guerres-et-massacres-au-congo-faut-140500#_ftn3\" rel=\"nofollow\">[3]<\/a>, anglo-saxonnes pour la plupart.<\/p>\n<p>Ce qu\u2019on a oubli\u00e9 de relever, c\u2019est que cette humiliante d\u00e9route de l\u2019arm\u00e9e congolaise se produisit au moment o\u00f9 le\u00a0<em>\u00ab\u00a0monde entier\u00a0\u00bb<\/em>\u00a0accompagnait le premier pr\u00e9sident noir \u00e0 la Maison Blanche. Personne n\u2019aurait imagin\u00e9 que pendant ce grand moment de fr\u00e9n\u00e9sie plan\u00e9taire aux cris de\u00a0<em>\u00ab\u00a0yes we can\u00a0\u00bb<\/em>, des mains occultes orchestraient un \u00e9ni\u00e8me carnage dans l\u2019Est du Congo, \u00e0 l\u2019insu de l\u2019opinion internationale. Une fois la fi\u00e8vre \u00e9lectorale retomb\u00e9e aux Etats-Unis, plus un seul coup de feu ne fut tir\u00e9 par les combattants\u00a0<em>rwando-ougandais<\/em>. Du moins, jusqu\u2019\u00e0 la\u00a0<em>\u00ab\u00a0prochaine occasion\u00a0\u00bb<\/em>.<\/p>\n<p><strong><em>Les myst\u00e8res de la Premi\u00e8re Guerre du Congo<\/em><\/strong><\/p>\n<p>\u00c7a commence \u00e0 faire beaucoup. Il semble que d\u00e8s la Premi\u00e8re Guerre du Congo, il fallait relever le lien entre les grands moments de l\u2019actualit\u00e9 internationale\u00a0<em>\u00ab\u00a0orchestr\u00e9e\u00a0\u00bb<\/em>\u00a0par les Etats-Unis et le lancement des op\u00e9rations militaires contre le Congo.<\/p>\n<p>En effet, on s\u2019est longtemps demand\u00e9 comment un pays de la taille du Rwanda, qui sortait d\u2019une guerre qui l\u2019avait saign\u00e9 sur le plan d\u00e9mographique et ruin\u00e9 sur le plan \u00e9conomique, a pu acqu\u00e9rir la capacit\u00e9 de terrasser un mastodonte de la taille du Za\u00efre\u00a0<em>(90 fois plus grand que le Rwanda)<\/em>\u00a0et men\u00e9 ses troupes jusqu\u2019\u00e0 Kinshasa, en moins de six mois. Les recherches entreprises plus tard ont r\u00e9v\u00e9l\u00e9 que plusieurs pays avaient \u00e9t\u00e9 m\u00eal\u00e9s \u00e0 l\u2019atroce\u00a0<em>\u00ab\u00a0aventure\u00a0\u00bb<\/em>. Mais la vitesse avec laquelle cette coalition s\u2019\u00e9tait form\u00e9e laissait perplexe. Des mains secr\u00e8tes avaient tout entrepris pour que\u00a0<strong>des Rwandais, des Ougandais, des Burundais, des Angolais, des Zimbabw\u00e9ens, et surtout des Am\u00e9ricains, des Britanniques et m\u00eame des Isra\u00e9liens se retrouvent tout d\u2019un coup ensemble, \u00e0 ce moment pr\u00e9cis,<\/strong>\u00a0pour mener l\u2019assaut contre le Za\u00efre du Mar\u00e9chal Mobutu.<\/p>\n<p>L\u00e0 aussi, un hasard de calendrier\u00a0? Surtout pas\u00a0! Le\u00a0<em>\u00ab\u00a0monde entier\u00a0\u00bb<\/em>\u00a0\u00e9tait alors scotch\u00e9 devant les \u00e9crans pour\u00a0<em>\u00ab\u00a0accompagner\u00a0\u00bb<\/em>\u00a0Bill Clinton vers son second mandat face au r\u00e9publicain Bob Dole. Personne, ou presque, ne pr\u00eata attention \u00e0 la boucherie qui se d\u00e9roulait dans les for\u00eats du Congo et \u00e0 une intense, mais discr\u00e8te, activit\u00e9 de l\u2019arm\u00e9e am\u00e9ricaine dans la r\u00e9gion des Grands Lacs. Personne n\u2019avait pr\u00eat\u00e9 attention \u00e0<strong>l\u2019int\u00e9r\u00eat croissant des Etats-Unis pour les ressources du Continent africain, exprim\u00e9 quelques ann\u00e9es plus t\u00f4t par l\u2019administration Clinton et aux effets d\u00e9vastateurs que ces int\u00e9r\u00eats \u00e9taient au point de produire sur le Congo, pays particuli\u00e8rement vis\u00e9 par Washington.\u00a0<\/strong>Personne ne pr\u00eatait attention aux dirigeants avec qui les Etats-Unis faisaient alliance en Afrique\u00a0<em>(Museveni et Kagam\u00e9)<\/em>\u00a0et \u00e0 la calamit\u00e9 qu\u2019ils mijotaient contre le Congo et qu\u2019il a fallu quelques ann\u00e9es pour commencer \u00e0 comprendre<a title=\"\" href=\"http:\/\/www.agoravox.fr\/actualites\/international\/article\/guerres-et-massacres-au-congo-faut-140500#_ftn4\" rel=\"nofollow\">[4]<\/a>.<\/p>\n<p>Lorsque la pression m\u00e9diatique retombe, et que Bill Clinton finit de s\u2019installer confortablement dans son second mandat, le dernier coup de feu a \u00e9t\u00e9 tir\u00e9 au Congo. Tout redevient calme. Sauf que\u00a0<strong>le Haut-Commissariat des Nations-Unies pour les R\u00e9fugi\u00e9s\u00a0<em>(HCR)<\/em>\u00a0ne retrouve plus ses r\u00e9fugi\u00e9s hutus.\u00a0<\/strong><a href=\"http:\/\/www.liberation.fr\/evenement\/0101209599-guerre-des-chiffres-plus-de-100-000-refugies-ont-disparu-mais-le-nombre-de-victimes-est-impossible-a-evaluer\" rel=\"nofollow\">Entre 100.000 et 400.000<\/a><strong>\u00a0d\u2019entre eux ont disparu, comme aval\u00e9 par un trou noir.<\/strong>\u00a0Les t\u00e9moignages sont \u00e9touff\u00e9s, discutables, mais lorsqu\u2019on met la main dessus, on imagine ais\u00e9ment l\u2019ampleur de l\u2019<a href=\"http:\/\/www.veritasinfo.fr\/article-rwanda-crimes-du-fpr-en-rdc-un-ex-soldat-exile-temoigne-117091307.html\" rel=\"nofollow\">horreur<\/a>\u00a0qui vient de se d\u00e9rouler, \u00e0 une\u00a0<em>\u00ab\u00a0vitesse \u00e9clair\u00a0\u00bb<\/em>, dans les for\u00eats du Congo. On sait seulement que les auteurs de ce massacre\u00a0<em>\u00ab\u00a0de haute vol\u00e9e\u00a0\u00bb<\/em>\u00a0n\u2019ont jamais \u00e9t\u00e9 inqui\u00e9t\u00e9s. Ca, au moins, \u00e7a ne peut pas \u00eatre le fait du hasard, les crimes ayant bel et bien \u00e9t\u00e9 commis. Il faudra attendre 2010, c\u2019est-\u00e0-dire 14 ans, pour que les enqu\u00eateurs de l\u2019ONU produisent un premier rapport<a title=\"\" href=\"http:\/\/www.agoravox.fr\/actualites\/international\/article\/guerres-et-massacres-au-congo-faut-140500#_ftn5\" rel=\"nofollow\">[5]<\/a>, assez timide, mais suffisant pour ouvrir juste une lorgnette sur cette effroyable\u00a0<em>\u00ab\u00a0exploit militaire\u00a0\u00bb<\/em>. Moins de six mois\u2026 Il doit y avoir un chef d\u2019orchestre dou\u00e9 d\u2019un g\u00e9nie froid derri\u00e8re ces men\u00e9es macabres.<\/p>\n<p><strong><em>SOS pour les populations du Congo\u00a0!<\/em><\/strong><\/p>\n<p>On est naturellement d\u00e9rout\u00e9 par l\u2019id\u00e9e que\u00a0<strong><em>\u00ab\u00a0la plus grande d\u00e9mocratie du monde\u00a0\u00bb<\/em>\u00a0puisse \u00eatre m\u00eal\u00e9e<a title=\"\" href=\"http:\/\/www.agoravox.fr\/actualites\/international\/article\/guerres-et-massacres-au-congo-faut-140500#_ftn6\" rel=\"nofollow\">[6]<\/a>\u00a0\u00e0 ces\u00a0<\/strong><a href=\"https:\/\/www.google.fr\/search?gs_rn=26&amp;gs_ri=psy-ab&amp;cp=11&amp;gs_id=17&amp;xhr=t&amp;q=guerre+au+congo&amp;bav=on.2,or.r_qf.&amp;bvm=bv.51495398,d.d2k&amp;biw=1280&amp;bih=899&amp;um=1&amp;ie=UTF-8&amp;hl=fr&amp;tbm=isch&amp;source=og&amp;sa=N&amp;tab=wi&amp;ei=KzwnUovuJvfcsASM6oD4DA#hl=fr&amp;q=massacre+au+congo&amp;tbm=isch&amp;um=1\" rel=\"nofollow\">guerres de massacre<\/a>. Mais on ne peut pas non plus ne pas soulever des interrogations sur Washington qui dispose de coop\u00e9rants militaires tr\u00e8s entreprenant<a title=\"\" href=\"http:\/\/www.agoravox.fr\/actualites\/international\/article\/guerres-et-massacres-au-congo-faut-140500#_ftn7\" rel=\"nofollow\">[7]<\/a>\u00a0au Rwanda et en Ouganda. Museveni et Kagam\u00e9 peuvent-ils vraiment envoyer des troupes \u00e0 r\u00e9p\u00e9tition dans l\u2019Est du Congo \u00e0 l\u2019insu du Pentagone et des\u00a0<a href=\"http:\/\/oeildafrique.com\/loccupation-de-la-rd-congo-par-le-rwanda\/\" rel=\"nofollow\">coop\u00e9rants militaires am\u00e9ricains<\/a>\u00a0? Des questions embarrassantes, mais qui devraient susciter l\u2019extr\u00eame vigilance sur le sort des Congolais. En tout cas, il va falloir d\u00e9sormais surveiller l\u2019actualit\u00e9 internationale domin\u00e9e par les Etats-Unis. Que les dirigeants am\u00e9ricains soient de bonne foi ou pas, par rapport aux trag\u00e9dies \u00e0 r\u00e9p\u00e9tition qui d\u00e9ciment femmes et enfants dans l\u2019Est du Congo, les co\u00efncidences deviennent suffisamment inqui\u00e9tantes pour que l\u2019histoire \u00e0 venir du Congo, face aux Etats-Unis, puisse faire l\u2019objet d\u2019une rigoureuse surveillance. Ne serait-ce que par compassion pour\u00a0<strong>les populations<\/strong>\u00a0<strong>innocentes<\/strong><strong>de l\u2019Est du Congo qui ne demandent qu\u2019\u00e0 vivre et qui m\u00e9ritent meilleur traitement de la part des<em>\u00ab\u00a0grands\u00a0pays civilis\u00e9s\u00a0\u00bb<\/em><\/strong>.<\/p>\n<p><strong><em>Parano\u00efaque ou \u00e9chaud\u00e9 \u00e0 raison\u00a0?<\/em><\/strong><\/p>\n<p>On peut d\u00e9j\u00e0 commencer \u00e0 s\u2019inqui\u00e9ter pour 2016, une ann\u00e9e annonc\u00e9e pour \u00eatre \u00e0 risque. Le Pr\u00e9sident Kabila finit son second mandat et on ne sait toujours pas s\u2019il envisage de\u00a0<a href=\"http:\/\/www.agoravox.fr\/actualites\/international\/article\/rd-congo-kabila-2016-130212\">se maintenir au pouvoir<\/a>. Mais surtout, de l\u2019autre c\u00f4t\u00e9 de l\u2019Atlantique, le Pr\u00e9sident Obama va c\u00e9der son fauteuil, limitation \u00e0 deux mandats oblige.\u00a0<strong>Co\u00efncidence explosive\u2026<\/strong>\u00a0Pour une fois, les\u00a0<em>\u00ab\u00a0amis\u00a0\u00bb<\/em>\u00a0du peuple congolais seraient bien inspir\u00e9s de ne point se passionner pour la campagne pr\u00e9sidentielle am\u00e9ricaine.\u00a0<strong>C\u2019est le contexte id\u00e9al dont profitent les\u00a0<em>\u00ab\u00a0bouchers\u00a0\u00bb<\/em>\u00a0de tous poils pour massacrer des populations sans d\u00e9fense dans l&#8217;Est du Congo<\/strong>. Mais en attendant 2016, il va falloir suivre avec attention une possible intervention am\u00e9ricaine en Syrie. On sait que le Rwanda, alli\u00e9 de Washington, masse des troupes dans la ville frontali\u00e8re de Gisenyi<a title=\"\" href=\"http:\/\/www.agoravox.fr\/actualites\/international\/article\/guerres-et-massacres-au-congo-faut-140500#_ftn8\" rel=\"nofollow\">[8]<\/a>.\u00a0<strong>Au premier bombardement en Syrie, ces troupes pourraient d\u00e9ferler sur Goma<\/strong>.<\/p>\n<p>Et il y a d\u00e9j\u00e0 des indices qui devraient inqui\u00e9ter au plus haut point. L\u2019envoy\u00e9e sp\u00e9ciale de l\u2019ONU,\u00a0<strong>Mary Robinson<\/strong>,\u00a0<strong>proche de Londres et Washington<\/strong>, r\u00e9p\u00e8te \u00e0 qui veut l\u2019entendre qu\u2019il faut une solution n\u00e9goci\u00e9e \u00e0 la crise actuelle de l\u2019Est du Congo<a title=\"\" href=\"http:\/\/www.agoravox.fr\/actualites\/international\/article\/guerres-et-massacres-au-congo-faut-140500#_ftn9\" rel=\"nofollow\">[9]<\/a>. Que faut-il n\u00e9gocier avec les individus qui ont largu\u00e9 des bombes sur la population de Goma et de Gisenyi\u00a0? Que faut-il n\u00e9gocier avec les individus qui avaient pill\u00e9 Goma en novembre 2012 et viol\u00e9 des dizaines de femmes<a title=\"\" href=\"http:\/\/www.agoravox.fr\/actualites\/international\/article\/guerres-et-massacres-au-congo-faut-140500#_ftn10\" rel=\"nofollow\">[10]<\/a>\u00a0? Faut-il que le Congo r\u00e9int\u00e8gre dans son arm\u00e9e de nouveaux Ntaganda qui ont longtemps paralys\u00e9 le pays sur le plan de la d\u00e9fense\u00a0? Les appels \u00e0 la n\u00e9gociation laissent les Congolais perplexes.\u00a0<strong>On demande l\u2019impensable \u00e0 un peuple, mais ce n\u2019est pas le sujet qui devrait retenir l\u2019attention. Il faut penser \u00e0 une prochaine attaque qui se pr\u00e9pare, les discours sur une\u00a0<em>\u00ab\u00a0solution n\u00e9goci\u00e9e\u00a0\u00bb<\/em>\u00a0ne servant qu\u2019\u00e0 distraire l\u2019arm\u00e9e et la population pour faciliter la victoire aux arm\u00e9es d\u2019agression<\/strong>.<\/p>\n<p>D\u00e9cid\u00e9ment, le Congo est la cible de trop de coups fourr\u00e9s et de complots meurtriers qui commencent seulement \u00e0 livrer quelques indices. Le p\u00e9ril est que trop de monde s\u2019y trouve m\u00eal\u00e9.<\/p>\n<p>On s\u2019est longtemps demand\u00e9 comment est-il possible\u00a0<strong>qu\u2019au 21<sup>\u00e8me<\/sup>\u00a0si\u00e8cle\u00a0<\/strong><a href=\"http:\/\/www.nytimes.com\/2010\/02\/07\/opinion\/07kristof.html?_r=0\" rel=\"nofollow\">la mort de six millions de personnes<\/a><strong>\u00a0passe quasiment \u00e0 l\u2019insu de l\u2019opinion internationale<\/strong>. Il n\u2019est pas rare, de se retrouver en Occident avec des gens qui ne savent m\u00eame pas situer la R\u00e9publique D\u00e9mocratique du Congo sur la carte.<strong>Le pays o\u00f9 se d\u00e9roule le plus grand massacre du monde est un illustre inconnu de l\u2019actualit\u00e9 internationale.<\/strong>\u00a0On commence \u00e0 y voir clair.<\/p>\n<p><strong>En faisant co\u00efncider les attaques contre le Congo avec les grands moments de l\u2019actualit\u00e9 internationale, on a chaque fois cr\u00e9\u00e9 un \u00e9pais rideau de fum\u00e9e que l\u2019opinion internationale peine toujours \u00e0 percer.<\/strong>\u00a0Quel m\u00e9dia serait aujourd\u2019hui audible en parlant du M23 pendant que le monde retient son souffle dans l\u2019angoisse d\u2019une possible attaque am\u00e9ricaine contre la Syrie\u00a0? Et pourtant des dizaines<a title=\"\" href=\"http:\/\/www.agoravox.fr\/actualites\/international\/article\/guerres-et-massacres-au-congo-faut-140500#_ftn11\" rel=\"nofollow\">[11]<\/a>, voire\u00a0<strong>des\u00a0<\/strong><a href=\"http:\/\/www.direct.cd\/2013\/08\/30\/centaines-soldats-rwandais-tues-kibati.html\" rel=\"nofollow\">centaines de soldats rwandais viennent de p\u00e9rir<\/a><strong>\u00a0dans les batailles au nord de Goma. Une b\u00e9r\u00e9zina qui aurait pu\u00a0<em>\u00ab\u00a0b\u00e9n\u00e9ficier\u00a0\u00bb<\/em>\u00a0d\u2019une couverture m\u00e9diatique plan\u00e9taire<\/strong>. Incognito\u2026 Sauf pour les familles des soldats rwandais.<\/p>\n<p>Mais qui aurait imagin\u00e9 une telle coordination des op\u00e9rations arm\u00e9es contre deux pays si diff\u00e9rents\u00a0<em>(RD Congo et Syrie)<\/em>. Des agents au Pentagone\u00a0?<\/p>\n<p>On aboutit \u00e0 l\u2019angoissante conclusion que les massacres des populations dans l\u2019Est du Congo, depuis maintenant 17 ans, ont les allures d\u2019un\u00a0<em>\u00ab\u00a0<strong>\u00a0chef-d\u2019\u0153uvre\u00a0\u00bb<\/strong><\/em><strong>\u00a0ultra-macabre r\u00e9alis\u00e9 de main de ma\u00eetre suivant un timing rigoureusement calibr\u00e9<\/strong>.<\/p>\n<p>Effrayant\u2026<br \/>\n<\/br><br \/>\n<em>Boniface Musavuli<\/em><br \/>\n&nbsp;<\/p>\n<p>&nbsp;\t\t<\/p>\n","protected":false},"excerpt":{"rendered":"<p>Par Boniface Musavuli. A priori deux pays et deux peuples n\u2019ayant rien \u00e0 voir l\u2019un avec l\u2019autre. La R\u00e9publique D\u00e9mocratique du Congo et la Syrie. Sauf d\u2019\u00eatre les cibles concomitantes de l\u2019Am\u00e9rique et de ses alli\u00e9s militaires. Quelles que soient les explications qui pourront \u00eatre fournies pour justifier ces actions, les Etats-Unis se r\u00e9v\u00e8lent \u00eatre [&hellip;]<\/p>\n","protected":false},"author":1,"featured_media":5916,"comment_status":"open","ping_status":"open","sticky":false,"template":"","format":"standard","meta":{"_acf_changed":false,"content-type":"","footnotes":""},"categories":[107,120,124],"tags":[],"class_list":["post-5915","post","type-post","status-publish","format-standard","has-post-thumbnail","hentry","category-analyses-commentaires","category-mondialisation","category-politique-societe"],"acf":[],"_links":{"self":[{"href":"https:\/\/congolobilelo.com\/IN\/wp-json\/wp\/v2\/posts\/5915","targetHints":{"allow":["GET"]}}],"collection":[{"href":"https:\/\/congolobilelo.com\/IN\/wp-json\/wp\/v2\/posts"}],"about":[{"href":"https:\/\/congolobilelo.com\/IN\/wp-json\/wp\/v2\/types\/post"}],"author":[{"embeddable":true,"href":"https:\/\/congolobilelo.com\/IN\/wp-json\/wp\/v2\/users\/1"}],"replies":[{"embeddable":true,"href":"https:\/\/congolobilelo.com\/IN\/wp-json\/wp\/v2\/comments?post=5915"}],"version-history":[{"count":0,"href":"https:\/\/congolobilelo.com\/IN\/wp-json\/wp\/v2\/posts\/5915\/revisions"}],"wp:featuredmedia":[{"embeddable":true,"href":"https:\/\/congolobilelo.com\/IN\/wp-json\/"}],"wp:attachment":[{"href":"https:\/\/congolobilelo.com\/IN\/wp-json\/wp\/v2\/media?parent=5915"}],"wp:term":[{"taxonomy":"category","embeddable":true,"href":"https:\/\/congolobilelo.com\/IN\/wp-json\/wp\/v2\/categories?post=5915"},{"taxonomy":"post_tag","embeddable":true,"href":"https:\/\/congolobilelo.com\/IN\/wp-json\/wp\/v2\/tags?post=5915"}],"curies":[{"name":"wp","href":"https:\/\/api.w.org\/{rel}","templated":true}]}}