{"id":5909,"date":"2013-09-10T16:49:29","date_gmt":"2013-09-10T16:49:29","guid":{"rendered":"http:\/\/www.ingeta.com\/?p=5909"},"modified":"2013-09-10T16:49:29","modified_gmt":"2013-09-10T16:49:29","slug":"concertations-nationales-notre-histoire","status":"publish","type":"post","link":"https:\/\/congolobilelo.com\/IN\/concertations-nationales-notre-histoire\/","title":{"rendered":"Pourquoi les concertations nationales falsifient notre histoire et notre m\u00e9moire collective"},"content":{"rendered":"<p>\t\t\t\tL&#8217;analyste politique Jean-Pierre Mbelu d\u00e9crypte le sens et les enjeux de concertations nationales qui ont d\u00e9but\u00e9 le 7 septembre 2013 \u00e0 Kinshasa, montre comment le gouvernement fant\u00f4che de Kinshasa s&#8217;attache \u00e0 falsifier l&#8217;histoire r\u00e9cente du Congo, explique pourquoi la guerre au Congo n&#8217;est pas une guerre classique, mais plut\u00f4t une guerre en r\u00e9seau, et nous apporte une lecture africaine et congolaise de la guerre en Syrie.<\/p>\n<p><iframe loading=\"lazy\" width=\"560\" height=\"315\" src=\"\/\/www.youtube.com\/embed\/DMYPkjYXBFo\" frameborder=\"0\" allowfullscreen><\/iframe><\/p>\n<p><strong>Sur l&#8217;objet des concertations nationales<\/strong><\/p>\n<blockquote><p>Quelle est la l\u00e9gitimit\u00e9 qui permet \u00e0 Jospeh Kabila de pouvoir convoquer les concertations nationales apr\u00e8s les \u00e9lections chaotiques de novembre et d\u00e9cembre 2011?<br \/>\nIl y a dans la convocation de ces concertations dites nationales une qu\u00eate de l\u00e9gitimit\u00e9, qui est au coeur des pr\u00e9occupations de Kabila depuis qu&#8217;il a usurp\u00e9 le pouvoir apr\u00e8s l&#8217;assassinat de Laurent D\u00e9sir\u00e9 Kabila.<br \/>\nCes concertations sont nulles et de nulle effet, et cela d&#8217;autant plus qu&#8217;elles ont \u00e9t\u00e9 pr\u00e9c\u00e9d\u00e9es par une rencontre \u00e0 Kampala qui a falsifi\u00e9 notre histoire et qui remet autour d&#8217;une m\u00eame table, le gouvernement fant\u00f4che de Kinshasa et un groupe de mercenaires au service du r\u00e9seau transnational de pr\u00e9dation.<\/p><\/blockquote>\n<p>\n<strong>Sur le discours d&#8217;introduction des concertations nationales<\/strong><\/p>\n<blockquote><p>Son discours fait partie de tous ces discours que Kabila d\u00e9bite depuis qu&#8217;il a usurp\u00e9 le pouvoir et qu&#8217;il ne respecte jamais. Ce sont des propos pour amuser la galerie.<br \/>\nComme il sait que plusieurs d&#8217;entre nous se laissent prendre par les discours, et ne prennent jamais le temps de confronter ses discours \u00e0 la r\u00e9alit\u00e9, il continue avec ses discours surtout pour ceux qui ont fait le choix d&#8217;aller chercher un peu de sous, \u00e0 ces concertations dites nationales.<br \/>\nComment peut-on pr\u00e9tendre aller aux concertations nationales apr\u00e8s avoir enferm\u00e9 arbitrairement certains acteurs politiques en prison (sans que leur immunit\u00e9 ait \u00e9t\u00e9 lev\u00e9e)?<br \/>\nComment peut-on pr\u00e9tendre aller aux concertations nationales de mani\u00e8re apais\u00e9e pendant que 99% de notre population se partage 1% de la richesse que le Congo produit tandis que les 99% sont accapar\u00e9es par le r\u00e9seau transnational de pr\u00e9dation.<br \/>\nAu Congo, il n&#8217;y a pas de justice sociale, il n&#8217;y a pas d&#8217;effort concert\u00e9 pour que nos populations puissent subvenir \u00e0 leurs besoins \u00e9l\u00e9mentaires (eau, emploi, sant\u00e9, \u00e9ducation, logement, alimentation).<\/p><\/blockquote>\n<p>\n<strong>Sur l&#8217;opposition politique aux concertations nationales<\/strong><\/p>\n<blockquote><p>Il y a sans doute des compatriotes qui, avec les moyens du bord, essaient de se battre pour remettre le pays sur les bons rails. Mais il ne faut pas oublier que cette opposition fait partie du syst\u00e8me qui avilit nos populations. Majorit\u00e9 ou opposition, pour beaucoup, sont des oiseaux de m\u00eame plumage, issus des diff\u00e9rentes r\u00e9bellions cr\u00e9\u00e9es par Museveni et Kagam\u00e9. Ils font partie de ce r\u00e9seau de pr\u00e9dation d\u00e9nonc\u00e9 d\u00e8s 2002 par le rapport Kassem du groupe des experts de l&#8217;ONU.<br \/>\nPar ailleurs, avons-nous r\u00e9ellement des forces acquises au changement capables de planifier des actions qu&#8217;ils peuvent poser sur le court, moyen et long terme sans situer dans cette position de toujours r\u00e9agir \u00e0 ce que le gouvernement fant\u00f4che de Kinshasa peut faire?<br \/>\nOn a toujours l&#8217;impression que ces &#8220;forces du changement&#8221; attendent que le gouvernement fant\u00f4che agisse pour r\u00e9agir. Il faut \u00eatre proactif et non r\u00e9actif.<\/p><\/blockquote>\n<p>\n<strong>Sur la place de ces concertations nationales dans notre histoire commune<\/strong><\/p>\n<blockquote><p>Tant que la v\u00e9rit\u00e9, la justice ne seront pas dites et faites sur ce qui s&#8217;est pass\u00e9 dans notre pays \u00e0 partir de la guerre de basse intensit\u00e9 qui nous a \u00e9t\u00e9 impos\u00e9e depuis les ann\u00e9es 1990, de mani\u00e8re officielle et sur la place publique, nous risquons de ne pas beaucoup avancer.  Il y a eu et il y a des crimes de guerre, des crimes contre l&#8217;humanit\u00e9 au Congo, il y a des rapports qui ont \u00e9t\u00e9 produits&#8230; L&#8217;effort qui est d\u00e9ploy\u00e9 aujourd&#8217;hui, avec notamment ces concertations nationales, a pour but de torpiller, falsifier et m\u00eame effacer toute ces histoires.<\/p><\/blockquote>\n<p>\n<strong>Sur le refus de Kamerhe de participer aux concertations nationales<\/strong><\/p>\n<blockquote><p>Il y a une coh\u00e9rence dans le discours de l&#8217;UNC, mais Comme Kamerhe a particip\u00e9 \u00e0 la conclusion de plusieurs accords dans notre pays, il n&#8217;aborde pas les questions de fond. Les textes de l&#8217;UNC ne questionnent pas les accords sur lesquels Vital Kamerhe et son parti fondent leur argumentaire.<br \/>\nQui fabrique ces accords que les acteurs congolais ou ceux qui leur sont assimil\u00e9s signent? Pourquoi certains acteurs de la communaut\u00e9 dite internationale sont-ils exclus de la fabrication de ces accords l\u00e0?<br \/>\nOn confectionne les accords ailleurs et ensuite, on demande aux acteurs politiques congolais (ou ceux qui en font office) de pouvoir les signer et les appliquer.<br \/>\nNous voyons tous ce qui se passe en Syrie. On nous dit, il y a eu usage d&#8217;armes chimiques, on doit punir la Syrie, d&#8217;une part, et d&#8217;autre part, ceux qui ont tu\u00e9 chez nous, plus de 6 millions de congolais ne sont ni inqui\u00e9t\u00e9s ni bombard\u00e9s&#8230;Et certains continuent de croire que c&#8217;est avec ces gens-l\u00e0 qu&#8217;on va pouvoir tabler sur des accords et trouver des m\u00e9canismes de sortie de ce qu&#8217;on appelle &#8220;crise&#8221;.<br \/>\nIl faudrait que Kamerhe se rende compte que ce sont les m\u00eames qui soutiennent les agresseurs du Congo qui de temps en temps, \u00e9crivent ces accords et rapports et les imposent aux congolais.<\/p><\/blockquote>\n<p>\n<strong>Sur la guerre en r\u00e9seau<\/strong><\/p>\n<blockquote><p>La guerre au Congo n&#8217;est pas une guerre classique, avec le Rwanda et l&#8217;Ouganda qui attaquent et le Congo qui riposte. Non. C&#8217;est une guerre men\u00e9e en r\u00e9seau. Le r\u00e9seau traverse le Rwanda, l&#8217;Ouganda, le Burundi et le Congo (et certains autres pays comme l&#8217;Afrique du Sud). Vous avez des acteurs dans tous ces pays l\u00e0 qui participent \u00e0 cette guerre d&#8217;usure et de pr\u00e9dation. Ainsi, \u00e0 chaque fois qu&#8217;une contre-attaque congolaise est organis\u00e9e, celle-ci est d\u00e9structur\u00e9e de l&#8217;int\u00e9rieur.<br \/>\nCe qu&#8217;il nous faut faire, c&#8217;est d&#8217;abord d\u00e9manteler le r\u00e9seau, identifier les acteurs qui op\u00e8rent au sein de ce r\u00e9seau, identifier les \u00e9v\u00e9nements profonds. C&#8217;est ce r\u00e9seau tentaculaire qui provoque la violence pour pouvoir cr\u00e9er la violence et justifier la permanence de cette guerre d&#8217;usure et de basse intensit\u00e9. <\/p><\/blockquote>\n<p>\n<strong>Sur la strat\u00e9gie de Paul Kagam\u00e9<\/strong><\/p>\n<blockquote><p>Kagame partage certaines strat\u00e9gies avec ses parrains. Comme la strat\u00e9gie de fabrication des \u00e9v\u00e9nements profonds. Les \u00e9v\u00e9nements profonds \u00e9taient des pr\u00e9textes fabriqu\u00e9s de toutes pi\u00e8ces par les membres d&#8217;un r\u00e9seau donn\u00e9 pour justifier 1. la cr\u00e9ation de la riposte violente, 2. l&#8217;entretien d&#8217;une guerre permanente, 3. la pr\u00e9dation.<br \/>\nCette strat\u00e9gie consiste aussi \u00e0 cr\u00e9er des \u00e9v\u00e9nements profonds pendant les temps de paix. C&#8217;est ainsi qu&#8217;il a proc\u00e9d\u00e9 avec l&#8217;AFDL, le RCD, le CNDP et le M23. <\/p><\/blockquote>\n<p>\n<strong>Sur la rencontre Kabila\/Kagam\u00e9 \u00e0 Kampala<\/strong><\/p>\n<blockquote><p>Il est plus important de se concentrer sur le fonctionnement du r\u00e9seau que de se focaliser sur la personnalit\u00e9 de Kabila. L&#8217;efficacit\u00e9 de ce r\u00e9seau transnational de pr\u00e9dation est li\u00e9e \u00e0 ces rencontres, \u00e0 des \u00e9changes entre ces membres. Se focaliser sur la rencontre ou non de Kabila et Kagam\u00e9 \u00e0 Kampala, c&#8217;est faire comme si les membres de ce r\u00e9seau ne devaient pas communiquer entre eux. Ils communiquent et pas qu&#8217;\u00e0 Kampala. Ils sont en contact permanent parce qu&#8217;ils doivent faire fonctionner le r\u00e9seau.<br \/>\nAinsi nos militaires qui meurent au front, ne meurent pas pour le Congo. Ils meurent pour la protection des industries qui exploitent les mati\u00e8res premi\u00e8res du Congo \u00e0 moindre frais. Ils sont instrumentalis\u00e9s par le r\u00e9seau pour faire croire qu&#8217;ils meurent pour le Congo, voire le Rwanda ou l&#8217;Ouganda.<\/p><\/blockquote>\n<p>\n<strong>Sur la lecture africaine et congolaise de la crise en Syrie<\/strong><\/p>\n<blockquote><p>1\u00e8re le\u00e7on: Nous devrions nous habituer \u00e0 consulter les m\u00e9dias alternatifs. Nous sommes trop prisonniers de m\u00e9dias dominants qui font partie des m\u00e9dias mensonges et qui sont pour la plupart les m\u00e9dias de ceux qui orchestrent les guerres \u00e0 travers le monde.<br \/>\n2\u00e8me le\u00e7on: C&#8217;est la fin du monde unique. Les ex-grandes puissances ont beau crier chercher \u00e0 punir mais il y a une r\u00e9alit\u00e9 qui est en train d&#8217;exploser en plein jour, c&#8217;est la fin du monde unipolaire. Le fait que les USA ont du mal avec la Chine et la Russie au conseil de s\u00e9curit\u00e9 de l&#8217;ONU prouve que nous sommes en train de participer \u00e0 la naissance d&#8217;un monde multipolaire. Ni les USA, ni la Grande-Bretagne, ni la France, aucun de ces 3 pays n&#8217;est capable aujourd&#8217;hui d&#8217;intervenir en Syrie, seul.<br \/>\n3\u00e8me le\u00e7on: Toutes ces guerres de pr\u00e9dation ont comme fondement des mensonges. Ceux qui fabriquent ces guerres sont pour la plupart des capitalistes sans scrupules et ils ont perdu toute base, tout fondement \u00e9thique.<br \/>\n4\u00e8me le\u00e7on: Nous congolais, nous devons apprendre \u00e0 rompre avec des strat\u00e9gies qui nous enferment dans le monde d&#8217;avant ce monde multipolaire. Nous travaillons trop avec les grandes puissances sur le d\u00e9clin et nous devrions d\u00e9velopper davantage des orientations strat\u00e9giques en direction des puissances qui aujourd&#8217;hui \u00e9voquent le respect du droit international.<br \/>\n5\u00e8me le\u00e7on: Nous sommes en train de tendre vers un monde o\u00f9 la paix ou risque de l&#8217;emporter sur la guerre. Les opinions publiques des pays occidentaux ont prouv\u00e9 de plus en plus qu&#8217;elles sont contre la guerre et que nous devrions embo\u00eeter le pas \u00e0 ces opinions qui s&#8217;expriment aujourd&#8217;hui sans aucune crainte.<\/p><\/blockquote>\n","protected":false},"excerpt":{"rendered":"<p>L&#8217;analyste politique Jean-Pierre Mbelu d\u00e9crypte le sens et les enjeux de concertations nationales qui ont d\u00e9but\u00e9 le 7 septembre 2013 \u00e0 Kinshasa, montre comment le gouvernement fant\u00f4che de Kinshasa s&#8217;attache \u00e0 falsifier l&#8217;histoire r\u00e9cente du Congo, explique pourquoi la guerre au Congo n&#8217;est pas une guerre classique, mais plut\u00f4t une guerre en r\u00e9seau, et nous [&hellip;]<\/p>\n","protected":false},"author":1,"featured_media":5910,"comment_status":"open","ping_status":"open","sticky":false,"template":"","format":"standard","meta":{"_acf_changed":false,"content-type":"","footnotes":""},"categories":[107,124],"tags":[],"class_list":["post-5909","post","type-post","status-publish","format-standard","has-post-thumbnail","hentry","category-analyses-commentaires","category-politique-societe"],"acf":[],"_links":{"self":[{"href":"https:\/\/congolobilelo.com\/IN\/wp-json\/wp\/v2\/posts\/5909","targetHints":{"allow":["GET"]}}],"collection":[{"href":"https:\/\/congolobilelo.com\/IN\/wp-json\/wp\/v2\/posts"}],"about":[{"href":"https:\/\/congolobilelo.com\/IN\/wp-json\/wp\/v2\/types\/post"}],"author":[{"embeddable":true,"href":"https:\/\/congolobilelo.com\/IN\/wp-json\/wp\/v2\/users\/1"}],"replies":[{"embeddable":true,"href":"https:\/\/congolobilelo.com\/IN\/wp-json\/wp\/v2\/comments?post=5909"}],"version-history":[{"count":0,"href":"https:\/\/congolobilelo.com\/IN\/wp-json\/wp\/v2\/posts\/5909\/revisions"}],"wp:featuredmedia":[{"embeddable":true,"href":"https:\/\/congolobilelo.com\/IN\/wp-json\/"}],"wp:attachment":[{"href":"https:\/\/congolobilelo.com\/IN\/wp-json\/wp\/v2\/media?parent=5909"}],"wp:term":[{"taxonomy":"category","embeddable":true,"href":"https:\/\/congolobilelo.com\/IN\/wp-json\/wp\/v2\/categories?post=5909"},{"taxonomy":"post_tag","embeddable":true,"href":"https:\/\/congolobilelo.com\/IN\/wp-json\/wp\/v2\/tags?post=5909"}],"curies":[{"name":"wp","href":"https:\/\/api.w.org\/{rel}","templated":true}]}}