{"id":5898,"date":"2013-09-01T02:54:34","date_gmt":"2013-09-01T02:54:34","guid":{"rendered":"http:\/\/www.ingeta.com\/?p=5898"},"modified":"2013-09-01T02:54:34","modified_gmt":"2013-09-01T02:54:34","slug":"lambert-mende-et-la-strategie-de-paul-kagame-suite-et-fin","status":"publish","type":"post","link":"https:\/\/congolobilelo.com\/IN\/lambert-mende-et-la-strategie-de-paul-kagame-suite-et-fin\/","title":{"rendered":"Lambert Mende et la strat\u00e9gie de Paul Kagame  (suite et fin)"},"content":{"rendered":"<p>\t\t\t\tPar Jean-Pierre Mbelu<\/p>\n<p><strong>Le vendredi 30 ao\u00fbt 2013, Lambert Mende a tenu une autre conf\u00e9rence de presse (apr\u00e8s celle du jeudi 22 ao\u00fbt 2013) \u00e0 Kinshasa. Son gouvernement serait, semble-t-il, pr\u00eat-\u00e0-porter plainte contre le Rwanda. A partir des extraits de cette conf\u00e9rence de presse, Lambert Mende ne dit pas ce qui a chang\u00e9 depuis le retrait de la premi\u00e8re plainte d\u00e9pos\u00e9 contre le m\u00eame pays en 1999 par le gouvernement de Mzee Kabila. D\u2019o\u00f9 le doute que suscite ce discours tenu par un membre d\u2019un gouvernement fantoche dont plusieurs comp\u00e8res servent les m\u00eames int\u00e9r\u00eats que le Rwanda de Paul Kagame. Il nous semble que l\u2019interconnexion nationale, africaine et internationale des \u00ab Etats profonds \u00bb (ou des gouvernements parall\u00e8les) impliqu\u00e9s dans \u00ab la Shoah congolaise \u00bb ne soit pas de nature \u00e0 faciliter une plainte contre Paul Kagame devant les juridictions internationales. Apparemment, les d\u00e9s sont pip\u00e9s.<\/strong><\/p>\n<p>R\u00e9sister contre la guerre raciste de pr\u00e9dation men\u00e9e contre la RDC exige (aussi) une bonne ma\u00eetrise des strat\u00e9gies auxquelles recourent les r\u00e9seaux mafieux qui la m\u00e8nent en en localisant les r\u00e9seaux et en en identifiant les acteurs majeurs, les acteurs mineurs et\/ou les marionnettes. La premi\u00e8re partie de cet article s\u2019est inscrite dans cette perspective en partant des \u00e9tudes men\u00e9es par Bernard Lugan et Peter Dale Scott. Ce dernier nous a aid\u00e9 \u00e0 comprendre comment, en bon \u00e9l\u00e8ve des Yankees, Paul Kagame et ses alli\u00e9s de l\u2019Afrique centrale, fabriquent \u00ab les \u00e9v\u00e9nements profonds \u00bb avant de se pr\u00e9senter avec ses escadrons de la mort en pompier. M\u00e9galomanes et esclaves du capitalisme du d\u00e9sastre, Paul Kagame et \u00ab ses ma\u00eetres \u00bb ont perdu toute boussole \u00e9thique et travaillent \u00e0 l\u2019expansion de \u00ab la la tol\u00e9rance culturelle \u00e0 la violence et au meurtre \u00bb en recourant en permanence au mensonge \u00e9hont\u00e9 et \u00e0 la manipulation m\u00e9diatique. Dans cette deuxi\u00e8me partie, tout en revenant sur \u00ab les \u00e9v\u00e9nements profonds \u00bb tels que Paul Kagame et ses alli\u00e9s poursuivent leur fabrication, nous chercherons \u00e0 montrer comment il est difficile au gouvernement fantoche de Kinshasa de \u00ab se diriger vers des juridictions internationales \u00bb au regard du poids de certains acteurs majeurs instrumentalisant le \u00ab Hitler Africain \u00bb. L\u2019implication de certains allemands dans ce qu\u2019il est convenu d\u2019appeler \u00ab la Shoah congolaise \u00bb, si elle est prouv\u00e9e par exemple, \u00e9tonneraient ceux qui savent que les complices de Hitler (l\u2019allemand) dans \u00ab la Shoah juive \u00bb (de 1940 \u00e0 1945) sont encore poursuivis par les juridictions allemandes jusqu\u2019\u00e0 ce jour. Cette implication s\u00e8me le doute quant \u00e0 la menace du gouvernement de Kinshasa de traduire Paul Kagame devant les juridictions internationales. Cela d\u2019autant plus que les rapports accablants r\u00e9dig\u00e9s depuis les ann\u00e9es 90 et pr\u00e9c\u00e9dant la derni\u00e8re r\u00e9union du conseil de s\u00e9curit\u00e9 n\u2019ont m\u00eame pas abouti \u00e0 une simple proposition d\u2019un Tribunal P\u00e9nal International pour la RDC.<\/p>\n<p>En effet, au cours d\u2019une conf\u00e9rence de presse tenue ce vendredi 30 ao\u00fbt 2013 \u00e0 Kinshasa, Lambert Mende, faisant allusion \u00e0 la r\u00e9union du conseil de s\u00e9curit\u00e9 tenue \u00e0 huis clos jeudi 29 ao\u00fbt 2013, a dit ceci : \u00ab La communaut\u00e9 internationale vient de comprendre, il n\u2019y a m\u00eame pas 48 heures, la justesse de nos d\u00e9nonciations. \u00bb A plusieurs reprises, en effet, Lambert Mende a affirm\u00e9 que les tirs d\u2019obus tomb\u00e9s sur la ville de Goma \u00e9taient tir\u00e9s \u00e0 partir du Rwanda et que ce pays soutient le M23 dans la poursuite de \u00ab l\u2019holocauste congolaise \u00bb. Et au cours de ladite r\u00e9union du conseil de s\u00e9curit\u00e9 \u00ab l\u2019ONU a dit d\u00e9tenir des \u2018\u2019informations cr\u00e9dibles et coh\u00e9rentes\u2019\u2019 sur un soutien de l\u2019arm\u00e9e rwandaise aux rebelles du M23 dans les combats en RDC \u00bb, selon la radio onusienne Okapi.<\/p>\n<p>Fort de cette confirmation de ses d\u00e9nonciations, Lambert Mende (au nom de son gouvernement) estime que \u00ab s\u2019il n\u2019y a pas un entendement beaucoup plus positif dans la r\u00e9gion, on va devoir se diriger vers des juridictions internationales. \u00bb (Soulignons qu\u2019il n\u2019y a pas que l\u2019arm\u00e9e rwandaise qui a fait son incursion (officielle) sur le territoire de la RDC par le M23 interpos\u00e9, une partie de l\u2019arm\u00e9e ougandaise (soutien au M23) est aussi pr\u00e9sente dans la Province Orientale.) Que pourrait signifier pour le gouvernement fantoche de Kinshasa \u00ab un entendement beaucoup plus positif dans la r\u00e9gion \u00bb de cette guerre raciste de basse intensit\u00e9 et de pr\u00e9dation ? Que le M23 (c\u2019est-\u00e0-dire une bonne partie de l\u2019arm\u00e9e rwandaise en RDC) d\u00e9pose ses armes et aille aux \u00ab concertations nationales \u00bb \u00e0 Kinshasa afin qu\u2019\u00e0 l\u2019issue de celles-ci il fasse partie du gouvernement d\u2019union nationale ? Que Kagame arr\u00eate de fabriquer \u00ab des \u00e9v\u00e9nements profonds \u00bb et les mercenaires ? Si Lambert Mende attend n\u00e9gocier avec le M23 \u00e0 Kampala ou \u00e0 Kinshasa, la RDC ne sera pas sortie de l\u2019auberge. Pour cause. La strat\u00e9gie de Kagame utilis\u00e9e lors de l\u2019int\u00e9gration du RCD auquel Mende a appartenu dans l\u2019arm\u00e9e et les autres institutions congolaises sera reconduite. Pour rappel, voici comment Paul Kagame proc\u00e8de : \u00ab A travers des mouvements comme le CNDP, le Rwanda pratiquait une v\u00e9ritable strat\u00e9gie du chaos destin\u00e9 \u00e0 interdire le retour de la r\u00e9gion dans le giron de Kinshasa. Cette strat\u00e9gie \u00e9tait double :<br \/>\n-durant les phases de paix, Kigali faisait int\u00e9grer un maximum de Tutsi dans les FARDC, sa mainmise sur la r\u00e9gion s\u2019op\u00e9rant ainsi \u00e0 travers l\u2019arm\u00e9e congolaise ;<br \/>\n-quand Kinshasa tentait de reprendre le contr\u00f4le de la r\u00e9gion en d\u00e9pla\u00e7ant les unit\u00e9s ailleurs dans le pays, ces derniers se mutinaient.[1] \u00bb<\/p>\n<p>Insistons Bernard Lugan fait allusion au CNDP. Il y a moyen de remonter \u00e0 l\u2019AFDL et au RCD. Ces deux mouvements ont aussi contribu\u00e9 \u00e0 la strat\u00e9gie du chaos. Ils ont inond\u00e9 l\u2019arm\u00e9e et la police congolaises des \u00e9l\u00e9ments acquis \u00e0 la cause de Kigali. Ces \u00e9l\u00e9ments se retrouvent aujourd\u2019hui sur toute l\u2019\u00e9tendue du territoire congolais. (A Kananga, \u00e0 l\u2019EFO, il y a une r\u00e9serve de plus ou moins 3000 milles \u00e9l\u00e9ments.) Ils participent de la politique du chaos pratiqu\u00e9e par Kinshasa. (Plusieurs d\u2019entre eux ont facilit\u00e9 les fraudes \u00e9lectorales en 2006 et 2011. Ils sont impliqu\u00e9s dans les arrestations arbitraires et les ex\u00e9cutions extrajudiciaires. Ils ont tir\u00e9 \u00e0 balle r\u00e9elle sur nos jeunes partis accueillir leur leader politique \u00e0 l\u2019a\u00e9roport de N\u2019Djili le 26 novembre 2011. Ils gardent jusqu\u2019\u00e0 ce jour ce leader en r\u00e9sidence surveill\u00e9e.)<\/p>\n<p>A ce point nomm\u00e9, nous pouvons d\u00e9j\u00e0 \u00e9mettre l\u2019hypoth\u00e8se selon laquelle le gouvernement fantoche de Kinshasa auquel appartient Lambert Mende ne pourra pas facilement oser \u00ab saisir les juridictions internationales \u00bb au sujet de \u00ab la shoah congolaise \u00bb. Plusieurs de ses membres y participent activement. (Rappelons que Lambert Memde et Joseph Kabila avaient convaincu les plus na\u00effs d\u2019entre nous que Bosco Ntaganda, un mercenaire au service de Kigali, \u00e9tait indispensable \u00e0 la paix dans la partie Est de notre pays\u2026)<br \/>\nLa strat\u00e9gie du chaos entretenue par les r\u00e9seaux mafieux de pr\u00e9dation en Afrique centrale viserait, \u00e0 long terme, la transformation du Rwanda en un point de la d\u00e9stabilisation et une d\u00e9structuration permanentes de ses voisins pour une exploitation frauduleuse des mati\u00e8res premi\u00e8res strat\u00e9giques. Encore un secret de polichinelle ! Et cela en multipliant \u00ab les \u00e9v\u00e9nements profonds \u00bb \u00e0 partir \u00ab des Etats profonds \u00bb diss\u00e9min\u00e9s \u00e0 travers cette partie de l\u2019Afrique.<\/p>\n<p>Rappelons qu\u2019 \u00ab un Etat profond est une puissante coalition de forces ayant les m\u00eames objectifs, et regroupant des r\u00e9seaux de renseignement ayant recours \u00e0 la violence ill\u00e9gale mais autoris\u00e9e, ou des groupes mafieux disposant des connexions internationales.[2] \u00bb Souvent, il utilise des agents doubles capables d\u2019un double discours mensonger et trompeur pour berner les esprits faibles. \u00ab Cet Etat occulte consiste en une alliance para-\u00e9tatique entre la police officielle et les escadrons de la mort criminels sur lesquels les policiers sont cens\u00e9s enqu\u00eater.[3] \u00bb Ses connexions internationales peuvent impliquer certains membres des juridictions nationales internationales. (La lecture du livre de Florence Hartmann (intitul\u00e9 Paix et ch\u00e2timent. Les guerres secr\u00e8tes de la politique et de la justice internationales, Paris, Flammarion, 2007) peut faciliter la compr\u00e9hension du fonctionnement de l\u2019interconnexion au cours des Etats profonds et de leurs r\u00e9seaux mafieux.) (Rappelons que les prisons congolaises pleines \u00e0 craquer gardent certains compatriotes sans proc\u00e8s depuis l\u2019assassinat de Mzee Kabila en 2001. Certains prisonniers politiques n\u2019ont commis comme critique que leur usage de la libert\u00e9 d\u2019expression. Des d\u00e9put\u00e9s peuvent y \u00eatre jet\u00e9s sans que leur immunit\u00e9 soit lev\u00e9e. Ce r\u00e8gne de l\u2019arbitraire t\u00e9moigne desdites connexions entre \u00ab l\u2019Etat profond \u00bb congolais et les juridictions nationales.) Revenons \u00e0 notre \u00ab Hitler africain \u00bb.<\/p>\n<p>Si les liens de Paul Kagame et l\u2019Etat profond anglo-saxon sont les plus \u00e9voqu\u00e9s dans la guerre raciste de basse intensit\u00e9 s\u00e9vissant en RDC sont les plus, s\u2019int\u00e9resser au r\u00f4le jou\u00e9 par certains capitalistes allemands pourrait apporter un plus dans la localisation des r\u00e9seaux racistes de pr\u00e9dation et dans l\u2019identification des acteurs majeurs de \u00ab la shoah congolaise \u00bb. Tenez.<br \/>\nEn mars 2006, les patrons allemands se sont convaincus, selon Raf Custers, qu\u2019ils devaient avoir acc\u00e8s aux mati\u00e8res premi\u00e8res strat\u00e9giques de la RDC m\u00eame en recourant aux moyens militaires. Raf Custers note ceci : \u00ab<br \/>\n\u00ab Le Congo est le principale zone d\u2019extraction du cobalt et, de ce fait, il rev\u00eat une importance extraordinaire pour l\u2019industrie allemande. \u00bb Tel a \u00e9t\u00e9 en gros le discours du patron allemand de la m\u00e9tallurgie, Karl-Heinz D\u00f6rner, le 31 mars \u00e0 Berlin, au cours d\u2019un premier briefing de la Task Force sp\u00e9cialis\u00e9e dans les questions internationales concernant les mati\u00e8res premi\u00e8res, Task Force dont il est le pr\u00e9sident. \u00ab Pour affronter la concurrence internationale sur les march\u00e9s des mati\u00e8res premi\u00e8res \u00bb, \u00e9crit German Foreign Policy (sur son site Internet), \u00ab les strat\u00e8ges allemands envisageront \u00e9galement les possibilit\u00e9s de guerre (Mittel des Krieges) ou de subversion dans les territoires \u00e0 risque. [4]\u00bb Il ajoute : \u00ab Les arguments du patronat et de ses lobbys ont trouv\u00e9 une large \u00e9coute aupr\u00e8s des homes politiques allemands. On a pu s\u2019en rendre compte en f\u00e9vrier et en mars quand, au Bundestag, s\u2019est manifest\u00e9e toute une opposition \u00e0 la participation allemande \u00e0 l\u2019envoi d\u2019un contingent europ\u00e9en au Congo (dans le cadre de l\u2019Eufor). En voici un petit floril\u00e8ge. Jung, le ministre allemand de la D\u00e9fense a rabrou\u00e9 les adversaires avec l\u2019argument disant que \u00ab la stabilit\u00e9 dans cette r\u00e9gion riche en minerais est b\u00e9n\u00e9fique pour l\u2019industrie allemande \u00bb. Andreas Schockenhoff, sp\u00e9cialiste des affaires \u00e9trang\u00e8res de la fraction CDU\/CSU du Bundestag, a dit de son c\u00f4t\u00e9 : \u00ab Le Congo dispose surtout de mati\u00e8res premi\u00e8res strat\u00e9giques importantes pour l\u2019Europe. \u00bb Eckart Von Klaeden de la fraction Union a d\u00e9clar\u00e9 dans Der Spiegel : \u00ab Il y a l\u00e0 des richesses souterraines importantes pour la s\u00e9curit\u00e9, tels l\u2019uranium et le b\u00e9ryllium. Elles ne peuvent tomber dans des mains incomp\u00e9tentes. \u00bb De ces minerais \u00ab s\u00e9curitaires \u00bb font \u00e9galement partie le niobium, qui sert dans certaines pi\u00e8ces de fus\u00e9e, et le tantale, utilis\u00e9 dans les GSM.[5]\u00bb<br \/>\nCes deux citations permettent de comprendre comment peut na\u00eetre une connexion entre les membres d\u2019un Etat (profond) appartenant \u00e0 des sph\u00e8res diff\u00e9rentes d\u2019une m\u00eame soci\u00e9t\u00e9 autour des m\u00eames objectifs. Et la politique \u00e9trang\u00e8re de l\u2019Allemagne peut, dans ce cas, \u00eatre la prolongation de la strat\u00e9gie des patrons allemands. Serait-ce le cas avec l\u2019entreprise de Karl Heinz Albers ? Cet allemand, ex-gestionnaire de SOMIKIVU, aurait financ\u00e9 la guerre de Paul Kagame en 2000 pour avoir la mainmise sur les mati\u00e8res premi\u00e8res de Rutshuru.<\/p>\n<p>Perdre cet espace \u00e0 l\u2019Est de la RDC \u00e9quivaudrait \u00e0 celle de l\u2019entreprise de Karl Heinz Albers. D\u2019o\u00f9 les pressions que subiraient Paul Kagame depuis la d\u00e9faite du M23 au mois de juillet 2013.<br \/>\nSeraient-ce ces pressions qui pousseraient Paul Kagame \u00e0 refabriquer quelques \u00ab \u00e9v\u00e9nements profonds \u00bb ? (Telle est aussi leur nature : ceux qui se servent de la violence la provoquent m\u00eame s\u2019ils doivent tuer leurs propres peuples.) Il demande \u00e0 ses escadrons de la mort op\u00e9rant au sein du M23 de tirer des obus sur le Rwanda afin d\u2019avoir des pr\u00e9textes pouvant l\u2019aider \u00e0 tuer en RDC pour d\u00e9barrasser les espaces riches en mati\u00e8res premi\u00e8res strat\u00e9giques \u00ab des populations inutiles \u00bb ?<br \/>\nSi cette hypoth\u00e8se se v\u00e9rifie, si elle est corrobor\u00e9e, l\u2019Allemagne, par certains de ses fils, aurait particip\u00e9 de la fabrication d\u2019un \u00ab Hitler africain \u00bb tout en poursuivant la condamnation des complices de Hitler (allemand)[6] dans ses juridictions. \u00ab Le plus jamais \u00e7a \u00bb d\u2019apr\u00e8s Nuremberg aura \u00e9t\u00e9 une expression hypocrite, raciste et discriminatoire n\u2019\u00e9voquant que la protection des juifs et des \u00ab autres races sup\u00e9rieures \u00bb aux d\u00e9pens des \u00ab n\u00e8gres \u00bb.<\/p>\n<p>Si l\u2019hypoth\u00e8se du soutien des allemands \u00e0 Kagame est corrobor\u00e9e, le gouvernement fantoche de Kinshasa aura mille et une difficult\u00e9s \u00e0 traduire l\u2019arm\u00e9e rwandaise en justice ; au risque d\u2019impliquer l\u2019Allemagne, son patronat et les autres acteurs majeurs dans le proc\u00e8s sur \u00ab la Shoah congolaise \u00bb. Serait-ce pour cela qu\u2019un allemand, Martin Kobler, a \u00e9t\u00e9 nomm\u00e9 \u00e0 la t\u00eate de la Monusco et qu\u2019il pr\u00f4ne la solution politique \u00e0 ce que les acteurs majeurs de cette guerre raciste de pr\u00e9dation nomment \u00ab crise congolaise \u00bb ? L\u2019interconnexion entre l\u2019ONU et l\u2019Allemagne m\u00e9rite d\u2019\u00eatre \u00e9tudi\u00e9e de mani\u00e8re approfondie dans \u00ab les lieux du savoir congolais \u00bb. A n\u2019en pas douter, tout ce qui arrive \u00e0 la RDC est souvent bien \u00e9tudi\u00e9 au pr\u00e9alable.<br \/>\nApr\u00e8s une petite \u00e9tude en deux articles comme celle \u00e0 laquelle nous venons de nous livrer, l\u2019une des questions que certains compatriotes posent souvent est la suivante : \u00ab Que faire ? \u00bb Il ne serait pas mal d\u2019ajouter \u00e0 cette question, cette autre : \u00ab De quel point de vue ? \u00bb Se mettre dans la peau de celui qui sait tout est une entreprise risqu\u00e9e. Souvent, une analyse peut se limiter \u00e0 l\u2019une ou l\u2019autre proposition de solution en attendant d\u2019\u00eatre enrichie par les apports d\u2019autres \u00ab lieux de savoir\u00bb.<\/p>\n<p>Apparemment, les d\u00e9s sont pip\u00e9s pour les Congolais(es). Fondamentalement, la strat\u00e9gie de Paul Kagame, des r\u00e9seaux mafieux et racistes de pr\u00e9dation et des autres \u00ab Etats profonds \u00bb ont r\u00e9v\u00e9l\u00e9 (presque) tous leurs secrets. Du point de vue \u00e9pist\u00e9mologique et politique, conna\u00eetre ces secrets (de polichinelle) et les partager avec les masses populaires congolaises \u00e0 travers une sorte de \u00ab comit\u00e9s de pouvoir populaire \u00bb ou de \u00ab fronts du refus de l\u2019esclavage volontaire \u00bb ou de \u00ab fronts civils de r\u00e9sistance \u00bb nous semble \u00eatre un premier pas important \u00e0 effectuer dans la pratique de la politique congolaise d\u2019\u00e9mancipation et un ouvrage \u00e0 remettre en permanence sur le m\u00e9tier. L\u2019appropriation de ces secrets par les masses peut gu\u00e9rir de la haine \u00e9tourdissante et les armer positivement pour une r\u00e9sistance citoyenne conduisant \u00e0 la r\u00e9appropriation consciente et avis\u00e9e de notre commune destin\u00e9e. Ce sont des masses devenues critiques et les minorit\u00e9s organis\u00e9es qui finiront par concevoir ensemble les orientations majeures \u00e0 prendre pour sortir la RDC du n\u00e9ocolonialisme et de l\u2019imp\u00e9rialisme. Pour le moment les questions telles que celles de l\u2019exfiltration des escadrons kagam\u00e9ens de la mort de l\u2019arm\u00e9e congolaise et des autres institutions du pays sont un casse-t\u00eate, tout comme celles de la souverainet\u00e9 et de la l\u00e9gitimit\u00e9 politiques.<\/p>\n<p>Pour le moment, confondre la pr\u00e9cipitation et la vitesse serait une gageure. Il n\u2019y a pas de solution miracle en marge de celles port\u00e9es par les masses congolaises devenues leurs propres d\u00e9miurges. Peut-\u00eatre qu\u2019un Tribunal P\u00e9nal International pourrait avancer la cause congolaise. M\u00eame si les interconnexions au sein des \u00ab Etats profonds \u00bb touchent la justice internationale\u2026Le chemin semble encore un peu long\u2026La confiscation des m\u00e9dias publics par le r\u00e9seau congolais de pr\u00e9dation et\/ou le musellement des m\u00e9dias alternatifs rend le travail de la naissance et de l\u2019\u00e9panouissement de diff\u00e9rents fronts susmentionn\u00e9s difficile. L\u2019ignorance, l\u2019analphab\u00e9tisme, le manque d\u2019informations et la d\u00e9sinformation complique la t\u00e2che de la pratique d\u2019une politique citoyenne d\u2019\u00e9mancipation. Les minorit\u00e9s organis\u00e9es et agissantes ont encore bien des efforts \u00e0 conjuguer pour vaincre la r\u00e9signation (et la mendicit\u00e9 perdi\u00e9mique) dans plusieurs c\u0153urs et esprits congolais. La lutte continue\u2026 A l\u2019Est (\u00e0 Kin et dans la diaspora), le feu patriotique prend davantage. L\u2019espoir est permis.<br \/>\n<\/br><\/p>\n<div><em>Mbelu Babanya Kabudi<\/em><\/div>\n<div>\n<p>&nbsp;<\/p>\n<hr align=\"left\" size=\"1\" width=\"33%\" \/>\n<\/div>\n<div>\n<div>[1] B. LUGAN, <i>Les guerres d\u2019Afrique. Des origines \u00e0 nos jour<\/i>s, Paris, Rocher, 2013,\u00a0 327.<\/div>\n<\/div>\n<div>\n<div>[2] P. DALE SCOTT, <i>La machine de guerre am\u00e9ricaine. La politique profonde, la CIA, la drogue, l\u2019Afghanistan,\u2026<\/i>\u00a0 Paris, Demi-lune, 2012, p. 49.<\/div>\n<\/div>\n<div>\n<div>[3] <i>Ibidem<\/i>, p. 48.<\/div>\n<\/div>\n<div>\n<div>[4] R. CUSTERS, <i>Patrons allemand partisans d\u2019une guerre pour les mati\u00e8res premi\u00e8res<\/i>, dans <a href=\"http:\/\/www.indyamedia.be\/\" target=\"_blank\" rel=\"noopener\">www.indyamedia.be<\/a> du\u00a0 07 mai 2006.<\/div>\n<\/div>\n<div>\n<div>[5] <i>Ibidem<\/i>.<\/div>\n<\/div>\n<p><b>[6]<\/b> Les deux Hitler sont les produits des capitalistes sans scrupules. Pour une bonne information sur celui de l\u2019Allemagne, la lecture de Jacques\u00a0 R. Pauwels\u00a0 (Le mythe de la bonne guerre. Les Etats-Unis et la deuxi\u00e8me guerre mondiale) peut \u00eatre conseill\u00e9. Ce livre est r\u00e9sum\u00e9 par son auteur sur You Tube.\u00a0 Cet article (\u00ab\u00a0Donnez-moi quatre ans et vous ne reconna\u00eetrez plus l\u2019Allemagne\u00a0\u00bb\u00a0 peut aussi \u00eatre recommand\u00e9.\t\t<\/p>\n","protected":false},"excerpt":{"rendered":"<p>Par Jean-Pierre Mbelu Le vendredi 30 ao\u00fbt 2013, Lambert Mende a tenu une autre conf\u00e9rence de presse (apr\u00e8s celle du jeudi 22 ao\u00fbt 2013) \u00e0 Kinshasa. Son gouvernement serait, semble-t-il, pr\u00eat-\u00e0-porter plainte contre le Rwanda. A partir des extraits de cette conf\u00e9rence de presse, Lambert Mende ne dit pas ce qui a chang\u00e9 depuis le [&hellip;]<\/p>\n","protected":false},"author":1,"featured_media":5899,"comment_status":"open","ping_status":"open","sticky":false,"template":"","format":"standard","meta":{"_acf_changed":false,"content-type":"","footnotes":""},"categories":[107,124],"tags":[],"class_list":["post-5898","post","type-post","status-publish","format-standard","has-post-thumbnail","hentry","category-analyses-commentaires","category-politique-societe"],"acf":[],"_links":{"self":[{"href":"https:\/\/congolobilelo.com\/IN\/wp-json\/wp\/v2\/posts\/5898","targetHints":{"allow":["GET"]}}],"collection":[{"href":"https:\/\/congolobilelo.com\/IN\/wp-json\/wp\/v2\/posts"}],"about":[{"href":"https:\/\/congolobilelo.com\/IN\/wp-json\/wp\/v2\/types\/post"}],"author":[{"embeddable":true,"href":"https:\/\/congolobilelo.com\/IN\/wp-json\/wp\/v2\/users\/1"}],"replies":[{"embeddable":true,"href":"https:\/\/congolobilelo.com\/IN\/wp-json\/wp\/v2\/comments?post=5898"}],"version-history":[{"count":0,"href":"https:\/\/congolobilelo.com\/IN\/wp-json\/wp\/v2\/posts\/5898\/revisions"}],"wp:featuredmedia":[{"embeddable":true,"href":"https:\/\/congolobilelo.com\/IN\/wp-json\/"}],"wp:attachment":[{"href":"https:\/\/congolobilelo.com\/IN\/wp-json\/wp\/v2\/media?parent=5898"}],"wp:term":[{"taxonomy":"category","embeddable":true,"href":"https:\/\/congolobilelo.com\/IN\/wp-json\/wp\/v2\/categories?post=5898"},{"taxonomy":"post_tag","embeddable":true,"href":"https:\/\/congolobilelo.com\/IN\/wp-json\/wp\/v2\/tags?post=5898"}],"curies":[{"name":"wp","href":"https:\/\/api.w.org\/{rel}","templated":true}]}}