{"id":5845,"date":"2013-08-15T13:45:09","date_gmt":"2013-08-15T13:45:09","guid":{"rendered":"http:\/\/www.ingeta.com\/?p=5845"},"modified":"2013-08-15T13:45:09","modified_gmt":"2013-08-15T13:45:09","slug":"sassou-nguesso-sait-tout-sur-la-guerre-raciste-de-predation-contre-la-rdc","status":"publish","type":"post","link":"https:\/\/congolobilelo.com\/IN\/sassou-nguesso-sait-tout-sur-la-guerre-raciste-de-predation-contre-la-rdc\/","title":{"rendered":"Sassou Nguesso sait tout sur la guerre raciste de pr\u00e9dation contre la RDC"},"content":{"rendered":"<p>\t\t\t\tPar Jean-Pierre Mbelu<\/p>\n<div><b><i>Bien que Sassou soit \u00ab\u00a0un enfant ch\u00e9ri\u00a0\u00bb de la Fran\u00e7afrique, il sait tout sur les secrets de polichinelle de la guerre raciste de basse intensit\u00e9 impos\u00e9e \u00e0 la RDC. Il conna\u00eet le r\u00f4le que les n\u00e8gres de service y joue. Pour rappel, se confiant \u00e0 Pierre P\u00e9an le 08 ao\u00fbt \u00a02008 \u00e0 Oyo, il situe Kagame et Kabila \u00e0 leur juste place\u00a0: Kagame est un paralytique, dit-il et Kabila son \u00ab\u00a0Cheval de Troie\u00a0\u00bb. Comment pourra-t-il g\u00e9rer \u00ab\u00a0les concertations nationales\u00a0\u00bb convoqu\u00e9es par celui qu\u2019il qualifiait en 2008 de \u00ab\u00a0Cheval de Troie\u00a0\u00bb de Paul Kagame\u00a0?<\/i><\/b><\/div>\n<div><\/div>\n<div>Quand le Rwanda publie le rapport Mucyo incriminant Fran\u00e7ois Mitterrand, Edouard Balladur et l\u2019appareil d\u2019Etat fran\u00e7ais de complicit\u00e9 de g\u00e9nocide rwandais en 1994, Sassou Nguesso est \u00e9tonn\u00e9 du silence de Paris face \u00e0 ces accusations qu\u2019il\u00a0 trouve fausses. Pour\u00a0 expliciter son inqui\u00e9tude, il conte une parabole \u00e0 Pierre P\u00e9an\u00a0: \u00ab\u00a0 Quand le paralytique assis au pied du manguier joue avec des feuilles vertes, c\u2019est qu\u2019il y a quelqu\u2019un dans l\u2019arbre qui les a jet\u00e9es. Sinon, il ne joue qu\u2019avec des feuilles mortes\u00a0![1]\u00a0\u00bb Et voulant\u00a0 conseiller Paris par Pierre P\u00e9an interpos\u00e9, Sassou ajoute\u00a0: \u00ab\u00a0Il suffirait \u00e0 Paris de dire \u00e0\u00a0 \u2018\u2019amis\u2019\u2019 les protecteurs de Kagame- les Etats-Unis, la Grande-Bretagne et Isra\u00ebl- de calmer un peu leur prot\u00e9ger pour que les attaques cessent.\u00a0[2]\u00bb Qui aurait pu mieux\u00a0 r\u00e9sumer \u00ab\u00a0les secrets des carnages\u00a0\u00bb que subit notre pays jusqu\u2019\u00e0 ce jour\u00a0?<\/div>\n<div><\/div>\n<div>A ce point nomm\u00e9, il\u00a0 serait important de savoir comment le Pr\u00e9sident Sassou Nguesso peut accepter d\u2019accompagner \u00ab\u00a0des concertations nationales\u00a0\u00bb congolaises\u00a0 autour d\u2019une guerre raciste dont les acteurs majeurs seront absents\u00a0? Pourquoi va-t-il accepter d\u2019aller\u00a0 \u00e0 Kinshasa pour traiter d\u2019\u00a0 \u00ab\u00a0un faux probl\u00e8me\u00a0\u00bb, lui qui conna\u00eet les v\u00e9ritables agresseurs de la RDC et leurs marionnettes\u00a0? Serait-il, lui aussi, pi\u00e9g\u00e9 comme\u00a0 <i>les mangecrates<\/i> congolais afin qu\u2019une fois \u00e0 Kinshasa, il fasse comme si les Congolais(es) avaient des probl\u00e8mes entre eux (elles)\u00a0? Va-t-il participer \u00e0 la falsification de notre histoire tout en connaissant la v\u00e9rit\u00e9\u00a0? L\u2019issue des \u00ab\u00a0concertations nationales\u00a0\u00bb\u00a0 pourrait nous aider \u00e0 r\u00e9pondre \u00e0 ces inqui\u00e9tudes.<\/div>\n<div><\/div>\n<div>Dans\u00a0 ses confidences \u00e0 Pierre P\u00e9an, Sassou Nguesso parle aussi de Joseph Kabila. Il \u00e9voque \u00ab\u00a0le myst\u00e8re Joseph\u00a0\u00bb en ces termes\u00a0: \u00ab\u00a0Venu de nulle part, en quinze jours il a eu des honneurs de Paris, Bruxelles, Londres et Washington\u2026 Joseph est un cheval de Troie du pr\u00e9sident rwandais. Officiellement, pendant la journ\u00e9e, il s\u2019oppose \u00e0 Paul Kagame, mais, la nuit tomb\u00e9e, il marche avec lui\u2026Or, en Afrique, c\u2019est la nuit que les choses importantes se passent\u2026\u00a0\u00bb[3]\u00a0 Ces confidences de Sassou \u00e0 Pierre P\u00e9an vont\u00a0 \u00eatre confirm\u00e9es cinq mois apr\u00e8s quand Joseph Kabila et son mentor rwandais se mettront ensemble pour organiser la chasse contre les FDLR \u00e0 l\u2019Est de la RDC. Les faits sont l\u00e0. Les \u00e9lections-bidons organis\u00e9es en 2006 comme en 2011 n\u2019ont pas chang\u00e9 la donne de l\u2019occupation de la RDC par les grandes puissances au travers de Kagame et Kabila, son cheval de Troie. Qu\u2019est-ce que Sassou va faire \u00e0 Kin\u00a0? Va-t-il\u00a0 se d\u00e9dire en demandant aux Congolais(es) de se r\u00e9concilier avec le cheval de Troie de Kigali en le reconnaissant comme Pr\u00e9sident apr\u00e8s les \u00e9lections chaotiques de novembre et d\u00e9cembre 2011\u00a0? Et puis,\u00a0 ce livre de Pierre P\u00e9an a-t-il \u00e9t\u00e9 lu par ce qui nous reste encore de classe politique\u00a0?<\/div>\n<div><\/div>\n<div>Apr\u00e8s avoir lu \u00ab\u00a0Carnages. Les guerres secr\u00e8tes des grandes puissances en Afrique\u00a0\u00bb, des questions sur le v\u00e9ritable r\u00f4le que Sassou Nguesso va jouer dans \u00ab\u00a0les concertations nationales\u00a0\u00bb en RDC ne cessent de jaillir des esprits avertis. Est-ce le pouvoir d\u2019occupation \u00ab\u00a0alingi kosimbisa ye touche mpo akanga ye munoko te\u00a0\u00bb\u00a0? Demain, il n\u2019aura plus d\u2019arguments \u00e0 lui opposer. Lui qui savait que Paul Kagame \u00e9tait un paralytique et Joseph Kabila un cheval de Troie aura fait comme si la RDC\u00a0 ne souffrait que de manque de coh\u00e9sion interne\u2026Attendons voir. En attendant, soyons nombreux \u00e0 relire \u00ab\u00a0Carnages. Les guerres secr\u00e8tes des grandes puissances en Afrique\u00a0\u00bb en sachant que pour cacher certaines choses \u00e0 certains n\u00e8gres il faut les mettre dans les livres.<\/div>\n<p><\/br><\/p>\n<div>Mbelu Babanya\u00a0 Kabudi<\/div>\n<div><\/div>\n<hr align=\"left\" size=\"1\" width=\"33%\" \/>\n<div>\n<div>[1] P. PEAN, Les guerres secr\u00e8tes des grandes puissances en Afrique, Paris, Fayard,\u00a0 2010,\u00a0 p. 531.<\/div>\n<\/div>\n<div>\n<div>[2] <i>Ibidem<\/i>.<\/div>\n<\/div>\n<p>[3] Ibidem, p. 531-532.\t\t<\/p>\n","protected":false},"excerpt":{"rendered":"<p>Par Jean-Pierre Mbelu Bien que Sassou soit \u00ab\u00a0un enfant ch\u00e9ri\u00a0\u00bb de la Fran\u00e7afrique, il sait tout sur les secrets de polichinelle de la guerre raciste de basse intensit\u00e9 impos\u00e9e \u00e0 la RDC. Il conna\u00eet le r\u00f4le que les n\u00e8gres de service y joue. Pour rappel, se confiant \u00e0 Pierre P\u00e9an le 08 ao\u00fbt \u00a02008 \u00e0 [&hellip;]<\/p>\n","protected":false},"author":1,"featured_media":5849,"comment_status":"open","ping_status":"open","sticky":false,"template":"","format":"standard","meta":{"_acf_changed":false,"content-type":"","footnotes":""},"categories":[107,124],"tags":[],"class_list":["post-5845","post","type-post","status-publish","format-standard","has-post-thumbnail","hentry","category-analyses-commentaires","category-politique-societe"],"acf":[],"_links":{"self":[{"href":"https:\/\/congolobilelo.com\/IN\/wp-json\/wp\/v2\/posts\/5845","targetHints":{"allow":["GET"]}}],"collection":[{"href":"https:\/\/congolobilelo.com\/IN\/wp-json\/wp\/v2\/posts"}],"about":[{"href":"https:\/\/congolobilelo.com\/IN\/wp-json\/wp\/v2\/types\/post"}],"author":[{"embeddable":true,"href":"https:\/\/congolobilelo.com\/IN\/wp-json\/wp\/v2\/users\/1"}],"replies":[{"embeddable":true,"href":"https:\/\/congolobilelo.com\/IN\/wp-json\/wp\/v2\/comments?post=5845"}],"version-history":[{"count":0,"href":"https:\/\/congolobilelo.com\/IN\/wp-json\/wp\/v2\/posts\/5845\/revisions"}],"wp:featuredmedia":[{"embeddable":true,"href":"https:\/\/congolobilelo.com\/IN\/wp-json\/"}],"wp:attachment":[{"href":"https:\/\/congolobilelo.com\/IN\/wp-json\/wp\/v2\/media?parent=5845"}],"wp:term":[{"taxonomy":"category","embeddable":true,"href":"https:\/\/congolobilelo.com\/IN\/wp-json\/wp\/v2\/categories?post=5845"},{"taxonomy":"post_tag","embeddable":true,"href":"https:\/\/congolobilelo.com\/IN\/wp-json\/wp\/v2\/tags?post=5845"}],"curies":[{"name":"wp","href":"https:\/\/api.w.org\/{rel}","templated":true}]}}