{"id":5838,"date":"2013-08-13T09:48:28","date_gmt":"2013-08-13T09:48:28","guid":{"rendered":"http:\/\/www.ingeta.com\/?p=5838"},"modified":"2013-08-13T09:48:28","modified_gmt":"2013-08-13T09:48:28","slug":"des-concertations-nationales-appatees","status":"publish","type":"post","link":"https:\/\/congolobilelo.com\/IN\/des-concertations-nationales-appatees\/","title":{"rendered":"Des concertations nationales app\u00e2t\u00e9es !"},"content":{"rendered":"<p>\t\t\t\tPar Jean-Pierre Mbelu<\/p>\n<div><b><i>Les concertations nationales telles qu\u2019annonc\u00e9es par L\u00e9on Kengo risquent d\u2019\u00eatre un app\u00e2t, un pi\u00e8ge tendu aux opposants-mangeurs pour freiner l\u2019\u00e9lan que la lutte d\u2019\u00e9mancipation de l\u2019ordre imp\u00e9rialiste et n\u00e9ocolonial est en train de prendre\u00a0 en RDC.<\/i><\/b><\/div>\n<div><b><i>Elles risquent d\u2019\u00eatre une op\u00e9ration de blanchiment des criminels\u00a0 op\u00e9rant au sein des r\u00e9seaux mafieux d\u2019\u00e9lite de pr\u00e9dation depuis les assassinats de Lumumba et de Laurent-D\u00e9sir\u00e9 Kabila jusqu\u2019\u00e0 ce jour. Pour cause. Ces concertations ont lieu au moment\u00a0 o\u00f9\u00a0 les jeunes populations de l\u2019Est, celles de la diaspora ainsi que celles de \u00ab\u00a0Kin la frondeuse\u00a0\u00bb se mettent davantage \u00a0debout\u00a0 pour crier\u00a0 haut et fort leur opposition \u00e0 la politique hypocrite de Kinshasa et\u00a0 de la communaut\u00e9 dite internationale<\/i><\/b><b>.<\/b><\/div>\n<div><\/div>\n<div>En \u00e9coutant nos jeunes populations debout, nous nous rendons compte qu\u2019une guerre raciste d\u2019agression, de pr\u00e9dation et\u00a0 de basse intensit\u00e9 a fini par d\u00e9voiler presque tous ses secrets.\u00a0 Des r\u00e9seaux mafieux d\u2019\u00e9lites\u00a0 aux dimensions\u00a0 nationales, africaines et internationales s\u2019organisent\u00a0 depuis les assassinats de Lumumba et de Laurent-D\u00e9sir\u00e9 Kabila pour piller, d\u00e9stabiliser et d\u00e9structurer\u00a0 la RDC en recourant\u00a0 aux pr\u00e9textes fallacieux, au mensonge et \u00e0 la mort. Ces r\u00e9seaux ont perdu les rep\u00e8res. Au nom de l\u2019argent, ils ont, \u00e0 force de tenir en \u00e9veil leurs bas instincts, perdu la boussole \u00e9thique[1].\u00a0 Prisonniers du relativisme moral,\u00a0 ils entretiennent\u00a0 \u00ab\u00a0la tol\u00e9rance culturelle \u00e0 la violence et au meurtre\u00a0\u00bb. Souvent, ils op\u00e8rent en marge de la rh\u00e9torique officielle de leurs\u00a0 Etats sur les droits de l\u2019homme et la d\u00e9mocratie. Abrutis et\/ou schizophr\u00e8nes, ils cultivent\u00a0 \u00ab\u00a0le d\u00e9ni de la r\u00e9alit\u00e9\u00a0\u00bb et de la v\u00e9rit\u00e9[2].<\/div>\n<div><\/div>\n<div>L\u2019efficacit\u00e9 de ces r\u00e9seaux d\u00e9pend du pi\u00e8ge de ce d\u00e9ni dans lesquels plusieurs citoyens du monde tombent. Sur le long terme, ils ne r\u00e9ussissent\u00a0 \u00e0 occulter de mani\u00e8re arrangeante leurs atrocit\u00e9s majeures que l\u00e0 o\u00f9 la d\u00e9sinformation et l\u2019ignorance ont pris racine\u00a0; et o\u00f9 \u00ab\u00a0la tol\u00e9rance culturelle\u00a0 \u00e0 la violence et au meurtre\u00a0\u00bb\u00a0 a mang\u00e9 les c\u0153urs\u00a0 et les esprits.<\/div>\n<div><\/div>\n<div>N\u00e9anmoins, sur le long terme, le travail des m\u00e9dias alternatifs et des intellectuels subversifs, emp\u00eacheurs de penser en rond, finit par\u00a0 rendre le fonctionnement de ces r\u00e9seaux compr\u00e9hensible et partant\u00a0 th\u00e9oriquement inefficaces.\u00a0 Ce premier pas franchi,\u00a0 un deuxi\u00e8me reste \u00e0 faire\u00a0: partager ce travail avec les masses pour le populariser et les armer de fa\u00e7on qu\u2019elles deviennent les d\u00e9miurges de leur propre destin\u00e9e. La\u00a0 RDC est en train de franchir\u00a0 ce deuxi\u00e8me pas, mains nues.<\/div>\n<div><\/div>\n<div>Les jeunes populations de l\u2019Est de la RDC et\u00a0 plusieurs Congolais(es)\u00a0 de l\u2019\u00e9tranger ainsi que ceux de \u00ab\u00a0Kin \u00a0la frondeuse\u00a0\u00bb jouent un r\u00f4le majeur dans cette\u00a0 lutte d\u2019\u00e9mancipation. A force de se frotter \u00e0 la r\u00e9alit\u00e9, ils sont en train de ma\u00eetriser les tenants et les aboutissants de\u00a0 la guerre raciste de basse intensit\u00e9 s\u00e9vissant dans leur pays. Ils en connaissent de plus en plus les acteurs majeurs, les acteurs mineurs, les marionnettes\u00a0 et les autres n\u00e8gres de service op\u00e9rant ensemble dans lesdits r\u00e9seaux d\u2019\u00e9lite. De plus en plus, le mensonge ne passe plus.<\/div>\n<div><\/div>\n<div>Plusieurs compatriotes ont r\u00e9ussi \u00e0 cerner certaines questions essentielles sur lesquelles ils n\u2019acceptent plus de tergiverser. Citons-en quelques-unes\u00a0: \u00ab\u00a0Comment la RDC peut-elle devenir un Etat r\u00e9ellement autonome, jouissant de sa souverainet\u00e9 \u00e9conomique, c\u2019est-\u00e0-dire capable d\u2019\u00e9tablir par lui-m\u00eame les r\u00e8gles de la\u00a0 production, de la distribution sociale et de la commercialisation de toutes ses ressources du sol et du sous-sol sans \u00eatre soumis aux diktats des Institutions Financi\u00e8res Internationales, chiens de garde de la d\u00e9mocratie du march\u00e9 n\u00e9olib\u00e9ral\u00a0?\u00a0 Vu l\u2019\u00e9chec patent du capitalo-parlementarisme impos\u00e9 de l\u2019ext\u00e9rieur\u00a0 dont les \u00e9lections au suffrage universel sont presque toujours\u00a0 des pi\u00e8ges \u00e0 con, comment\u00a0 la RDC peut-elle initier un syst\u00e8me politique faisant participer activement ses filles et fils \u00e0\u00a0 l\u2019art de la gestion collective du vivre-ensemble\u00a0 en int\u00e9grant le conflit dans une opposition ma\u00eetris\u00e9e\u00a0? Comment peut-elle\u00a0 appliquer le principe d\u2019une interd\u00e9pendance responsable\u00a0 dans le respect du droit\u00a0 et des conventions internationales sans tomber dans la vassalit\u00e9\u00a0? Comment\u00a0 recr\u00e9er l\u2019alliance entre les forces arm\u00e9es r\u00e9publicaines et le pouvoir populaire\u00a0 pour une auto-d\u00e9fense collective partag\u00e9e\u00a0?, Comment peut-elle faire la v\u00e9rit\u00e9 sur \u00ab\u00a0la fausse guerre de lib\u00e9ration\u00a0\u00bb en mettent hors d\u2019\u00e9tat d\u2019agir les usurpateurs de l\u2019identit\u00e9 congolaise, membres des r\u00e9seaux d\u2019\u00e9lite de pr\u00e9dation op\u00e9rant\u00a0 dans les institutions congolaises jusqu\u2019\u00e0 ce jour\u00a0et en amnistiant ses filles et fils \u00e9gar\u00e9s?\u00a0\u00bb<\/div>\n<div><\/div>\n<div>Au sujet de l\u2019auto-d\u00e9fense populaire partag\u00e9e, il\u00a0 faut rappeler que toutes les fois que l\u2019 alliance entre les forces arm\u00e9es et le pouvoir populaire a quelque peu r\u00e9ussi, les filles et les filles de la RDC ont\u00a0 su faire face aux criminels et pr\u00e9dateurs appartenant aux r\u00e9seaux susmentionn\u00e9s.\u00a0 Citons deux exemples\u00a0: au cours de\u00a0 la deuxi\u00e8me guerre de 1998 et derni\u00e8rement quand, au Nord-Kivu, nos populations ont soutenu les FARDC command\u00e9es par Mamadou N\u2019DALA.<\/div>\n<div><\/div>\n<div>Les concertations telles qu\u2019annonc\u00e9es par L\u00e9on Kengo risquent de passer \u00e0 c\u00f4t\u00e9 de la recherche permanente de r\u00e9ponses \u00e0 ces questions essentielles (et \u00e0 bien d\u2019autres) pour satisfaire les exigeantes gloutonnes\u00a0 des <i>mangecrates <\/i>\u00a0insatiables, vieux dinosaures mobutistes, nouveaux pr\u00e9dateurs kabilistes ou opportunistes commis au service des int\u00e9r\u00eats mesquins de Paul Kagame[3], de Yoweri Museveni et de leurs parrains.<\/div>\n<div>Contourner la question de la v\u00e9ritable identit\u00e9 des \u00ab\u00a0faux lib\u00e9rateurs\u00a0 de 1997\u00bb ainsi que\u00a0 celle de l\u2019ill\u00e9gitimit\u00e9 du pouvoir issu des \u00e9lections chaotiques de 2006 et de 2011, \u00e9viter de neutraliser les \u00ab\u00a0chevaux de Troie\u00a0\u00bb op\u00e9rant au sein des institutions congolaises, ne pas r\u00e9pondre aux appels de nos populations de l\u2019Est\u00a0 en cr\u00e9ant des alliances qui leur soient salvatrices, c\u2019est passer \u00e0 c\u00f4t\u00e9 de la plaque en falsifiant notre histoire et sa r\u00e9\u00e9criture\u00a0; c\u2019est cautionner le travail de sape mener par \u00a0les \u00ab\u00a0chevaux de Troie\u00a0\u00bb des r\u00e9seaux mafieux\u00a0\u00bb qui ont pris les institutions congolaises en otage.<\/div>\n<div><\/div>\n<div>En \u00e9coutant certaines minorit\u00e9s organis\u00e9es et agissantes, l\u2019impression qui se d\u00e9gage est la suivante\u00a0: ces concertations vont probablement \u00eatre une diversion et une farce de trop. Elles vont exploiter la prolongation de la guerre raciste de pr\u00e9dation (qui est aussi une guerre d\u2019usure) pour effacer de la m\u00e9moire collective les coups d\u2019Etat orchestr\u00e9s par \u00ab\u00a0les faux lib\u00e9rateurs\u00a0 de 1997\u00bb et les crimes odieux qu\u2019ils ont commis.<\/div>\n<div>Si le Congo avait un gouvernement populaire, l\u00e9gal, l\u00e9gitime et responsable, il reviendrait sur les recettes ayant fait leurs preuves tout au long de son histoire (\u00e0 l\u2019instar de deux exemples que nous\u00a0 venions de citer). Il\u00a0 reverrait ses relations avec\u00a0 tous\u00a0 ces pays directement impliqu\u00e9s dans \u00ab\u00a0la politique profonde\u00a0\u00bb dont la guerre raciste d\u2019agression et de pr\u00e9dation est l\u2019une des\u00a0 expressions. Il \u00e9tudierait la possibilit\u00e9 de mettre fin, dans les meilleurs d\u00e9lais, \u00e0 la mission de l\u2019ONU. Il passerait\u00a0 la meilleure partie de son temps \u00e0 travailler \u00e0 la popularisation du pouvoir avec les masses de nos jeunes et de nos paysans\u00a0; \u00e0 la base. Les solutions imm\u00e9diates comme \u00ab\u00a0les concertations dites nationales\u00a0\u00bb\u00a0 participent de la manipulation des <i>politicailleurs <\/i>par les r\u00e9seaux mafieux de \u00a0pr\u00e9dation. Si le Congo avait un pouvoir populaire, il instaurerait un dialogue permanent\u00a0 et continu avec tous ses fils et toutes ses filles sur toutes les questions d\u2019int\u00e9r\u00eat g\u00e9n\u00e9ral. Malheureusement, il n\u2019en est pas encore l\u00e0.<\/div>\n<p>&nbsp;<\/p>\n<div><em>Mbelu Babanya Kabudi<\/em><\/div>\n<div><\/div>\n<hr align=\"left\" size=\"1\" width=\"33%\" \/>\n<div>\n<div>[1] Lire J. STIGLITZ,\u00a0 <i>Le prix de l\u2019in\u00e9galit\u00e9<\/i>, tr. de l\u2019am\u00e9ricain par\u00a0 Fran\u00e7oise et Paul Chemla, Paris, Les liens qui lib\u00e8rent, 2012.<\/div>\n<\/div>\n<div>\n<div>[2]Lire\u00a0 P. DALE SCOTT, <i>La machine de guerre am\u00e9ricaine. La politique profonde, la CIA, la drogue, l\u2019Afghanistan<\/i>,\u2026tr de l\u2019am\u00e9ricain par Maxime Chaix &amp; Anthony Spaggiari, Paris, Demi-Lune,\u00a0 2012.\u00a0 Il est int\u00e9ressant de lire Peter Dale Scott pour approfondir\u00a0 la notion de \u00ab\u00a0la tol\u00e9rance culturelle \u00e0 la violence et au meurtre\u00a0\u00bb comme fruit de l\u2019application permanente\u00a0 et continue\u00a0 de \u00ab\u00a0la politique profonde\u00a0\u00bb \u00e9tasunienne\u00a0 au travers des r\u00e9seaux d\u2019affaires interconnect\u00e9s.\u00a0 \u00ab\u00a0La politique profonde\u00a0\u00bb est domin\u00e9e par l\u2019ambition d\u00e9mesur\u00e9e de domin\u00e9e le monde\u00a0 en entretenant \u00ab\u00a0le d\u00e9sordre\u00a0\u00bb comme\u00a0 l\u2019un des modes d\u2019expression du capitalisme du d\u00e9sastre. Le litre de son livre traduit en fran\u00e7ais en 2011 est tr\u00e8s \u00e9loquent \u00e0 ce sujet\u00a0: <i>La route vers le nouveau d\u00e9sordre mondiale. 50 ans d\u2019ambitions am\u00e9ricaines<\/i>.<\/div>\n<\/div>\n<p>[3] Pour approfondir le r\u00f4le jou\u00e9 par Paul Kagame dans les crimes li\u00e9s \u00e0 la pr\u00e9dation\u00a0 en RDC, il serait int\u00e9ressant de lire ou de\u00a0 relire cet article\u00a0:\u00a0 E.S. HERMAN, D. PETERSON, <b>Paul Kagame\u00a0: \u00ab\u00a0Our kind of Guy\u00a0\u00bb,<\/b> dans <a href=\"http:\/\/www.voltairenet.org\" target=\"_blank\" rel=\"noopener\">www.voltairenet.org<\/a>, du 02 novembre 2011. Les notes\u00a0 auxquelles cet article renvoie permet de comprendre tant soit peut la trag\u00e9die des pays de l\u2019Afrique centrale et la complicit\u00e9 des acteurs pl\u00e9niers.\t\t<\/p>\n","protected":false},"excerpt":{"rendered":"<p>Par Jean-Pierre Mbelu Les concertations nationales telles qu\u2019annonc\u00e9es par L\u00e9on Kengo risquent d\u2019\u00eatre un app\u00e2t, un pi\u00e8ge tendu aux opposants-mangeurs pour freiner l\u2019\u00e9lan que la lutte d\u2019\u00e9mancipation de l\u2019ordre imp\u00e9rialiste et n\u00e9ocolonial est en train de prendre\u00a0 en RDC. Elles risquent d\u2019\u00eatre une op\u00e9ration de blanchiment des criminels\u00a0 op\u00e9rant au sein des r\u00e9seaux mafieux d\u2019\u00e9lite [&hellip;]<\/p>\n","protected":false},"author":1,"featured_media":5839,"comment_status":"open","ping_status":"open","sticky":false,"template":"","format":"standard","meta":{"_acf_changed":false,"content-type":"","footnotes":""},"categories":[107,124],"tags":[],"class_list":["post-5838","post","type-post","status-publish","format-standard","has-post-thumbnail","hentry","category-analyses-commentaires","category-politique-societe"],"acf":[],"_links":{"self":[{"href":"https:\/\/congolobilelo.com\/IN\/wp-json\/wp\/v2\/posts\/5838","targetHints":{"allow":["GET"]}}],"collection":[{"href":"https:\/\/congolobilelo.com\/IN\/wp-json\/wp\/v2\/posts"}],"about":[{"href":"https:\/\/congolobilelo.com\/IN\/wp-json\/wp\/v2\/types\/post"}],"author":[{"embeddable":true,"href":"https:\/\/congolobilelo.com\/IN\/wp-json\/wp\/v2\/users\/1"}],"replies":[{"embeddable":true,"href":"https:\/\/congolobilelo.com\/IN\/wp-json\/wp\/v2\/comments?post=5838"}],"version-history":[{"count":0,"href":"https:\/\/congolobilelo.com\/IN\/wp-json\/wp\/v2\/posts\/5838\/revisions"}],"wp:featuredmedia":[{"embeddable":true,"href":"https:\/\/congolobilelo.com\/IN\/wp-json\/"}],"wp:attachment":[{"href":"https:\/\/congolobilelo.com\/IN\/wp-json\/wp\/v2\/media?parent=5838"}],"wp:term":[{"taxonomy":"category","embeddable":true,"href":"https:\/\/congolobilelo.com\/IN\/wp-json\/wp\/v2\/categories?post=5838"},{"taxonomy":"post_tag","embeddable":true,"href":"https:\/\/congolobilelo.com\/IN\/wp-json\/wp\/v2\/tags?post=5838"}],"curies":[{"name":"wp","href":"https:\/\/api.w.org\/{rel}","templated":true}]}}