{"id":5835,"date":"2013-08-13T07:30:32","date_gmt":"2013-08-13T07:30:32","guid":{"rendered":"http:\/\/www.ingeta.com\/?p=5835"},"modified":"2013-08-13T07:30:32","modified_gmt":"2013-08-13T07:30:32","slug":"rd-congo-le-massacre-dun-peuple-pour-le-bonheur-du-monde","status":"publish","type":"post","link":"https:\/\/congolobilelo.com\/IN\/rd-congo-le-massacre-dun-peuple-pour-le-bonheur-du-monde\/","title":{"rendered":"RD Congo : Le massacre d\u2019un peuple pour le &#8220;bonheur&#8221; du monde"},"content":{"rendered":"<p>\t\t\t\tPar <a href=\"http:\/\/www.agoravox.fr\/actualites\/international\/article\/rd-congo-le-massacre-d-un-peuple-139469\">Boniface Musavuli<\/a><\/p>\n<p><strong><em>\u00ab\u00a0Le monde est dangereux \u00e0 vivre, non pas tant \u00e0 cause de ceux qui font le mal, mais \u00e0 cause de ceux qui regardent et laissent faire\u00a0\u00bb<\/em> disait Albert Einstein. La phrase r\u00e9sonne comme une proph\u00e9tie ayant trouv\u00e9 sa r\u00e9alisation dans le destin d\u2019un peuple, d\u2019un pays\u00a0: la <span style=\"text-decoration: underline;\">R\u00e9publique d\u00e9mocratique du Congo<\/span>. Ici des souffrances indicibles sont inflig\u00e9es \u00e0 des millions d\u2019innocents depuis deux d\u00e9cennies dans un silence assourdissant des grands m\u00e9dias et des principaux d\u00e9cideurs politiques du monde. Un silence qui en rappelle un autre, il y a un peu plus d\u2019un si\u00e8cle. Entre 1885 et 1907, les Congolais furent l\u2019objet d\u2019un <a href=\"http:\/\/www.youtube.com\/watch?v=p-BCP6XEQi0\">effroyable massacre \u00e0 grande \u00e9chelle<\/a>, \u00e0 l\u2019instigation du roi des Belges de l\u2019\u00e9poque, L\u00e9opold II. L\u2019enjeu, c\u2019\u00e9tait le caoutchouc, indispensable \u00e0 la fabrication des pneus. Aujourd\u2019hui, l\u2019enjeu s\u2019appelle <em>\u00ab\u00a0coltan\u00a0\u00bb, \u00ab\u00a0minerai de sang\u00a0\u00bb<\/em>, indispensable \u00e0 la fabrication de <a href=\"http:\/\/www.youtube.com\/watch?v=luqCulqKHXA\">nos t\u00e9l\u00e9phones portables<\/a>. Ainsi, sur une p\u00e9riode d\u2019un peu plus d\u2019un si\u00e8cle, <span style=\"text-decoration: underline;\">un m\u00eame peuple<\/span>, les Congolais, aura subi, <span style=\"text-decoration: underline;\">dans le silence<\/span> de la communaut\u00e9 internationale, <span style=\"text-decoration: underline;\">deux massacres \u00e0 grande \u00e9chelle<\/span><em> (plusieurs millions de morts chacun)<\/em>, assimilables au crime de g\u00e9nocide. D\u00e8s lors, le peu d\u2019espoir, pour les <em>\u00ab\u00a0victimes oubli\u00e9es\u00a0\u00bb,<\/em> repose sur les initiatives de quelques <em>\u00ab\u00a0indign\u00e9s\u00a0\u00bb<\/em> \u00e7\u00e0-et-l\u00e0, comme les signataires de l\u2019<em>\u00ab\u00a0appel des 52\u00a0\u00bb<\/em>, r\u00e9cemment publi\u00e9, mais sans grand bruit. H\u00e9las\u2026<\/strong><\/p>\n<p><strong><em>Un cri dans le d\u00e9sert\u00a0?<\/em><\/strong><\/p>\n<p>En effet, 52 personnalit\u00e9s ont lanc\u00e9 <a href=\"http:\/\/afrikarabia2.blogs.courrierinternational.com\/archive\/2013\/08\/05\/rdc-l-appel-des-52-pour-un-tpi-au-congo-49092.html\" rel=\"nofollow\">un appel pour la cr\u00e9ation d\u2019un Tribunal p\u00e9nal international pour la R\u00e9publique D\u00e9mocratique du Congo<\/a>. Le document, sign\u00e9 entre autres par Rama Yade, Roselyne Bachelot, Ingrid Betancourt et Gis\u00e8le Halimi, rappelle les terribles souffrances inflig\u00e9es aux populations du Congo et la trag\u00e9die des femmes viol\u00e9es \u00e0 grande \u00e9chelle. Des atrocit\u00e9s que subissent nos <em>\u00ab\u00a0semblables\u00a0\u00bb<\/em>, adultes et enfants, r\u00e9duits au rang de simples <em>\u00ab\u00a0proies\u00a0\u00bb<\/em> dans la ru\u00e9e meurtri\u00e8re des <a href=\"http:\/\/blogs.mediapart.fr\/blog\/sam-la-touch\/190713\/il-y-du-sang-dans-mon-portable-et-ma-tv-rdc\" rel=\"nofollow\">multinationales<\/a> sur les richesses du Congo. Le document des 52 personnalit\u00e9s interpelle au moins 5 dirigeants de la plan\u00e8te<a title=\"\" href=\"http:\/\/www.agoravox.fr\/actualites\/international\/article\/rd-congo-le-massacre-d-un-peuple-139469#_ftn1\" rel=\"nofollow\">[1]<\/a> qui, compte tenu des fonctions qu\u2019ils exercent, peuvent tout \u00e0 fait d\u00e9cider de mettre fin \u00e0 ces horreurs, et s\u2019assurer que les responsables des atrocit\u00e9s r\u00e9pondent de leurs actes devant des juges ind\u00e9pendants. Tout ce qu\u2019on attend d\u2019un <em>\u00ab\u00a0monde civilis\u00e9\u00a0\u00bb<\/em> pr\u00f4nant <em>\u00ab\u00a0les valeurs universelles\u00a0<\/em>\u00a0\u00bb des droits de l\u2019Homme. Et pourtant\u2026<\/p>\n<p><strong><em>Les \u00ab\u00a0grandes impuissances\u00a0\u00bb<\/em><\/strong><\/p>\n<p>Il y a peu de chance que <em>l\u2019appel des 52<\/em> produise le moindre effet. Le document est d\u2019ailleurs en train de traverser le web comme une minuscule flamme de bougie au milieu des t\u00e9n\u00e8bres et d\u2019un silence lunaire. Parce qu\u2019Obama, Hollande, Ban-Ki-moon, Mary Robinson, et surtout le Belge Van Rompuy et leurs entourages savent ce qui se passe. Aucun des cinq dirigeants n\u2019a le moindre int\u00e9r\u00eat \u00e0 entreprendre s\u00e9rieusement des actions pour mettre un terme \u00e0 la souffrance des populations du Congo et faire sanctionner les responsables des crimes. Aussi effroyable que cela puisse para\u00eetre, ces personnalit\u00e9s doivent \u00eatre persuad\u00e9es que le massacre des Congolais aujourd\u2019hui est in\u00e9vitable. Il serait impossible \u00e0 la fois d\u2019inqui\u00e9ter les <em>\u00ab\u00a0machines \u00e0 tuer et \u00e0 violer\u00a0\u00bb<\/em> dans l\u2019Est du Congo et de garantir la prosp\u00e9rit\u00e9 des \u00e9conomies occidentales et le\u00a0confort des consommateurs, en particulier les utilisateurs des t\u00e9l\u00e9phones portables.<\/p>\n<p>Ces appareils sont fabriqu\u00e9s avec du <em>coltan<a title=\"\" href=\"http:\/\/www.agoravox.fr\/actualites\/international\/article\/rd-congo-le-massacre-d-un-peuple-139469#_ftn2\" rel=\"nofollow\"><strong>[2]<\/strong><\/a><\/em>, un minerai dont le Congo d\u00e9tiendrait jusqu\u2019\u00e0 80\u00a0% des r\u00e9serves mondiales. Les approvisionnements se font dans les zones d\u2019extr\u00eame violence du Kivu <em>(Est du Congo)<\/em>\u00a0et les confortables marges des multinationales ne sont assur\u00e9es que si elles continuent de se procurer ces mati\u00e8res strat\u00e9giques \u00e0 vil prix, dans des zones maintenues en situation de non-droit.<\/p>\n<dl>\n<dt><\/dt>\n<dt><strong>L\u2019internationale impuissance<\/strong><\/dt>\n<\/dl>\n<p><strong><em>Tous coupables\u00a0?<\/em><\/strong><\/p>\n<p>Le consommateur a besoin de son t\u00e9l\u00e9phone portable, toujours moins cher. Les op\u00e9rateurs de la t\u00e9l\u00e9phonie mobile, leurs banques, les compagnies d\u2019assurances,\u2026 et les r\u00e9seaux d\u2019hommes et de femmes politiques, tiennent fermement \u00e0 leurs profits. Les usines en Chine qui fabriquent nos produits \u00e9lectroniques doivent continuer \u00e0 fonctionner. Les dirigeants politiques et militaires du Rwanda, de l\u2019Ouganda et de Kinshasa, malgr\u00e9 les millions de morts qu\u2019ils ont sur la conscience, doivent \u00eatre maintenus au pouvoir pour rassurer ce march\u00e9 international de la pr\u00e9dation.<\/p>\n<p>Seules quelques rares consciences, \u00e7\u00e0-et-l\u00e0 dans le monde, tentent de rappeler qu\u2019au bout de la chaine se trouvent des enfants travaillant comme des esclaves dans des mines, ou servant de chair \u00e0 canon dans les interminables combats. De petites filles <em>(parfois de moins de 10 ans)<\/em> sont arrach\u00e9es \u00e0 leurs familles et utilis\u00e9es comme esclaves sexuelles. Des m\u00e8res de famille sont viol\u00e9es en public, contamin\u00e9es au VIH-SIDA et d\u00e9shonor\u00e9es \u00e0 vie.\u00a0Des centaines de milliers de familles<a title=\"\" href=\"http:\/\/www.agoravox.fr\/actualites\/international\/article\/rd-congo-le-massacre-d-un-peuple-139469#_ftn3\" rel=\"nofollow\">[3]<\/a> sont jet\u00e9es dans la nature, chass\u00e9es de leurs villages et condamn\u00e9es \u00e0 mourir \u00e0 petit feu dans des camps de d\u00e9plac\u00e9s du Congo devenus de sordides mouroirs. C\u2019est un syst\u00e8me digne de l\u2019holocauste mais les d\u00e9cideurs politiques des grandes puissances et les grands m\u00e9dias semblent r\u00e9solus \u00e0 s\u2019en accommoder.<\/p>\n<p>Le bilan de la trag\u00e9die des Congolais donne du vertige\u00a0: <strong>5,4 millions de morts <\/strong>selon l\u2019ONG am\u00e9ricaine International Rescue Committee<a title=\"\" href=\"http:\/\/www.agoravox.fr\/actualites\/international\/article\/rd-congo-le-massacre-d-un-peuple-139469#_ftn4\" rel=\"nofollow\"><strong><strong>[4]<\/strong><\/strong><\/a> <em>(<strong>IRC<\/strong><a title=\"\" href=\"http:\/\/www.agoravox.fr\/actualites\/international\/article\/rd-congo-le-massacre-d-un-peuple-139469#_ftn5\" rel=\"nofollow\"><strong>[5]<\/strong><\/a>)<\/em>, quasiment la seule organisation qui s\u2019efforce de r\u00e9aliser un d\u00e9compte objectif des victimes de la guerre du Congo<strong>. <\/strong>Un bilan qui grimpe \u00e0<strong> 6,9 millions de morts <\/strong>selon d\u2019autres estimations<a title=\"\" href=\"http:\/\/www.agoravox.fr\/actualites\/international\/article\/rd-congo-le-massacre-d-un-peuple-139469#_ftn6\" rel=\"nofollow\">[6]<\/a> <em>(estimations du New York Time)<\/em>, la moiti\u00e9 \u00e9tant des enfants.<\/p>\n<p>En r\u00e9alit\u00e9, on ne saura jamais exactement <em>\u00ab\u00a0combien de millions\u00a0de morts\u00a0\u00bb.<\/em> En effet, dans le <em>\u00ab\u00a0silence international\u00a0\u00bb<\/em> figure \u00e9galement le silence des pays qui auraient d\u00fb se manifester <em>(Etats-Unis, Royaume-Uni, France, Belgique\u2026)<\/em> et celui des institutions internationales <em>(ONU, Union europ\u00e9enne)<\/em>. Ils n\u2019ont jamais initi\u00e9 la moindre enqu\u00eate sur l\u2019ampleur de l\u2019h\u00e9catombe. On a pourtant des d\u00e9put\u00e9s, des s\u00e9nateurs, des ministres,\u2026 Tous observent <strong>le plus grand abattoir du monde<\/strong> dans un silence \u00e0 peine croyable. Un choix qui contraste avec leurs prestigieux mandats et les valeurs dont ils se r\u00e9clament.<\/p>\n<p><strong><em>Affaiblir le Congo en tant qu\u2019Etat et laisser faire les \u00ab\u00a0massacreurs\u00a0\u00bb\u00a0?<\/em><\/strong><\/p>\n<p>Lorsque des personnalit\u00e9s dans le monde s\u2019expriment sur la trag\u00e9die du Congo, elles se <em>\u00ab\u00a0d\u00e9foncent\u00a0\u00bb<\/em> sur les <em>\u00ab\u00a0autorit\u00e9s congolaises\u00a0\u00bb<\/em>, accus\u00e9es d\u2019incomp\u00e9tence. Un comportement ubuesque. Car il est de notori\u00e9t\u00e9 publique que les <em>\u00ab\u00a0autorit\u00e9s\u00a0congolaises\u00a0\u00bb<\/em> avaient \u00e9t\u00e9 justement plac\u00e9es au pouvoir, de l\u2019ext\u00e9rieur, en raison de leur incomp\u00e9tence notoire<a title=\"\" href=\"http:\/\/www.agoravox.fr\/actualites\/international\/article\/rd-congo-le-massacre-d-un-peuple-139469#_ftn7\" rel=\"nofollow\">[7]<\/a>. Depuis <a href=\"http:\/\/www.youtube.com\/watch?v=98u6PKgJGL8\" rel=\"nofollow\">\u00a0Patrice Lumumba<\/a>, on redoute que des Congolais comp\u00e9tents et <em>\u00ab\u00a0patriotes\u00a0\u00bb<\/em> acc\u00e8dent au pouvoir et menacent le juteux <em>\u00ab\u00a0syst\u00e8me de pr\u00e9dation\u00a0\u00bb<\/em>. Ainsi les dirigeants congolais actuels <em>(nombreux sont quand-m\u00eame de bonne foi)<\/em> doivent passivement assister au massacre de <em>\u00ab\u00a0leur peuple\u00a0\u00bb<\/em> et accompagner le pillage de <em>\u00ab\u00a0leur pays\u00a0\u00bb<\/em>. <strong>Ils ne peuvent rien faire parce qu\u2019ils ne doivent rien faire<\/strong><a title=\"\" href=\"http:\/\/www.agoravox.fr\/actualites\/international\/article\/rd-congo-le-massacre-d-un-peuple-139469#_ftn8\" rel=\"nofollow\">[8]<\/a>. Ils re\u00e7oivent des ordres de l\u2019ext\u00e9rieur. Les Congolais ont \u00e9t\u00e9 d\u00e9pouill\u00e9s de leur souverainet\u00e9<a title=\"\" href=\"http:\/\/www.agoravox.fr\/actualites\/international\/article\/rd-congo-le-massacre-d-un-peuple-139469#_ftn9\" rel=\"nofollow\">[9]<\/a>\u2026<\/p>\n<p>La communaut\u00e9 internationale pr\u00e9f\u00e8re envoyer des ONG et des casques bleus co\u00fbtant plusieurs dizaines de fois le revenu moyen des agents locaux<a title=\"\" href=\"http:\/\/www.agoravox.fr\/actualites\/international\/article\/rd-congo-le-massacre-d-un-peuple-139469#_ftn10\" rel=\"nofollow\">[10]<\/a>, pour des r\u00e9sultats parfois risibles. Il suffirait pourtant de laisser les Congolais choisir librement leurs dirigeants et commencer \u00e0 reb\u00e2tir leur pays <em>(mairies, police, arm\u00e9e, \u00e9coles, h\u00f4pitaux,\u2026)<\/em>, parce qu\u2019au final, il s\u2019agit bien de <em>\u00ab\u00a0leur pays\u00a0\u00bb<\/em>.<\/p>\n<p><strong><em>Comment en est-on arriv\u00e9 l\u00e0\u00a0?<\/em><\/strong><\/p>\n<p>Ce mariage atroce entre le monde civilis\u00e9 et la barbarie la plus abjecte, a pu se r\u00e9aliser, et pourrait encore durer, gr\u00e2ce \u00e0 la combinaison d\u2019un ensemble de facteurs s\u00fbrement mieux d\u00e9crits dans <em>\u00ab\u00a0Congo &#8211; Une histoire\u00a0\u00bb<\/em> du journaliste belge David Van Reybrouck.<\/p>\n<p>Trop t\u00f4t, <em>\u00ab\u00a0le sous-sol du Congo s&#8217;av\u00e9ra receler un v\u00e9ritable &#8220;scandale g\u00e9ologique<a title=\"\" href=\"http:\/\/www.agoravox.fr\/actualites\/international\/article\/rd-congo-le-massacre-d-un-peuple-139469#_ftn11\" rel=\"nofollow\"><strong>[11]<\/strong><\/a>&#8221; (&#8230;) C&#8217;\u00e9tait presque trop beau pour \u00eatre vrai.\u00a0\u00bb<\/em><a title=\"\" href=\"http:\/\/www.agoravox.fr\/actualites\/international\/article\/rd-congo-le-massacre-d-un-peuple-139469#_ftn12\" rel=\"nofollow\">[12]<\/a> Le pays a ainsi, d\u00e8s sa cr\u00e9ation, aiguis\u00e9 les app\u00e9tits des <em>\u00ab\u00a0pr\u00e9dateurs\u00a0\u00bb<\/em> de tous poils qui se ruent sur ses richesses, chaque g\u00e9n\u00e9ration \u00e0 son tour.<\/p>\n<p>Selon David Van Reybrouck, \u00ab\u00a0<em>Aucun pays au monde n&#8217;a eu autant de \u2018chance\u2019<a title=\"\" href=\"http:\/\/www.agoravox.fr\/actualites\/international\/article\/rd-congo-le-massacre-d-un-peuple-139469#_ftn13\" rel=\"nofollow\"><strong>[13]<\/strong><\/a> que le Congo avec ses richesses naturelles. Ces cent cinquante derni\u00e8res ann\u00e9es, chaque fois que le march\u00e9 international a exprim\u00e9 une demande pressante pour une certaine mati\u00e8re premi\u00e8re &#8211; l&#8217;ivoire \u00e0 l&#8217;\u00e9poque victorienne, le caoutchouc apr\u00e8s l\u2019invention du pneu gonflable, le cuivre lors de la forte expansion industrielle et militaire, l&#8217;uranium durant la guerre froide, le courant alternatif pendant la crise p\u00e9troli\u00e8re des ann\u00e9es 1970, le coltan \u00e0 l&#8217;\u00e8re de la t\u00e9l\u00e9phonie mobile\u00a0-, le Congo s&#8217;est av\u00e9r\u00e9 disposer de gigantesques r\u00e9serves de la marchandise convoit\u00e9e. Il a pu ais\u00e9ment r\u00e9pondre \u00e0 la demande<\/em>.\u00a0\u00bb<a title=\"\" href=\"http:\/\/www.agoravox.fr\/actualites\/international\/article\/rd-congo-le-massacre-d-un-peuple-139469#_ftn14\" rel=\"nofollow\">[14]<\/a><\/p>\n<dl>\n<dt><\/dt>\n<dt><strong>Le coltan ou le malheur de tout un peuple<\/strong><\/dt>\n<\/dl>\n<p><strong><em>Le caoutchouc, les pneus et l\u2019holocauste congolais\u00a0: devoir de m\u00e9moire<\/em><\/strong><\/p>\n<p>Longtemps avant la catastrophe du coltan, ce fut le caoutchouc. En 1888, l\u2019Ecossais John Boyd Dunlop invente <strong>le caoutchouc gonflable<\/strong>. Comme nos ing\u00e9nieurs des t\u00e9l\u00e9phones portables, Dunlop va am\u00e9liorer le confort des milliers de gens <em>(voyageurs en Europe et en Am\u00e9rique).<\/em> Mais il est loin de se douter qu\u2019il vient de d\u00e9clencher un cycle de massacre qui se soldera par <strong>la mort de millions de Congolais<\/strong> et autant de mutil\u00e9s <em>(les mains coup\u00e9es)<\/em>. Avant l\u2019invention de Dunlop, les automobiles et les bicyclettes roulaient avec des roues en bois cercl\u00e9es de m\u00e9tal. On aurait d\u00fb en rester l\u00e0 s\u2019il \u00e9tait possible d\u2019emp\u00eacher les <strong>inventions catastrophiques<\/strong>. La demande mondiale de caoutchouc explosa.<\/p>\n<p>Le Congo se retrouva \u00eatre le seul pays au monde disposant d\u2019immenses r\u00e9serves d\u2019arbres \u00e0 caoutchouc. Le roi des Belges L\u00e9opold II, <em>\u00ab\u00a0propri\u00e9taire\u00a0\u00bb<\/em> de l\u2019<a href=\"https:\/\/fr.wikipedia.org\/wiki\/%C3%89tat_ind%C3%A9pendant_du_Congo#Quel_bilan_.3F\" rel=\"nofollow\">Etat Ind\u00e9pendant du Congo<\/a> <em>(EIC)<\/em> mit alors sur pied un syst\u00e8me monstrueux pire que le <em>Goulag<\/em>. Il y a encore des survivants qui t\u00e9moignent, toujours hant\u00e9s par les sc\u00e8nes d\u2019horreur qu\u2019un \u00e9pouvantable souverain r\u00e9pandit sur le Congo. Tout un pays fut transform\u00e9 en un vaste camp de travail forc\u00e9. Chaque Congolais, dans un secteur donn\u00e9, devait rapporter une quantit\u00e9 d\u00e9termin\u00e9e de caoutchouc. Ceux qui s\u2019opposaient \u00e0 la corv\u00e9e ou n\u2019atteignaient pas les objectifs, souvent hors de port\u00e9e, \u00e9taient mutil\u00e9s ou tu\u00e9s. Leurs familles \u00e9taient massacr\u00e9es et leurs villages incendi\u00e9s. Les horreurs de L\u00e9opold II d\u00e9passent l\u2019entendement. Les soldats furent astreints de rapporter \u00e0 leurs sup\u00e9rieurs <em>\u00ab\u00a0blancs\u00a0\u00bb,<\/em> des t\u00eates, des mains ou des pieds pour attester que les cartouches fournies avaient bien servi \u00e0 <em>\u00ab\u00a0tuer des gens\u00a0\u00bb<\/em> et non du gibier. Les d\u00e9rives \u00e9taient in\u00e9vitables. Pour se constituer un stock de cartouches, les soldats se mirent \u00e0 couper les mains des <em>\u00ab\u00a0vivants\u00a0\u00bb<\/em>. Selon les historiens, le r\u00e8gne de L\u00e9opold II co\u00fbta la vie \u00e0 la moiti\u00e9 des habitants du Congo <em>(entre 8 et 30 millions de victimes)<\/em><a title=\"\" href=\"http:\/\/www.agoravox.fr\/actualites\/international\/article\/rd-congo-le-massacre-d-un-peuple-139469#_ftn15\" rel=\"nofollow\">[15]<\/a>. Le roi des Belges amassa une immense fortune gr\u00e2ce au caoutchouc et l\u2019industrie automobile prosp\u00e9ra\u2026 le tout sur les charniers des millions de Congolais.<\/p>\n<p><strong><em>Nos \u00ab\u00a0anc\u00eatres\u00a0\u00bb, ces h\u00e9ros\u2026<\/em><\/strong><\/p>\n<p>Cette h\u00e9catombe et l\u2019enrichissement qu\u2019elle procura rappelle \u00e9trangement ce qui se passe aujourd\u2019hui sous nos yeux, dans l\u2019Est du Congo autour des minerais de sang. Mais il y a quelque chose d\u2019\u00e9tonnant dans la poursuite de la trag\u00e9die du coltan puisqu\u2019on aurait cru qu\u2019en un si\u00e8cle, l\u2019humanit\u00e9 f\u00fbt suffisamment p\u00e9trie de valeurs humanistes. <a href=\"http:\/\/www.un.org\/fr\/documents\/udhr\/\" rel=\"nofollow\">La D\u00e9claration universelle des droits de l\u2019Homme<\/a> est apprise dans les \u00e9coles \u00e0 chacune de nos g\u00e9n\u00e9rations.<\/p>\n<p>En tout cas, la trag\u00e9die du <em>\u00ab\u00a0caoutchouc rouge\u00a0\u00bb<\/em> prit fin lorsque les Europ\u00e9ens entreprirent de manifester leur indignation \u00e0 l\u2019encontre de L\u00e9opold II. Les victimes du roi n\u2019\u00e9taient pourtant que des <em>\u00ab\u00a0N\u00e8gres\u00a0\u00bb<\/em> \u00e0 une \u00e9poque o\u00f9 le racisme \u00e9tait encore publiquement assum\u00e9. Mais \u00e0 un certain seuil de cruaut\u00e9, les Europ\u00e9ens ne pouvaient plus se retenir. Ils bascul\u00e8rent dans des campagnes de protestation contre le souverain belge, \u00e0 l\u2019initiative de quelques courageux anonymes comme le journaliste britannique <em>(d\u2019origine fran\u00e7aise)<\/em> Edmund Dene Morel<a title=\"\" href=\"http:\/\/www.agoravox.fr\/actualites\/international\/article\/rd-congo-le-massacre-d-un-peuple-139469#_ftn16\" rel=\"nofollow\">[16]<\/a>.<\/p>\n<p>Plus d\u2019un si\u00e8cle apr\u00e8s, l\u2019inertie des descendants des m\u00eames Europ\u00e9ens, pourtant plus instruits et plus sensibilis\u00e9s aux valeurs humanistes, \u00e9tonne. Le massacre des Congolais, peut-\u00eatre, profite \u00e0 bien trop de monde \u00e0 la fois <em>(consommateurs, multinationales, banques, usines chinoises, hommes politiques, journalistes (craignant d\u2019aborder le sujet pour pr\u00e9server leurs carri\u00e8res)\u2026)<\/em>.<\/p>\n<p>Quoi qu\u2019il en soit, les signataires de <em>l\u2019appel des 52<\/em> pour un Tribunal p\u00e9nal international pour le Congo, pr\u00e9viennent, dans leur document, que les futures g\u00e9n\u00e9rations nous jugerons. Pour le confort d\u2019un t\u00e9l\u00e9phone portable, qui ne sera d\u2019ailleurs plus de service dans seulement quelques mois, nous f\u00fbmes associ\u00e9s \u00e0 l\u2019extermination des millions d\u2019innocents\u2026<\/p>\n<p>&nbsp;<\/p>\n<p><em><strong>Boniface MUSAVULI<\/strong><\/em><\/p>\n<div>\n<p>&nbsp;<\/p>\n<hr align=\"left\" size=\"1\" width=\"33%\" \/>\n<div>\n<p><a title=\"\" href=\"http:\/\/www.agoravox.fr\/actualites\/international\/article\/rd-congo-le-massacre-d-un-peuple-139469#_ftnref1\" rel=\"nofollow\">[1]<\/a> Le document interpelle <strong>Barack OBAMA<\/strong>, Pr\u00e9sident des \u00c9tats-Unis\u00a0; <strong>Fran\u00e7ois HOLLANDE<\/strong>, Pr\u00e9sident de la R\u00e9publique fran\u00e7aise\u00a0; <strong>BAN-Ki-moon<\/strong>, Secr\u00e9taire g\u00e9n\u00e9ral des Nations Unies, <strong>Herman Van ROMPUY<\/strong>, Pr\u00e9sident du Conseil europ\u00e9en, <strong>Mary ROBINSON<\/strong>, ancienne Pr\u00e9sidente d\u2019Irlande et envoy\u00e9e sp\u00e9ciale du Secr\u00e9taire g\u00e9n\u00e9ral de l\u2019ONU dans la r\u00e9gion des Grands lacs.<\/p>\n<\/div>\n<div><\/div>\n<div>\n<p><a title=\"\" href=\"http:\/\/www.agoravox.fr\/actualites\/international\/article\/rd-congo-le-massacre-d-un-peuple-139469#_ftnref2\" rel=\"nofollow\">[2]<\/a> <strong><span style=\"text-decoration: underline;\">Le coltan<\/span><\/strong>. <em>\u00ab\u00a0Cela ne ressemblait \u00e0 rien, on aurait dit du gravier noir, qui pesait tr\u00e8s lourd, on en trouvait dans la boue mais, soudain, le monde entier en r\u00e9clama. Pour le Rwanda, cette marchandise devint le principal int\u00e9r\u00eat \u00e9conomique du Congo. Ce qu&#8217;\u00e9tait le caoutchouc en 1900, le coltan le fut en 2000\u00a0: une mati\u00e8re premi\u00e8re pr\u00e9sente en grandes quantit\u00e9s localement (le Congo d\u00e9tenait, d&#8217;apr\u00e8s les estimations, plus de 80\u00a0% des r\u00e9serves mondiales) et pour laquelle se manifesta brusquement \u00e0 l&#8217;\u00e9chelle mondiale une demande pressante. Les t\u00e9l\u00e9phones portables devinrent les pneus de ce nouveau tournant de si\u00e8cle. Le coltan se compose de colombite (niobium) et de tantale, deux \u00e9l\u00e9ments chimiques qui dans la classification p\u00e9riodique de Mendele\u00efev se situent exactement l&#8217;un au-dessus de l&#8217;autre. Tandis que le nio\u00adbium est utilis\u00e9 dans la production d&#8217;acier inoxydable pour, entre autres, les piercings, le tantale est un m\u00e9tal au point de fusion extr\u00eamement \u00e9lev\u00e9 (pr\u00e8s de 3 000 degr\u00e9s Celsius). Il est donc par\u00adticuli\u00e8rement adapt\u00e9 aux superalliages dans l&#8217;industrie de l&#8217;a\u00e9ros\u00adpatiale et aux condensateurs dans le domaine de l&#8217;\u00e9lectronique. Il suffit d&#8217;ouvrir un quelconque t\u00e9l\u00e9phone portable, lecteur mp3, lecteur de DVD, ordinateur portable ou une console de jeu pour trouver \u00e0 l&#8217;int\u00e9rieur un labyrinthe vert sur lequel sont fix\u00e9es toutes sortes d&#8217;\u00e9l\u00e9ments incompr\u00e9hensibles. Les petites perles de cou\u00adleur vive en forme de goutte d&#8217;eau, ce sont les condensateurs. En grattant un peu, on peut les ouvrir et on se retrouve avec un petit morceau de Congo dans la main.\u00a0\u00bb<\/em> D. VAN REYBROUCK, <em>Congo &#8211; Une histoire<\/em>, ACTES SUD, 2012, p. 489.<\/p>\n<\/div>\n<div>\n<p><a title=\"\" href=\"http:\/\/www.agoravox.fr\/actualites\/international\/article\/rd-congo-le-massacre-d-un-peuple-139469#_ftnref3\" rel=\"nofollow\">[3]<\/a> Le Haut-Commissariat aux R\u00e9fugi\u00e9s estime \u00e0 2.669.069 le nombre des Congolais d\u00e9plac\u00e9s de guerre et \u00e0 509.396 le nombre de r\u00e9fugi\u00e9s congolais \u00e0 l\u2019\u00e9tranger. Source\u00a0: <a href=\"http:\/\/www.unhcr.org\/pages\/49e45c366.html\" rel=\"nofollow\">http:\/\/www.unhcr.org\/pages\/49e45c366.html#<\/a><\/p>\n<\/div>\n<div>\n<p><a title=\"\" href=\"http:\/\/www.agoravox.fr\/actualites\/international\/article\/rd-congo-le-massacre-d-un-peuple-139469#_ftnref4\" rel=\"nofollow\">[4]<\/a> <a href=\"http:\/\/www.rescue.org\/sites\/default\/files\/migrated\/resources\/2007\/2006-7_congomortalitysurvey.pdf\" rel=\"nofollow\">http:\/\/www.rescue.org\/sites\/default&#8230;<\/a> &#8211; page 16.<\/p>\n<\/div>\n<div>\n<p><a title=\"\" href=\"http:\/\/www.agoravox.fr\/actualites\/international\/article\/rd-congo-le-massacre-d-un-peuple-139469#_ftnref5\" rel=\"nofollow\">[5]<\/a> L\u2019ironie veut que cette ONG am\u00e9ricaine f\u00fbt cr\u00e9\u00e9e en 1933 \u00e0 la suggestion d\u2019<strong>Albert Einstein <\/strong>\u00e0 qui on doit cette phrase qui r\u00e9sonne comme une proph\u00e9tie pour les victimes du Congo\u00a0: \u00ab\u00a0<strong><em>Le monde est dangereux \u00e0\u00a0vivre,\u00a0non pas tant \u00e0\u00a0cause de ceux qui font le mal, mais \u00e0\u00a0cause de ceux qui regardent et laissent faire.&#8221;<\/em><\/strong><\/p>\n<\/div>\n<div>\n<p><a title=\"\" href=\"http:\/\/www.agoravox.fr\/actualites\/international\/article\/rd-congo-le-massacre-d-un-peuple-139469#_ftnref6\" rel=\"nofollow\">[6]<\/a> <a href=\"http:\/\/www.nytimes.com\/2010\/02\/07\/opinion\/07kristof.html\" rel=\"nofollow\">http:\/\/www.nytimes.com\/2010\/02\/07\/o&#8230;<\/a><\/p>\n<\/div>\n<div>\n<p><a title=\"\" href=\"http:\/\/www.agoravox.fr\/actualites\/international\/article\/rd-congo-le-massacre-d-un-peuple-139469#_ftnref7\" rel=\"nofollow\">[7]<\/a> <i>L\u2019affirmation suivante du docteur Helmut Strizek me semble pertinente\u00a0: <em>\u00ab\u00a0Apr\u00e8s la mort de Laurent-D\u00e9sir\u00e9 Kabila, Kagame obtiendra de ses alli\u00e9s am\u00e9ricains et europ\u00e9ens \u2014 l&#8217;intervention de l&#8217;Eufor au Congo est \u00e0 situer dans ce contexte \u2014 que le Congo soit dirig\u00e9 par <strong>\u2018un jeune Rwandais inoffensif<\/strong>\u2019, en la personne de Joseph Kabila. Ceci permettrait au Rwanda de faire main basse sur les richesses du Congo et \u00e0 Kagame d&#8217;\u00eatre s\u00fbr que le danger, dans la lutte contre son pouvoir dictatorial, ne viendrait pas de la R\u00e9publique d\u00e9mocratique du Congo.\u00a0\u00bb<\/em><\/i> Pierre PEAN, <em>Carnage &#8211; Les guerres secr\u00e8tes des grandes puissances en Afrique<\/em>, \u00c9ditions Fayard, 2010, p. 418.<\/p>\n<\/div>\n<div>\n<p><a title=\"\" href=\"http:\/\/www.agoravox.fr\/actualites\/international\/article\/rd-congo-le-massacre-d-un-peuple-139469#_ftnref8\" rel=\"nofollow\">[8]<\/a> Et\u00e9 2004\u00a0: l\u2019<a href=\"http:\/\/www.rfi.fr\/actufr\/articles\/055\/article_29312.asp\" rel=\"nofollow\">arm\u00e9e rwandaise<\/a> occupe la ville de Bukavu dans l\u2019Est du Congo et se livre \u00e0 des exactions <em>(plus de 200 femmes viol\u00e9es en plus d\u2019assassinats et de pillages, notamment le pillage de la banque de Bukavu)<\/em>. <em>\u00ab\u00a0Le 22 juin 2004, en fin de journ\u00e9e, monsieur Javier Solana t\u00e9l\u00e9phone \u00e0 Joseph Kabila. (\u2026). Ce qui l&#8217;int\u00e9resse c&#8217;est le fait que Kabila doit rester passif devant les incursions rwandaises (\u2026) le haut repr\u00e9sentant de l&#8217;Union Europ\u00e9enne et l&#8217;ensemble des grandes puissances mettent d\u00e9sormais l&#8217;accent sur l&#8217;\u00e9lection de Joseph Kabila en RDC. On lui recommande donc la pond\u00e9ration et presque l&#8217;immobilisme face \u00e0 l&#8217;agression du Rwanda. Face aux exigences de la \u00ab\u00a0communaut\u00e9 internationale\u00a0\u00bb et de Javier Solana, Joseph Kabila se montre coop\u00e9ratif et donc rassurant. Le pr\u00e9sident congolais, d\u00e9sign\u00e9 comme tel \u00e0 la mort de Laurent-D\u00e9sir\u00e9 Kabila, s&#8217;aper\u00e7oit progressivement qu&#8217;il est soutenu par l&#8217;Union Europ\u00e9enne, que celle-ci mise d\u00e9j\u00e0 sur lui pour les \u00e9lections pr\u00e9sidentielles et qu&#8217;il n&#8217;est pas dans son int\u00e9r\u00eat de stigmatiser le Rwanda ou de s&#8217;opposer \u00e0 Kigali. (\u2026) Il affirme donc dans son entretien avec monsieur Solana qu&#8217;il va surmonter la crise de l&#8217;Est \u00ab\u00a0avec sagesse\u00a0\u00bb, c&#8217;est-\u00e0-dire qu&#8217;il ne fera rien (\u2026)\u00a0\u00bb <\/em>Charles ONANA, <em>Europe, Crimes et Censure au Congo, les documents qui accusent<\/em>, Ed. Duboiris, 2012, pp. 231-232.<\/p>\n<\/div>\n<div>\n<p><a title=\"\" href=\"http:\/\/www.agoravox.fr\/actualites\/international\/article\/rd-congo-le-massacre-d-un-peuple-139469#_ftnref9\" rel=\"nofollow\">[9]<\/a> C\u2019est ce qu\u2019il faut comprendre, par exemple, de r\u00e9cents \u00e9v\u00e8nements dans le Kivu. L\u2019arm\u00e9e congolaise, command\u00e9e par un certain <a href=\"http:\/\/www.youtube.com\/watch?v=LObh__O6xR0\" rel=\"nofollow\">colonel Mamadou Ndala<\/a>, avait entrepris de reconqu\u00e9rir les territoires sous occupation du Rwanda dissimul\u00e9 derri\u00e8re l\u2019\u00e9tiquette du M23. <a href=\"http:\/\/www.bbc.co.uk\/afrique\/region\/2013\/07\/130715_rdc_goma_17h.shtml\" rel=\"nofollow\">Les soldats congolais encha\u00eenaient des victoires prometteuses<\/a>. Le pays avait l\u2019occasion de r\u00e9gler d\u00e9finitivement la question des groupes arm\u00e9s, pilot\u00e9s par le Rwanda et l\u2019Ouganda, qui ravagent l\u2019Est du Congo depuis trop longtemps. A la surprise g\u00e9n\u00e9rale, l\u2019offensive est stopp\u00e9e net sur ordre, semble-t-il, de Joseph Kabila et de la Monusco, provoquant la col\u00e8re de la population de Goma contre Joseph Kabila et la Monusco. C\u2019\u00e9tait le sabotage de trop. Parce que c\u2019est le m\u00eame scenario depuis deux d\u00e9cennies. Chaque fois que les Congolais ont l\u2019occasion de relever la t\u00eate, ils sont somm\u00e9s de renoncer, comme s\u2019ils n\u2019avaient plus aucun droit sur l\u2019avenir de <strong><em>\u00ab\u00a0leur pays\u00a0\u00bb<\/em><\/strong>.<\/p>\n<\/div>\n<div>\n<p><a title=\"\" href=\"http:\/\/www.agoravox.fr\/actualites\/international\/article\/rd-congo-le-massacre-d-un-peuple-139469#_ftnref10\" rel=\"nofollow\">[10]<\/a> Les 23.734 agents civils et militaires de l\u2019ONU au Congo disposent d\u2019un budget annuel de 1.347.588.800 $us, soit un co\u00fbt mensuel par individu de 4.731,56 $us. Les 3.069 membres de la Brigade d\u2019intervention (R\u00e9solution <a href=\"http:\/\/www.un.org\/french\/documents\/view_doc.asp?symbol=S\/RES\/2098%282013%29\" rel=\"nofollow\">2098(2013)<\/a>) b\u00e9n\u00e9ficient d\u2019un budget de 140.000.000 $us, soit un co\u00fbt mensuel par individu de 3.801,45 $us.<\/p>\n<p>Source\u00a0: <a href=\"http:\/\/www.un.org\/fr\/peacekeeping\/missions\/monusco\/facts.shtml\" rel=\"nofollow\">http:\/\/www.un.org\/fr\/peacekeeping\/missions\/monusco\/facts.shtml<\/a> . Le soldat congolais, quant \u00e0 lui per\u00e7oit un salaire de mis\u00e8re, quand il est pay\u00e9, et son montant est assez mal connu. Selon la D\u00e9mocratie Chr\u00e9tienne, un parti d\u2019opposition, un <strong><em>colonel congolais<\/em><\/strong> per\u00e7oit une solde mensuelle de <strong><em>80 $us<\/em><\/strong> tandis qu\u2019un <strong><em>soldat de premi\u00e8re classe<\/em><\/strong> est r\u00e9tribu\u00e9 <strong><em>65,30 $us<\/em><\/strong>. Source\u00a0: <a href=\"http:\/\/democratiechretienne.org\/2012\/06\/16\/3178\/\" rel=\"nofollow\">http:\/\/democratiechretienne.org\/2012\/06\/16\/3178\/<\/a>.<\/p>\n<\/div>\n<div>\n<p><a title=\"\" href=\"http:\/\/www.agoravox.fr\/actualites\/international\/article\/rd-congo-le-massacre-d-un-peuple-139469#_ftnref11\" rel=\"nofollow\">[11]<\/a> Jules Cornet, g\u00e9ologue belge <em>(1865-1929)<\/em> d\u00e9crit le Congo comme un scandale g\u00e9ologique. Il semble incr\u00e9dule en d\u00e9couvrant les immenses gisements miniers du pays surtout ceux de la r\u00e9gion du Katanga dont il r\u00e9alisa une carte d\u00e9taill\u00e9e.<\/p>\n<\/div>\n<div>\n<p><a title=\"\" href=\"http:\/\/www.agoravox.fr\/actualites\/international\/article\/rd-congo-le-massacre-d-un-peuple-139469#_ftnref12\" rel=\"nofollow\">[12]<\/a> D\u00a0VAN\u00a0REYBROUCK,\u00a0<em>Congo \u2013 Une histoire<\/em>, ACTES SUD, 2012, p. 139.<\/p>\n<\/div>\n<div>\n<p><a title=\"\" href=\"http:\/\/www.agoravox.fr\/actualites\/international\/article\/rd-congo-le-massacre-d-un-peuple-139469#_ftnref13\" rel=\"nofollow\">[13]<\/a> Le mot <em>\u00ab\u00a0chance\u00a0\u00bb<\/em> n\u2019est toutefois pas soutenable. Les richesses du Congo sont ind\u00e9niablement une mal\u00e9diction qui se traduit par d\u2019indicibles horreurs au quotidien et la d\u00e9sesp\u00e9rance des victimes devant le mur international du silence.<\/p>\n<\/div>\n<div>\n<p><a title=\"\" href=\"http:\/\/www.agoravox.fr\/actualites\/international\/article\/rd-congo-le-massacre-d-un-peuple-139469#_ftnref14\" rel=\"nofollow\">[14]<\/a> D\u00a0VAN\u00a0REYBROUCK, <em>op.cit<\/em>. p. 139.<\/p>\n<\/div>\n<div>\n<p><a title=\"\" href=\"http:\/\/www.agoravox.fr\/actualites\/international\/article\/rd-congo-le-massacre-d-un-peuple-139469#_ftnref15\" rel=\"nofollow\">[15]<\/a> <a href=\"https:\/\/fr.wikipedia.org\/wiki\/%C3%89tat_ind%C3%A9pendant_du_Congo#Quel_bilan_.3F\" rel=\"nofollow\">https:\/\/fr.wikipedia.org\/wiki\/%C3%89tat_ind%C3%A9pendant_du_Congo#Quel_bilan_.3F<\/a><\/p>\n<\/div>\n<div>\n<p><a title=\"\" href=\"http:\/\/www.agoravox.fr\/actualites\/international\/article\/rd-congo-le-massacre-d-un-peuple-139469#_ftnref16\" rel=\"nofollow\">[16]<\/a> <a href=\"http:\/\/fr.wikipedia.org\/wiki\/Edmund_Dene_Morel\" rel=\"nofollow\">http:\/\/fr.wikipedia.org\/wiki\/Edmund_Dene_Morel<\/a><\/p>\n<\/div>\n<\/div>\n<p>&nbsp;\t\t<\/p>\n","protected":false},"excerpt":{"rendered":"<p>Par Boniface Musavuli \u00ab\u00a0Le monde est dangereux \u00e0 vivre, non pas tant \u00e0 cause de ceux qui font le mal, mais \u00e0 cause de ceux qui regardent et laissent faire\u00a0\u00bb disait Albert Einstein. La phrase r\u00e9sonne comme une proph\u00e9tie ayant trouv\u00e9 sa r\u00e9alisation dans le destin d\u2019un peuple, d\u2019un pays\u00a0: la R\u00e9publique d\u00e9mocratique du Congo. [&hellip;]<\/p>\n","protected":false},"author":1,"featured_media":5836,"comment_status":"open","ping_status":"open","sticky":false,"template":"","format":"standard","meta":{"_acf_changed":false,"content-type":"","footnotes":""},"categories":[107,120,124],"tags":[],"class_list":["post-5835","post","type-post","status-publish","format-standard","has-post-thumbnail","hentry","category-analyses-commentaires","category-mondialisation","category-politique-societe"],"acf":[],"_links":{"self":[{"href":"https:\/\/congolobilelo.com\/IN\/wp-json\/wp\/v2\/posts\/5835","targetHints":{"allow":["GET"]}}],"collection":[{"href":"https:\/\/congolobilelo.com\/IN\/wp-json\/wp\/v2\/posts"}],"about":[{"href":"https:\/\/congolobilelo.com\/IN\/wp-json\/wp\/v2\/types\/post"}],"author":[{"embeddable":true,"href":"https:\/\/congolobilelo.com\/IN\/wp-json\/wp\/v2\/users\/1"}],"replies":[{"embeddable":true,"href":"https:\/\/congolobilelo.com\/IN\/wp-json\/wp\/v2\/comments?post=5835"}],"version-history":[{"count":0,"href":"https:\/\/congolobilelo.com\/IN\/wp-json\/wp\/v2\/posts\/5835\/revisions"}],"wp:featuredmedia":[{"embeddable":true,"href":"https:\/\/congolobilelo.com\/IN\/wp-json\/"}],"wp:attachment":[{"href":"https:\/\/congolobilelo.com\/IN\/wp-json\/wp\/v2\/media?parent=5835"}],"wp:term":[{"taxonomy":"category","embeddable":true,"href":"https:\/\/congolobilelo.com\/IN\/wp-json\/wp\/v2\/categories?post=5835"},{"taxonomy":"post_tag","embeddable":true,"href":"https:\/\/congolobilelo.com\/IN\/wp-json\/wp\/v2\/tags?post=5835"}],"curies":[{"name":"wp","href":"https:\/\/api.w.org\/{rel}","templated":true}]}}