{"id":5824,"date":"2013-08-08T17:13:38","date_gmt":"2013-08-08T17:13:38","guid":{"rendered":"http:\/\/www.ingeta.com\/?p=5824"},"modified":"2013-08-08T17:13:38","modified_gmt":"2013-08-08T17:13:38","slug":"genocide-au-rwanda-shoah-de-lafrique","status":"publish","type":"post","link":"https:\/\/congolobilelo.com\/IN\/genocide-au-rwanda-shoah-de-lafrique\/","title":{"rendered":"G\u00e9nocide au Rwanda, Shoah de l&#8217;Afrique ?"},"content":{"rendered":"<p>\t\t\t\tPatrick Mbeko, auteur du livre\u00a0 &#8220;Le Canada dans les guerres en Afrique Centrale&#8230;&#8221;, expose son analyse sur la question du g\u00e9nocide au Rwanda.<\/p>\n<p>Pour cet analyste politique &#038; g\u00e9ostrat\u00e9gique, les associations (pro-)juives ont int\u00e9r\u00eat \u00e0 veiller \u00e0 ce fonds de commerce parce qu\u2019Isra\u00ebl profite de la politique de pr\u00e9dation de Paul Kagam\u00e9 dans la r\u00e9gion. Et le but est de continuer \u00e0 justifier les politiques des sous-traitants africains des \u00e9lites anglo-saxonnes, quitte \u00e0 occulter leurs crimes et \u00e0 s\u2019attaquer \u00e0 tous ceux qui s\u2019attaquent \u00e0 la version officielle de l\u2019histoire.<\/p>\n<p><iframe loading=\"lazy\" frameborder=\"0\" width=\"560\" height=\"315\" src=\"http:\/\/www.dailymotion.com\/embed\/video\/x12sn0v\"><\/iframe><br \/><a href=\"http:\/\/www.dailymotion.com\/video\/x12sn0v_genocide-au-rwanda-shoah-de-l-afrique-entretien-avec-patrick-mbeko_news\" target=\"_blank\" rel=\"noopener\">G&eacute;nocide au Rwanda, Shoah de l&#039;Afrique&#8230;<\/a> <i>par <a href=\"http:\/\/www.dailymotion.com\/BetaInterview\" target=\"_blank\" rel=\"noopener\">BetaInterview<\/a><\/i>\t\t<\/p>\n","protected":false},"excerpt":{"rendered":"<p>Patrick Mbeko, auteur du livre\u00a0 &#8220;Le Canada dans les guerres en Afrique Centrale&#8230;&#8221;, expose son analyse sur la question du g\u00e9nocide au Rwanda. Pour cet analyste politique &#038; g\u00e9ostrat\u00e9gique, les associations (pro-)juives ont int\u00e9r\u00eat \u00e0 veiller \u00e0 ce fonds de commerce parce qu\u2019Isra\u00ebl profite de la politique de pr\u00e9dation de Paul Kagam\u00e9 dans la r\u00e9gion. [&hellip;]<\/p>\n","protected":false},"author":1,"featured_media":5825,"comment_status":"open","ping_status":"open","sticky":false,"template":"","format":"video","meta":{"_acf_changed":false,"content-type":"","footnotes":""},"categories":[148,124,133],"tags":[],"class_list":["post-5824","post","type-post","status-publish","format-video","has-post-thumbnail","hentry","category-documents-presse","category-politique-societe","category-videos","post_format-post-format-video"],"acf":[],"_links":{"self":[{"href":"https:\/\/congolobilelo.com\/IN\/wp-json\/wp\/v2\/posts\/5824","targetHints":{"allow":["GET"]}}],"collection":[{"href":"https:\/\/congolobilelo.com\/IN\/wp-json\/wp\/v2\/posts"}],"about":[{"href":"https:\/\/congolobilelo.com\/IN\/wp-json\/wp\/v2\/types\/post"}],"author":[{"embeddable":true,"href":"https:\/\/congolobilelo.com\/IN\/wp-json\/wp\/v2\/users\/1"}],"replies":[{"embeddable":true,"href":"https:\/\/congolobilelo.com\/IN\/wp-json\/wp\/v2\/comments?post=5824"}],"version-history":[{"count":0,"href":"https:\/\/congolobilelo.com\/IN\/wp-json\/wp\/v2\/posts\/5824\/revisions"}],"wp:featuredmedia":[{"embeddable":true,"href":"https:\/\/congolobilelo.com\/IN\/wp-json\/"}],"wp:attachment":[{"href":"https:\/\/congolobilelo.com\/IN\/wp-json\/wp\/v2\/media?parent=5824"}],"wp:term":[{"taxonomy":"category","embeddable":true,"href":"https:\/\/congolobilelo.com\/IN\/wp-json\/wp\/v2\/categories?post=5824"},{"taxonomy":"post_tag","embeddable":true,"href":"https:\/\/congolobilelo.com\/IN\/wp-json\/wp\/v2\/tags?post=5824"}],"curies":[{"name":"wp","href":"https:\/\/api.w.org\/{rel}","templated":true}]}}