{"id":5814,"date":"2013-08-02T18:09:18","date_gmt":"2013-08-02T18:09:18","guid":{"rendered":"http:\/\/www.ingeta.com\/?p=5814"},"modified":"2013-08-02T18:09:18","modified_gmt":"2013-08-02T18:09:18","slug":"lultimatum-de-lonu-contre-les-groupes-armes-une-duperie","status":"publish","type":"post","link":"https:\/\/congolobilelo.com\/IN\/lultimatum-de-lonu-contre-les-groupes-armes-une-duperie\/","title":{"rendered":"L\u2019ultimatum de l\u2019ONU contre les groupes arm\u00e9s, une duperie!"},"content":{"rendered":"<p>\t\t\t\tPar <a href=\"http:\/\/desc-wondo.org\/lultimatum-de-lonu-contre-les-groupes-armees-une-duperie-jerome-kengawe\/\">J\u00e9r\u00f4me Kengawe Ziambi<\/a>*<\/p>\n<p><strong>Le scepticisme pr\u00e9vaut vis \u00e0 vis de l\u2019ultimatum que la Monusco a lanc\u00e9, il y a quelques jours avec fracas, \u00e0 toute personne susceptible de poss\u00e9der des armes aux environs de la zone de Goma.<\/strong><\/p>\n<p>Il est \u00e9tonnant et suspect de constater que cet ordre ne concerne que les personnes alors que l\u2019ins\u00e9curit\u00e9 est, essentiellement, provoqu\u00e9e soit par de bandes arm\u00e9es \u00e9trang\u00e8res ou\u00a0 ouvertement soutenues par des \u00e9tats \u00e9trangers. Profitant de la d\u00e9cr\u00e9pitude voire la disparition de l\u2019\u00e9tat Kinois-Congolais, ceux- ci ont d\u00e9localis\u00e9 sur son sol leurs conflits internes, leur volont\u00e9 de cr\u00e9er un espace vital, un genre de lebensraum Hitl\u00e9rien ainsi que l\u2019enrichissement de son \u00e9lite par l\u2019exploitation des ressources naturelles.<\/p>\n<p>Au lieu de s\u2019attaquer \u00e0 la racine du mal, l\u2019 ONU se contente de lancer des missions de police contre les Congolais qui d\u00e9tiennent des armes .<\/p>\n<p>La Monusco sait pertinemment que\u00a0 la majorit\u00e9 de ces personnes poss\u00e8dent des armes dans le but d\u2019autod\u00e9fense ou de r\u00e9sistance. Les citoyens Am\u00e9ricains, n\u2019ont-ils pas le droit de d\u00e9tenir des armes pour leur d\u00e9fense? Tenant compte de l\u2019histoire macabre de cette partie du territoire national. il est compr\u00e9hensible que les habitants de cette province meurtrie poss\u00e8dent des moyens de d\u00e9fense. Puisque l\u2019\u00e9tat Congolais en putr\u00e9faction, ne leur garantie pas le droit \u00e0 la s\u00e9curit\u00e9. En outre, l\u2019ins\u00e9curit\u00e9 n\u2019est pas caus\u00e9e par les Congolais mais par des \u00e9trangers. D\u00e8s\u00a0 lors, tout citoyen congolais, habitant cette contr\u00e9e, a le droit inali\u00e9nable de prot\u00e9ger sa vie et celle des siens.<\/p>\n<p>L\u2019ins\u00e9curit\u00e9 au Kivu est l\u2019\u0153uvre macabre du criminel rwandais, Kagame, alias le Hitler Africain. Le renversement de son r\u00e9gime despotique et sa traduction devant une juridiction p\u00e9nale devrait \u00eatre le principal objectif\u00a0 de la communaut\u00e9 internationale pour ramener la paix dans cette r\u00e9gion. On sait comment cette communaut\u00e9 soutient le peuple Congolais!!!<\/p>\n<p>Par ailleurs, nous savons que n\u2019e\u00fbt \u00e9t\u00e9 l\u2019existence et le courage de certains groupes Mai Mai, le Kivu serait devenu depuis belle lurette une province du Rwanda. Finalisant ainsi, cette volont\u00e9 d\u00e9moniaque de cr\u00e9er cet espace vital, au d\u00e9triment du Congo et de son peuple.<\/p>\n<p>Compte tenu de ces \u00e9l\u00e9ments, la bande \u00e0 d\u00e9sarmer, en priorit\u00e9, est le M23 qui est l\u2019\u00e9manation directe du Rwanda.<\/p>\n<p>La Monusco, en se d\u00e9tournant de cet objectif vital pour l\u2019avenir du pays, c\u2019est-\u00e0-dire l\u2019an\u00e9antissement du M23 et toutes les bandes arm\u00e9es rwandaises s\u00e9vissant au Congo. Elle s\u2019attaque aux groupes d\u2019autod\u00e9fense et aux r\u00e9sistants congolais, cet acte constitue un acte de guerre contre la nation Congolaise. Car cette portion de la patrie risque d\u2019\u00eatre livr\u00e9e pieds et poings li\u00e9s au Rwanda si ces groupes des patriotes sont, tout simplement, d\u00e9mantel\u00e9s et d\u00e9sarm\u00e9s<strong>.<\/strong> En effet,<em> &#8220;ce ne sont pas les FARDC , une arm\u00e9e infiltr\u00e9e, volontairement et sciemment r\u00e9duite en lambeaux que la patrie en p\u00e9ril se d\u00e9fendra et r\u00e9sistera contre cette invasion\/occupation&#8221;<\/em>.<em><\/em><\/p>\n<p>Le Nord Kivu est- elle une zone de guerre? oui, alors la Monusco doit livrer une vraie guerre contre ceux qui veulent l\u2019occuper en usant du terrorisme et de la violence contre les femmes. Cependant, elle doit \u00e9pargner les r\u00e9sistants et les aider \u00e0 d\u00e9fendre leur terre et \u00e0 prot\u00e9ger\u00a0 leur int\u00e9grit\u00e9 physique.<\/p>\n<p>Pour quelques heures d\u2019attentats et 3 500 morts, les USA ont envahi et renvers\u00e9 le gouvernement Afghan Taliban qui prot\u00e9geait l\u2019instigateur de cet ignoble acte. Alors que le Congo-Kinshasa subit depuis plus de 17 ans le terrorisme de Kagame et a enterr\u00e9 6 millions de ses citoyens doit dialoguer avec ce boucher. Vas-y comprendre?<\/p>\n<p>Le gouvernement congolais et ses dirigeants emp\u00eatr\u00e9s dans leurs imp\u00e9rities et leurs palinodies se r\u00e9jouissent d\u2019une initiative dont ils feignent d\u2019ignorer le v\u00e9ritable objectif qui est la disparition de la nation.<\/p>\n<p>Le congolais habitu\u00e9 \u00e0 la satisfaction facile et rapide et \u00e0 la na\u00efvet\u00e9 gobe pour une \u00e9ni\u00e8me fois cette farce de mauvais go\u00fbt.<\/p>\n<p>Qui se souvient encore qu\u2019il y a 20 ans existait un pays qui s\u2019 appelait Yougoslavie?\u00a0 H\u00e9las! Cet \u00e9tat a disparu et a la place 7 pays ind\u00e9pendants sont n\u00e9s. Il en est de m\u00eame pour l\u2019URSS\u2026Pourquoi le Congo \u00e9chapperait-il \u00e0 ce funeste sc\u00e9nario? en outre, un v\u00e9ritable plan de balkanisation est concoct\u00e9 pour sa r\u00e9alisation, qui se souvient de la tourn\u00e9e du secr\u00e9taire g\u00e9n\u00e9ral des nations unies, Ban KI MOON et du pr\u00e9sident de la banque mondiale, Jim YONG KIM \u00e0 la fin du mois de mai dernier. Ils avaient apport\u00e9 dans leur valise une enveloppe de 1 milliard de dollars, destin\u00e9e\u00a0 \u00e0 construire des r\u00e9seaux routiers et \u00e9lectriques ainsi que d\u2019autres infrastructures aux fronti\u00e8res de l\u2019Ouganda, du Rwanda et du Burundi.<\/p>\n<p>Le Congo de l\u2019int\u00e9rieur dispose-t-il d\u00e9j\u00e0 de toutes ces infrastructures pour que la banque mondiale puisse financer ces projets pouvant servir au bien \u00eatre des pires ennemis du peuple Congolais? Mbandaka est-il d\u00e9j\u00e0 reli\u00e9 par la voie routi\u00e8re \u00e0 Kisangani ou \u00e0 Kinshasa pour qu\u2019on se soucie de construire des routes reliant Goma \u00e0 Kampala ou \u00e0 Kigali ? Quel int\u00e9r\u00eat le Congo en tire? Pour remercier ses bourreaux\u2026<\/p>\n<p>Enfin, afin de redorer son image, l\u2019ultimatum de la Monusco ne devrait viser que des groupes arm\u00e9s \u00e9trangers ou de bandes arm\u00e9es sponsoris\u00e9es par les \u00e9tats \u00e9trangers qui s\u00e8ment la d\u00e9solation au Congo. En outre, elle ne doit pas mettre sur le m\u00eame pieds d\u2019\u00e9galit\u00e9 les Fdlr et le M23. Ce dernier est un r\u00e9el danger pour l\u2019int\u00e9grit\u00e9 du Congo tandis que les Fdlr n\u2019ont jamais repr\u00e9sent\u00e9 une menace cr\u00e9dible contre le Rwanda. Par contre, elles constituent \u00e9galement une source de d\u00e9stabilisation pour le Congo.<\/p>\n<p>En persistant sur cette voie, La Monusco ferait le travail de ce que Kagame n\u2019a pas r\u00e9ussi \u00e0 r\u00e9aliser en 17 ans du terrorisme permanent: D\u00e9sarmer le peuple congolais<strong>.<\/strong><\/p>\n<p>Peut-on esp\u00e9rer cette fois-ci? J\u2019en doute parce que la Monusco n\u2019est plus \u00e0 une contradiction pr\u00e8s. Il est temps pour la Monusco que l\u2019histoire ne retienne pas qu\u2019elle rime avec fiasco.<br \/>\n<em>J\u00e9r\u00f4me Kengawe Ziambi<\/em><br \/>\n<em> Desc-Wondo.org<\/em><br \/>\n&#8212;&#8212;&#8212;&#8212;&#8212;&#8212;-<br \/>\n<em>*J\u00e9r\u00f4me Kengawe Ziambi est criminologue et dipl\u00f4m\u00e9 de l\u2019\u00c9cole Royale Militaire. Il est \u00e9galement d\u00e9tenteur d\u2019un master sp\u00e9cial en droit et \u00e9conomie des assurances (ULB).<\/em>\t\t<\/p>\n","protected":false},"excerpt":{"rendered":"<p>Par J\u00e9r\u00f4me Kengawe Ziambi* Le scepticisme pr\u00e9vaut vis \u00e0 vis de l\u2019ultimatum que la Monusco a lanc\u00e9, il y a quelques jours avec fracas, \u00e0 toute personne susceptible de poss\u00e9der des armes aux environs de la zone de Goma. Il est \u00e9tonnant et suspect de constater que cet ordre ne concerne que les personnes alors [&hellip;]<\/p>\n","protected":false},"author":1,"featured_media":5815,"comment_status":"open","ping_status":"open","sticky":false,"template":"","format":"standard","meta":{"_acf_changed":false,"content-type":"","footnotes":""},"categories":[107,124],"tags":[],"class_list":["post-5814","post","type-post","status-publish","format-standard","has-post-thumbnail","hentry","category-analyses-commentaires","category-politique-societe"],"acf":[],"_links":{"self":[{"href":"https:\/\/congolobilelo.com\/IN\/wp-json\/wp\/v2\/posts\/5814","targetHints":{"allow":["GET"]}}],"collection":[{"href":"https:\/\/congolobilelo.com\/IN\/wp-json\/wp\/v2\/posts"}],"about":[{"href":"https:\/\/congolobilelo.com\/IN\/wp-json\/wp\/v2\/types\/post"}],"author":[{"embeddable":true,"href":"https:\/\/congolobilelo.com\/IN\/wp-json\/wp\/v2\/users\/1"}],"replies":[{"embeddable":true,"href":"https:\/\/congolobilelo.com\/IN\/wp-json\/wp\/v2\/comments?post=5814"}],"version-history":[{"count":0,"href":"https:\/\/congolobilelo.com\/IN\/wp-json\/wp\/v2\/posts\/5814\/revisions"}],"wp:featuredmedia":[{"embeddable":true,"href":"https:\/\/congolobilelo.com\/IN\/wp-json\/"}],"wp:attachment":[{"href":"https:\/\/congolobilelo.com\/IN\/wp-json\/wp\/v2\/media?parent=5814"}],"wp:term":[{"taxonomy":"category","embeddable":true,"href":"https:\/\/congolobilelo.com\/IN\/wp-json\/wp\/v2\/categories?post=5814"},{"taxonomy":"post_tag","embeddable":true,"href":"https:\/\/congolobilelo.com\/IN\/wp-json\/wp\/v2\/tags?post=5814"}],"curies":[{"name":"wp","href":"https:\/\/api.w.org\/{rel}","templated":true}]}}