{"id":5809,"date":"2013-08-02T07:03:04","date_gmt":"2013-08-02T07:03:04","guid":{"rendered":"http:\/\/www.ingeta.com\/?p=5809"},"modified":"2013-08-02T07:03:04","modified_gmt":"2013-08-02T07:03:04","slug":"lucha-lextension-immediate-de-la-zone-de-securite-au-dela-de-kibati","status":"publish","type":"post","link":"https:\/\/congolobilelo.com\/IN\/lucha-lextension-immediate-de-la-zone-de-securite-au-dela-de-kibati\/","title":{"rendered":"Lucha: &#8220;Nous exigeons l&#8217;extension imm\u00e9diate de la zone de s\u00e9curit\u00e9 au del\u00e0 de Kibati&#8221;"},"content":{"rendered":"<p>\t\t\t\t<strong>Communiqu\u00e9 du 2 ao\u00fbt 2013 de la <a href=\"http:\/\/www.facebook.com\/lucha.rdcongo\">Lucha (Lutte pour le changement)<\/a>, le mouvement civique compos\u00e9 de jeunes Congolais, bas\u00e9 \u00e0 Goma.<\/strong><\/p>\n<p>Le d\u00e9lai de 48 heures accord\u00e9 mardi 30 juillet aux personnes portant des armes \u00e0 feu dans une zone \u00ab\u00a0de s\u00e9curit\u00e9\u00a0\u00bb allant de Goma \u00e0 Sake, et du lac Kivu au flanc sud du volcan Nyiragongo, a expir\u00e9. Cette zone \u00e9tait d\u00e9j\u00e0 relativement s\u00e9curis\u00e9e, car sous le contr\u00f4le des Forces arm\u00e9es de la R\u00e9publique D\u00e9mocratique du Congo.<\/p>\n<p>Nous rappelons que si la brigade d\u2019intervention souhaite appliquer son mandat de neutraliser les groupes arm\u00e9s en proc\u00e9dant \u00e9tape par \u00e9tape, cela est parfaitement compr\u00e9hensible \u00e0 nos yeux. Mais la progression doit \u00eatre telle que la brigade ait fini son mandat d\u2019ici le mois de mars 2014. Au-del\u00e0, les FARDC doivent \u00eatre \u00e0 mesure d\u2019assurer le ratissage et la consolidation de la s\u00e9curit\u00e9, parce que les souffrances dont la population du Nord-Kivu n\u2019ont que trop dur\u00e9, et parce que la MONUSCO ne doit pas s\u2019\u00e9terniser dans notre pays.<\/p>\n<p>C\u2019est pour cela que nous exigeons l\u2019extension imm\u00e9diate de la zone de s\u00e9curit\u00e9 au-del\u00e0 de la ligne de Kibati pr\u00e9alablement \u00e9tablie, afin de s\u00e9curiser les autres milliers de populations civiles se trouvant dans les zones sous occupation du M23 et d\u2019autres groupes arm\u00e9s, qui subissent des exactions absolument inacceptables. Nous rappelons que ces derni\u00e8res semaines, dans les territoires de Rutshuru et de Nyiragongo par les rebelles du M23, les contributions obligatoires pr\u00e9lev\u00e9es sur les civils, les pillages, les arrestations, enl\u00e8vements, enr\u00f4lement forc\u00e9 et autres exactions ont pris une allure particuli\u00e8rement inqui\u00e9tante.<\/p>\n<p>Par ailleurs, nous consid\u00e9rons pour qu\u2019il est absurde de pr\u00e9tendre prot\u00e9ger la population civile des zones \u00ab\u00a0dens\u00e9ment peupl\u00e9es de Goma et Sake\u00a0\u00bb sans prot\u00e9ger leurs sources d\u2019approvisionnement en denr\u00e9es alimentaires qui sont pr\u00e9cis\u00e9ment les r\u00e9gions ins\u00e9curis\u00e9es actuellement par les groupes arm\u00e9s ( Masisi, Nyiragongo, Rutshuru, Lubero, Walikale et Beni). En m\u00eame temps, le meilleur service que l\u2019on puisse rendre aux d\u00e9plac\u00e9s internes n\u2019est pas de les confiner dans des camps entour\u00e9s de chars, mais de r\u00e9tablir la paix dans leurs milieux de provenance afin qu\u2019ils retournent chez eux au plus vite.<\/p>\n<p>La confiance de la population en la volont\u00e9 de la MONUSCO de contribuer r\u00e9ellement au r\u00e9tablissement de la paix est s\u00e9rieusement entam\u00e9e. Il ne sert \u00e0 rien d\u2019en rajouter. La MONUSCO et la brigade d\u2019intervention ont donc int\u00e9r\u00eat \u00e0 \u00e9tendre imm\u00e9diatement la zone de s\u00e9curit\u00e9 et de progresser le plus rapidement possible, sans quoi l\u2019impatience de la population risque de prendre une tournure impr\u00e9visible dont les Nations-Unies partageront la responsabilit\u00e9.<\/p>\n<p>Nous rappelons aux Nations-Unies et \u00e0 l\u2019ensemble de la communaut\u00e9 internationale notre refus cat\u00e9gorique de tout accord avec un groupe rebelle, de toute int\u00e9gration des insurg\u00e9s dans les forces de s\u00e9curit\u00e9 ou l\u2019administration publique, et de toute mesure d\u2019impunit\u00e9 des criminels ayant endeuill\u00e9 notre pays. Nous sommes favorables \u00e0 \u00ab\u00a0processus politique cr\u00e9dible\u00a0\u00bb qui exclut l\u2019impunit\u00e9 et la prime \u00e0 des criminels, et qui permette le retour d\u2019une paix durable. Les pourparlers de Kampala n\u2019offrent aucune perspective de ce genre, et les Nations-Unies devraient cesser imm\u00e9diatement de les soutenir.<\/p>\n<p>&nbsp;<\/p>\n<p><b>Fait \u00e0 Goma, le 2 ao\u00fbt 2013. <\/b><br \/>\n<b><i>Le mouvement <a href=\"http:\/\/congolucha.wordpress.com\">Lutte pour le Changement \u2013 LUCHA<\/a>.<\/i><\/b><\/p>\n<p>&nbsp;\t\t<\/p>\n","protected":false},"excerpt":{"rendered":"<p>Communiqu\u00e9 du 2 ao\u00fbt 2013 de la Lucha (Lutte pour le changement), le mouvement civique compos\u00e9 de jeunes Congolais, bas\u00e9 \u00e0 Goma. Le d\u00e9lai de 48 heures accord\u00e9 mardi 30 juillet aux personnes portant des armes \u00e0 feu dans une zone \u00ab\u00a0de s\u00e9curit\u00e9\u00a0\u00bb allant de Goma \u00e0 Sake, et du lac Kivu au flanc sud [&hellip;]<\/p>\n","protected":false},"author":1,"featured_media":5810,"comment_status":"open","ping_status":"open","sticky":false,"template":"","format":"standard","meta":{"_acf_changed":false,"content-type":"","footnotes":""},"categories":[160,124],"tags":[],"class_list":["post-5809","post","type-post","status-publish","format-standard","has-post-thumbnail","hentry","category-nouvelles-front-est","category-politique-societe"],"acf":[],"_links":{"self":[{"href":"https:\/\/congolobilelo.com\/IN\/wp-json\/wp\/v2\/posts\/5809","targetHints":{"allow":["GET"]}}],"collection":[{"href":"https:\/\/congolobilelo.com\/IN\/wp-json\/wp\/v2\/posts"}],"about":[{"href":"https:\/\/congolobilelo.com\/IN\/wp-json\/wp\/v2\/types\/post"}],"author":[{"embeddable":true,"href":"https:\/\/congolobilelo.com\/IN\/wp-json\/wp\/v2\/users\/1"}],"replies":[{"embeddable":true,"href":"https:\/\/congolobilelo.com\/IN\/wp-json\/wp\/v2\/comments?post=5809"}],"version-history":[{"count":0,"href":"https:\/\/congolobilelo.com\/IN\/wp-json\/wp\/v2\/posts\/5809\/revisions"}],"wp:featuredmedia":[{"embeddable":true,"href":"https:\/\/congolobilelo.com\/IN\/wp-json\/"}],"wp:attachment":[{"href":"https:\/\/congolobilelo.com\/IN\/wp-json\/wp\/v2\/media?parent=5809"}],"wp:term":[{"taxonomy":"category","embeddable":true,"href":"https:\/\/congolobilelo.com\/IN\/wp-json\/wp\/v2\/categories?post=5809"},{"taxonomy":"post_tag","embeddable":true,"href":"https:\/\/congolobilelo.com\/IN\/wp-json\/wp\/v2\/tags?post=5809"}],"curies":[{"name":"wp","href":"https:\/\/api.w.org\/{rel}","templated":true}]}}