{"id":5793,"date":"2013-07-27T22:37:21","date_gmt":"2013-07-27T22:37:21","guid":{"rendered":"http:\/\/www.ingeta.com\/?p=5793"},"modified":"2013-07-27T22:37:21","modified_gmt":"2013-07-27T22:37:21","slug":"la-lucha-met-en-garde-la-monusco-et-sa-brigade-dintervention","status":"publish","type":"post","link":"https:\/\/congolobilelo.com\/IN\/la-lucha-met-en-garde-la-monusco-et-sa-brigade-dintervention\/","title":{"rendered":"La Lucha met en garde la MONUSCO et sa brigade d&#8217;intervention!"},"content":{"rendered":"<p>\t\t\t\t<strong>Communiqu\u00e9 de <a href=\"https:\/\/www.facebook.com\/lucha.rdcongo\">la Lucha (Lutte pour le changement)<\/a>, le mouvement civique compos\u00e9 de jeunes Congolais, bas\u00e9 \u00e0 Goma.<\/strong><br \/>\n<br \/>\nA l&#8217;attention de Monsieur Martin Kobler, Repr\u00e9sentant sp\u00e9cial du Secr\u00e9taire g\u00e9n\u00e9ral de l&#8217;ONU en RDC.<br \/>\n<br \/>\nNous sommes profond\u00e9ment indign\u00e9s et agac\u00e9s par l&#8217;attitude des responsables de l&#8217;ONU, de la MONUSCO et de la Brigade d&#8217;intervention face aux violences et menaces graves dont nous, population civile congolaise de l&#8217;est de la RDC, continuons d&#8217;\u00eatre victimes de la part du M23 et d&#8217;autres groupes arm\u00e9s.<\/p>\n<p>Nous sommes bien conscients que la responsabilit\u00e9 premi\u00e8re de nous prot\u00e9ger et d&#8217;assurer la paix et la s\u00e9curit\u00e9 sur l&#8217;ensemble du territoire national, incombe en premier lieu l&#8217;Etat, \u00e0 travers le gouvernement, l&#8217;arm\u00e9e, la police, l&#8217;administration et les autres institutions et services. C&#8217;est d&#8217;ailleurs \u00e0 cette fin que concourt notre lutte citoyenne.<\/p>\n<p>N\u00e9anmoins, si la communaut\u00e9 internationale a d\u00e9cid\u00e9 de d\u00e9ployer dans notre pays une mission de &#8220;maintien de la paix&#8221; (la MONUSCO), avec pour mandat principal la &#8220;protection des civils&#8221;, c&#8217;est pr\u00e9cis\u00e9ment parce que notre Etat avait failli dans ses fonctions les plus \u00e9l\u00e9mentaires, dont celle d&#8217;assurer la protection de ses citoyens. Quatorze ans ont pass\u00e9, et il n&#8217;y a rien qui a chang\u00e9 fondamentalement. A Kiwanja, Masisi, Oicha, Lubero, Bunagana, Kanyaruchinya, Goma, Fizi, Walikale ou Bunia, nous sommes toujours soumis aux m\u00eames violences, expos\u00e9s aux m\u00eames risques, voire \u00e0 pire. La cr\u00e9ation de la brigade d&#8217;intervention, en mars 2013, est venue comme un aveu de la communaut\u00e9 internationale de l&#8217;\u00e9chec de la MONUSCO et de la n\u00e9cessit\u00e9 d&#8217;imposer la paix plut\u00f4t que de pr\u00e9tendre la maintenir quand elle n&#8217;existe pas.<\/p>\n<p>Quatorze ans que des milliers de Casques Bleus et de fonctionnaires onusiens se pavanent dans nos villes et villages; que le bruit de leurs engins ajoute \u00e0 notre traumatisme plus qu&#8217;il ne nous rassure; que des milliards de dollars sont d\u00e9pens\u00e9s en notre nom sans que notre souffrance ne connaisse le moindre r\u00e9pit; C&#8217;EST TROP. Nous ne demandons pas \u00e0 la MONUSCO ou \u00e0 la brigade d&#8217;intervention d&#8217;assumer les fonctions de notre Etat, mais d&#8217;assumer les leurs propres, telles que d\u00e9finies dans les r\u00e9solutions du Conseil de S\u00e9curit\u00e9. De deux choses l&#8217;une : soit la MONUSCO assure effectivement son mandat de protection des civils (et pas seulement \u00e0 Goma comme ses responsables le pr\u00e9tendent sans vergogne &#8211; et encore !) et la brigade d&#8217;intervention &#8220;neutralise&#8221; tous les groupes arm\u00e9s, \u00e0 commencer par le M23; soit elle plie ses bagages et se d\u00e9sengage de notre pays. L&#8217;impatience dont la population congolaise a fait montre a atteint ses limites. Nous avons des dirigeants et une classe politique irresponsables, oui. Mais en quoi la communaut\u00e9 internationale est-elle plus responsable si elle ne peut pas assumer ce pour quoi elle s&#8217;est librement engag\u00e9e? A moins que ce ne soit dans son int\u00e9r\u00eat de faire perdurer nos souffrances, sous un masque de compassion et de solidarit\u00e9 !<\/p>\n<p>Nous EXIGEONS donc de la MONUSCO et sa brigade d&#8217;intervention qu&#8221;elles assument sans d\u00e9lai et \u00e0 la lettre leurs missions ou s&#8217;en aillent de notre pays. Nous DEMANDONS \u00e0 la communaut\u00e9 internationale qu&#8217;elle soutienne de fa\u00e7on plus coh\u00e9rente et plus \u00e9nergique ce qui participe du renforcement de notre Etat, ou qu&#8217;elle s&#8217;abstienne carr\u00e9ment. M\u00eame dans ces souffrances et cette mis\u00e8re indicibles qui lui sont impos\u00e9es, notre Peuple tient \u00e0 sa dignit\u00e9 et \u00e0 sa fiert\u00e9. Nous pr\u00e9f\u00e8rons mourir en essayant par nous-m\u00eames de nous en sortir, que de mourir sous le regard m\u00e9prisant et les atermoiements aga\u00e7ants de secouristes l\u00e9thargiques ou des complices d\u00e9guis\u00e9s en amis.<\/p>\n<p>Si aucun progr\u00e8s significatif n&#8217;est r\u00e9alis\u00e9 d&#8217;ici le mois de mars 2014 dans l&#8217;accomplissement de la mission de la MONUSCO et de sa brigade d&#8217;intervention, nous nous opposerons et appellerons tout notre Peuple \u00e0 s&#8217;opposer, par tous les moyens l\u00e9gitimes, \u00e0 leur maintien dans notre pays.<br \/>\n<br \/>\nAinsi fait \u00e0 Goma, le 27 juillet 2013.<br \/>\nLes jeunes Congolais du mouvement citoyen Lutte pour le Changement &#8211; LUCHA.<br \/>\n<br \/>\nCC \u00e0 :<br \/>\n&#8211; Autorit\u00e9s civiles et militaires de la RDC (toutes);<br \/>\n&#8211; Conseil de S\u00e9curit\u00e9 de l&#8217;ONU;<br \/>\n&#8211; Monsieur Ban Ki-Moon, Secr\u00e9taire G\u00e9n\u00e9ral de l&#8217;ONU;<br \/>\n&#8211; Monsieur Herv\u00e9 Ladsous, sous-Secr\u00e9taire g\u00e9n\u00e9ral de l&#8217;ONU en charge des op\u00e9rations de maintien de la paix;<br \/>\n&#8211; Monsieur Ray Virgilo Torres, Chef de bureau de la MONUSCO\/Nord-Kivu<br \/>\n&#8211; G\u00e9n\u00e9ral Carlos Alberto Dos Santo Da Cruz, Commandant de la force de la MONUSCO;<br \/>\n&#8211; G\u00e9n\u00e9ral James-Aloys Mwakibolwa, Commandant de la Brigade d&#8217;intervention de la MONUSCO;<br \/>\n&#8211; Repr\u00e9sentations diplomatiques accr\u00e9dit\u00e9es \u00e0 Kinshasa (toutes);<br \/>\n&#8211; Organisations de d\u00e9fense des droits de l&#8217;Homma (toutes);<br \/>\n&#8211; M\u00e9dias nationaux et internationaux (tous).<br \/>\n<\/br>\t\t<\/p>\n","protected":false},"excerpt":{"rendered":"<p>Communiqu\u00e9 de la Lucha (Lutte pour le changement), le mouvement civique compos\u00e9 de jeunes Congolais, bas\u00e9 \u00e0 Goma. A l&#8217;attention de Monsieur Martin Kobler, Repr\u00e9sentant sp\u00e9cial du Secr\u00e9taire g\u00e9n\u00e9ral de l&#8217;ONU en RDC. Nous sommes profond\u00e9ment indign\u00e9s et agac\u00e9s par l&#8217;attitude des responsables de l&#8217;ONU, de la MONUSCO et de la Brigade d&#8217;intervention face aux [&hellip;]<\/p>\n","protected":false},"author":1,"featured_media":5794,"comment_status":"open","ping_status":"open","sticky":false,"template":"","format":"standard","meta":{"_acf_changed":false,"content-type":"","footnotes":""},"categories":[160,124],"tags":[],"class_list":["post-5793","post","type-post","status-publish","format-standard","has-post-thumbnail","hentry","category-nouvelles-front-est","category-politique-societe"],"acf":[],"_links":{"self":[{"href":"https:\/\/congolobilelo.com\/IN\/wp-json\/wp\/v2\/posts\/5793","targetHints":{"allow":["GET"]}}],"collection":[{"href":"https:\/\/congolobilelo.com\/IN\/wp-json\/wp\/v2\/posts"}],"about":[{"href":"https:\/\/congolobilelo.com\/IN\/wp-json\/wp\/v2\/types\/post"}],"author":[{"embeddable":true,"href":"https:\/\/congolobilelo.com\/IN\/wp-json\/wp\/v2\/users\/1"}],"replies":[{"embeddable":true,"href":"https:\/\/congolobilelo.com\/IN\/wp-json\/wp\/v2\/comments?post=5793"}],"version-history":[{"count":0,"href":"https:\/\/congolobilelo.com\/IN\/wp-json\/wp\/v2\/posts\/5793\/revisions"}],"wp:featuredmedia":[{"embeddable":true,"href":"https:\/\/congolobilelo.com\/IN\/wp-json\/"}],"wp:attachment":[{"href":"https:\/\/congolobilelo.com\/IN\/wp-json\/wp\/v2\/media?parent=5793"}],"wp:term":[{"taxonomy":"category","embeddable":true,"href":"https:\/\/congolobilelo.com\/IN\/wp-json\/wp\/v2\/categories?post=5793"},{"taxonomy":"post_tag","embeddable":true,"href":"https:\/\/congolobilelo.com\/IN\/wp-json\/wp\/v2\/tags?post=5793"}],"curies":[{"name":"wp","href":"https:\/\/api.w.org\/{rel}","templated":true}]}}