{"id":5777,"date":"2013-07-22T20:56:09","date_gmt":"2013-07-22T20:56:09","guid":{"rendered":"http:\/\/www.ingeta.com\/?p=5777"},"modified":"2013-07-22T20:56:09","modified_gmt":"2013-07-22T20:56:09","slug":"comment-repenser-non-seulement-le-congo-mais-aussi-la-maniere-de-faire-de-la-politique","status":"publish","type":"post","link":"https:\/\/congolobilelo.com\/IN\/comment-repenser-non-seulement-le-congo-mais-aussi-la-maniere-de-faire-de-la-politique\/","title":{"rendered":"Comment repenser non seulement le Congo mais aussi la mani\u00e8re de faire de la politique"},"content":{"rendered":"<p>\t\t\t\tL\u2019analyste politique Jean-Pierre Mbelu montre comment le sch\u00e9ma classique majorit\u00e9\/opposition\/soci\u00e9t\u00e9 civile n\u2019a plus vraiment de sens au Congo, met en garde contre les financements ext\u00e9rieurs des initiatives politiques et citoyennes au Congo, expose des pistes de travail et des principes de base pour repenser le Congo et faire la politique autrement et explique pourquoi, dans ce contexte de r\u00e9sistance du peuple congolais, les combats resurgissent dans l\u2019Est du pays.<\/p>\n<p><iframe loading=\"lazy\" src=\"\/\/www.youtube-nocookie.com\/embed\/tBzx8YYolno\" height=\"315\" width=\"560\" allowfullscreen=\"\" frameborder=\"0\"><\/iframe><\/p>\n<p><strong>Sur la m\u00e9diation du pr\u00e9sident Sassou pour les concertations nationales en RDC<\/strong><\/p>\n<blockquote><p>Comment voulez-vous que Denis Sassou Nguesso qui n\u2019a pas de dialogue du tout avec sa propre opposition au Congo-Brazzaville, puisse travailler pour qu\u2019il y ait coh\u00e9sion et concertation nationale en RDC ?<br \/>\nSassou est-il cr\u00e9dible chez lui pour qu\u2019il vienne pr\u00e9sider les concertations nationales en RD Congo ?<\/p><\/blockquote>\n<p><strong>Sur les questions majeures autour de la coh\u00e9sion nationale<\/strong><\/p>\n<blockquote><p>Il y a des questions auxquelles ces concertations si elles ont lieu doivent poser et r\u00e9pondre : Qu\u2019est-ce qui g\u00e2che la coh\u00e9sion ? Quels sont les acteurs majeurs et mineurs qui font que cette coh\u00e9sion ne puisse pas exister ? Est-ce qu\u2019il peut y avoir une coh\u00e9sion nationale dans un pays o\u00f9 la justice n\u2019existe pas ? Est-ce qu\u2019il peut y avoir une coh\u00e9sion nationale dans un pays o\u00f9 la v\u00e9rit\u00e9 n\u2019a jamais \u00e9t\u00e9 faite sur la guerre qui s\u00e9vit depuis deux d\u00e9cennies ? Peut-il y avoir de la coh\u00e9sion sociale dans un pays o\u00f9 les n\u00e8gres de service malm\u00e8nent et appauvrissent le petit peuple ?<\/p><\/blockquote>\n<p><strong>Sur le sch\u00e9ma classique Majorit\u00e9\/opposition au Congo<\/strong><\/p>\n<blockquote><p>Il y a un pi\u00e8ge dans lequel nous sommes en train de tomber en posant faussement la question de l\u2019organisation politique de notre soci\u00e9t\u00e9. Le sch\u00e9ma classique majorit\u00e9 contre opposition n\u2019est plus de mise dans notre pays : Il y a d\u2019une part le r\u00e9seau national et transnational de pr\u00e9dation, dans lequel vous retrouvez, et des membres de l\u2019opposition politique et des membres de la majorit\u00e9 kabiliste, et d\u2019autre part, vous avez la majorit\u00e9 de la population appauvrie, puis la soci\u00e9t\u00e9 civile. Si nous cherchons \u00e0 r\u00e9soudre les probl\u00e8mes qui se passent dans notre pays suivant le sch\u00e9ma classique majorit\u00e9\/Opposition, nous n\u2019avancerons pas beaucoup et nous ne saurons pas mener une politique d\u2019\u00e9mancipation pour que nos populations deviennent elles-m\u00eames les d\u00e9miurges de leur destin\u00e9e. Si ce qu\u2019il nous reste de la classe politique \u00e9tait courageuse, elle s\u2019engagerait dans les consultations populaires. Mais elle a peur, parce qu\u2019elle sait que si elle s\u2019adonne aux consultations populaires, elle pourra \u00eatre rejet\u00e9e.<br \/>\nC\u2019est une classe politique de jouisseurs, qui s\u2019est coup\u00e9e compl\u00e8tement du peuple et ne va vers lui que pour solliciter des suffrages et quand cela est fait, c\u2019est fini. Ces parlementaires savent qu\u2019ils n\u2019ont pas \u00e9t\u00e9 \u00e9lus mais coopt\u00e9s. Il n\u2019y a plus de politique chez nous, il y a juste un groupe d\u2019affairistes qui fait feu de tout bois pour s\u2019enrichir \u00e0 moindre co\u00fbt et illicitement.<\/p><\/blockquote>\n<p><strong>Sur le r\u00f4le et la place de l\u2019\u00e9glise catholique au Congo<\/strong><\/p>\n<blockquote><p>Historiquement, l\u2019Eglise catholique \u00e0 un poids dans la soci\u00e9t\u00e9 civile congolaise. Mais elle a du mal \u00e0 s\u2019imposer par les actes. C\u2019est vrai que l\u2019Eglise catholique est tr\u00e8s engag\u00e9e mais on voudrait de plus en plus entendre sa voix et voir ses actes.<br \/>\nQuand nous parlons de mouvements sociaux qui ont port\u00e9 certains pr\u00e9sidents de la gauche progressiste au pouvoir en Am\u00e9rique latine, on se rend compte qu\u2019ils ont \u00e9t\u00e9 port\u00e9s par la th\u00e9ologie de la lib\u00e9ration.<br \/>\nComment cette \u00e9glise qui reconna\u00eet son poids pourrait travailler \u00e0 sa coh\u00e9sion interne de fa\u00e7on \u00e0 ce qu\u2019elle parle d\u2019une m\u00eame voix et \u00e9viter des divisions internes qui l\u2019affaiblissent? Nous ne pouvons pas continuer \u00e0 parler du poids de l\u2019Eglise catholique au Congo en passant par les chiffres, en disant, \u00ab Nous sommes 60% du Congo \u00bb, est-ce que cela suffit ? Il faudrait, par des actions concr\u00e8tes, montrer que nous sommes une Eglise \u00e0 c\u00f4t\u00e9 des pauvres ; une Eglise au service des petits, de la libert\u00e9, de la fraternit\u00e9, de l\u2019\u00e9galit\u00e9.<\/p><\/blockquote>\n<p><strong>Sur la diversit\u00e9 des points de vue et les divergences au sein des communaut\u00e9s congolaises<\/strong><\/p>\n<blockquote><p>Dans une soci\u00e9t\u00e9 plurielle comme la n\u00f4tre, nous devrions nous habituer \u00e0 avoir des divergences de points de vue quand nous analysons une question nationale. Nous devrions apprendre \u00e0 nous opposer sans nous massacrer.<br \/>\nMais nous devrions tout faire pour que nos divergences puissent aller dans le sens de recr\u00e9er un autre Congo. Que ce ne soit pas des divergences qui arr\u00eatent la marche de notre pays vers un \u00ab plus \u00bb.<br \/>\nIl faut qu\u2019il y ait une dynamique qui se mette en branle pour que le Congo se remette debout. La pluralit\u00e9 de nos points de vue devrait aller dans ce sens l\u00e0.<br \/>\nComment, tout en n\u2019\u00e9tant pas d\u2019accord sur tel ou tel point, nous mettre d\u2019accord sur certains principes majeurs qui nous aident \u00e0 redynamiser les mouvements qui voudraient que notre pays se redresse.<\/p><\/blockquote>\n<p><strong>Sur la reproduction de mod\u00e8les venus d\u2019ailleurs<\/strong><\/p>\n<blockquote><p>Nous reproduisons des mod\u00e8les venus d\u2019ailleurs, des mod\u00e8les qui sont en train de tomber et de devenir obsol\u00e8tes. Le mod\u00e8le classique politique occidental avec la gauche et la droite, puis la soci\u00e9t\u00e9 civile.<br \/>\nNous ne repensons pas le pays, nous ne repensons pas notre fa\u00e7on de faire de la politique. Nous copions trop, au point que nos copies ne puissent pas \u00e0 certain moment, se r\u00e9v\u00e9ler efficaces pour la marche de notre pays.<br \/>\nLa politique au Congo est d\u00e9finie \u00e0 Kinshasa, et tout se passe comme si Kinshasa \u00e9tait le Congo. Voil\u00e0 le d\u00e9fi \u00e0 lancer aux minorit\u00e9s organis\u00e9es et agissantes pour qu\u2019elles apprennent \u00e0 aller dans l\u2019arri\u00e8re pays. Notre salut viendra aussi de l\u2019arri\u00e8re pays, qui doit pouvoir \u00eatre conquis.<\/p><\/blockquote>\n<p><strong>Sur une autre mani\u00e8re de travailler pour plus d\u2019efficacit\u00e9<\/strong><\/p>\n<blockquote><p>L\u2019essentiel n\u2019est pas de commencer. Commencer, c\u2019est bien beau. Pers\u00e9v\u00e9rer, c\u2019est mieux. Nous nous enfermons trop sur le court terme. Nous croyons que d\u00e8s que nous avons commenc\u00e9, les choses vont aller vite et que nous aurons les r\u00e9sultats escompt\u00e9s. Nous devrions nous habituer \u00e0 travailler sur le court, moyen et long terme. Planifier ce que nous faisons sur 10, 15, 20, 30 ans. Et apprendre au sein de nos organisations \u00e0 passer le relais aux plus jeunes. Il faut davantage mobiliser la jeunesse pour qu\u2019elle comprenne que cette lutte que nous menons ensemble devrait l\u2019engager davantage.<br \/>\nIl faut apprendre \u00e0 aller au-del\u00e0 du court terme. Il faut pers\u00e9v\u00e9rer, dans le temps, en sachant qu\u2019il y a un certain nombre de sacrifices \u00e0 consentir, qu\u2019il y a une certaine abn\u00e9gation dans laquelle on doit s\u2019engager. En sachant \u00e9galement qu\u2019il y a une certaine planification et une certaine \u00e9valuation des actions men\u00e9es pour leur plus grande efficacit\u00e9. Si nous travaillons de cette fa\u00e7on l\u00e0, nous pouvons avoir quelques r\u00e9sultats sur le terme.<\/p><\/blockquote>\n<p><strong>Sur le financement des partis politiques et les bailleurs de fonds<\/strong><\/p>\n<blockquote><p>Nous nous rendons compte que les pays occidentaux sont en difficult\u00e9, que la Gr\u00e8ce est en difficult\u00e9, le Portugal est en difficult\u00e9, l\u2019Espagne est en difficult\u00e9, l\u2019Italie est en difficult\u00e9. Nous nous rendons compte qu\u2019il y a des villes am\u00e9ricains qui sont en faillite. Et pourtant, nous n\u2019arrivons pas \u00e0 briser, \u00e0 rompre avec cette id\u00e9e que les bailleurs de fonds n\u2019ont plus de fonds. Donc, celui qui donnera des fonds aujourd\u2019hui cherchera \u00e0 contr\u00f4ler ce que nous voulons faire de notre pays.<br \/>\nPourquoi les acteurs politiques ne peuvent-ils pas financer leur formation ? Il ne s\u2019agit pas de dire que nous ne pouvons pas avoir par ci, par l\u00e0, des amis dans ces pays en crise. Il est d\u2019ailleurs important d\u2019avoir des alli\u00e9s, mais ces alli\u00e9s traditionnels sont ceux-l\u00e0 m\u00eame qui financent depuis tr\u00e8s tr\u00e8s longtemps ce qui se passe chez nous, et pour quels r\u00e9sultats ?<br \/>\nNe devrions nous pas, \u00e0 un certain moment, \u00e9valuer tous ces financements qui sont venus de l\u2019ext\u00e9rieur pour apprendre \u00e0 faire les choses autrement ?<br \/>\nNous devons devenir des acteurs soci\u00e9taux qui financent eux-m\u00eames leurs formations, leurs lieux de la pens\u00e9e ainsi que l\u2019\u00e9ducation civique de leurs peuples.<br \/>\nPourquoi cet argent qu\u2019on d\u00e9pense au Congo ne serait pas d\u00e9pens\u00e9 en Espagne, en Italie ou dans les villes am\u00e9ricaines, par exemple ? Est-ce vraiment pour l\u2019avanc\u00e9e de la d\u00e9mocratie au Congo que ces gens apportent leurs financements au Congo ?<\/p><\/blockquote>\n<p><strong>Sur les manifestations publiques \u00e0 Goma<\/strong><\/p>\n<blockquote><p>Le petit reste de nos compatriotes dans cette r\u00e9gion ne dort ni ne sommeille. Kigali et Kinshasa ont travaill\u00e9 sur le court terme maintenant, ils n\u2019ont plus o\u00f9 donner de la t\u00eate.<br \/>\nVous pouvez recourir au mensonge, \u00e0 la manipulation, aux massacres pour pouvoir faire peur aux populations d\u00e9munies, mais il y a un moment o\u00f9 les populations se disent : non, il y en a marre ! S\u2019il faut mourir, nous mourrons mais nous ferons tout pour sauver les fronti\u00e8res du pays. ET ils s\u2019en prennent directement au gouvernement fant\u00f4che de Kinshasa, ils s\u2019en prennent \u00e0 la MONUSCO.<br \/>\nAujourd\u2019hui nos populations \u00e0 l\u2019Est de notre pays r\u00e9sistent malgr\u00e9 le nombre surr\u00e9aliste de nos morts, et il faudrait que de plus en plus cet \u00e9veil soit la chose la mieux partag\u00e9e dans tout le pays.<\/p><\/blockquote>\n<p><strong>Sur la r\u00e9surgence des combats dans l\u2019Est du Congo<\/strong><\/p>\n<blockquote><p>Quand vous parcourez notre histoire des 20 derni\u00e8res ann\u00e9es, vous vous rendez compte que le Rwanda, l\u2019Ouganda et leurs alli\u00e9s occidentaux, ont toujours pratiqu\u00e9 la politique suivant : to fight and to talk. C&#8217;est-\u00e0-dire, au m\u00eame moment qu\u2019ils se battent, ils essaient d\u2019organiser rencontres bidons. Comme maintenant, ils se sont rendus compte qu\u2019il y a quand m\u00eame une certaine r\u00e9sistance et que les congolais ne sont pas du tout chauds pour aller aux concertations nationales, j\u2019\u00e9mets l\u2019hypoth\u00e8se, en dehors de la question des accords de Lemera qui n\u2019a pas \u00e9t\u00e9 abord\u00e9e, que la r\u00e9surgence des combats dans l\u2019Est derni\u00e8rement serait une fa\u00e7on de faire pression sur les acteurs congolais de la classe politique et de la soci\u00e9t\u00e9 civile en disant : attention, si nous ne cr\u00e9ons pas la coh\u00e9sion nationale, le M23 va avancer. C\u2019est une th\u00e9\u00e2tralisation cynique, sadique de la politique chez nous mais aussi une banalisation des vies humaines.<\/p><\/blockquote>\n<p><strong>Sur le cas Diomi Ndongala<\/strong><\/p>\n<blockquote><p>Diomi Ndongala malheureusement n\u2019est pas un cas isol\u00e9. Il y a des escadrons de la mort qui s\u00e9vissent dans tout le pays. La guerre ne se d\u00e9roule pas uniquement dans l\u2019Est du pays. Elle se fait partout dans le pays. Ce qui nous manque, c\u2019est l\u2019information, une information que nous finissons quand m\u00eame par avoir.<\/p><\/blockquote>\n","protected":false},"excerpt":{"rendered":"<p>L\u2019analyste politique Jean-Pierre Mbelu montre comment le sch\u00e9ma classique majorit\u00e9\/opposition\/soci\u00e9t\u00e9 civile n\u2019a plus vraiment de sens au Congo, met en garde contre les financements ext\u00e9rieurs des initiatives politiques et citoyennes au Congo, expose des pistes de travail et des principes de base pour repenser le Congo et faire la politique autrement et explique pourquoi, dans [&hellip;]<\/p>\n","protected":false},"author":1,"featured_media":5778,"comment_status":"open","ping_status":"open","sticky":false,"template":"","format":"standard","meta":{"_acf_changed":false,"content-type":"","footnotes":""},"categories":[107,124],"tags":[],"class_list":["post-5777","post","type-post","status-publish","format-standard","has-post-thumbnail","hentry","category-analyses-commentaires","category-politique-societe"],"acf":[],"_links":{"self":[{"href":"https:\/\/congolobilelo.com\/IN\/wp-json\/wp\/v2\/posts\/5777","targetHints":{"allow":["GET"]}}],"collection":[{"href":"https:\/\/congolobilelo.com\/IN\/wp-json\/wp\/v2\/posts"}],"about":[{"href":"https:\/\/congolobilelo.com\/IN\/wp-json\/wp\/v2\/types\/post"}],"author":[{"embeddable":true,"href":"https:\/\/congolobilelo.com\/IN\/wp-json\/wp\/v2\/users\/1"}],"replies":[{"embeddable":true,"href":"https:\/\/congolobilelo.com\/IN\/wp-json\/wp\/v2\/comments?post=5777"}],"version-history":[{"count":0,"href":"https:\/\/congolobilelo.com\/IN\/wp-json\/wp\/v2\/posts\/5777\/revisions"}],"wp:featuredmedia":[{"embeddable":true,"href":"https:\/\/congolobilelo.com\/IN\/wp-json\/"}],"wp:attachment":[{"href":"https:\/\/congolobilelo.com\/IN\/wp-json\/wp\/v2\/media?parent=5777"}],"wp:term":[{"taxonomy":"category","embeddable":true,"href":"https:\/\/congolobilelo.com\/IN\/wp-json\/wp\/v2\/categories?post=5777"},{"taxonomy":"post_tag","embeddable":true,"href":"https:\/\/congolobilelo.com\/IN\/wp-json\/wp\/v2\/tags?post=5777"}],"curies":[{"name":"wp","href":"https:\/\/api.w.org\/{rel}","templated":true}]}}