{"id":5766,"date":"2013-07-16T17:10:41","date_gmt":"2013-07-16T17:10:41","guid":{"rendered":"http:\/\/www.ingeta.com\/?p=5766"},"modified":"2013-07-16T17:10:41","modified_gmt":"2013-07-16T17:10:41","slug":"republique-democratique-du-congo-alternance-politique-et-democratie","status":"publish","type":"post","link":"https:\/\/congolobilelo.com\/IN\/republique-democratique-du-congo-alternance-politique-et-democratie\/","title":{"rendered":"R\u00e9publique D\u00e9mocratique du Congo: Alternance politique et d\u00e9mocratie"},"content":{"rendered":"<p>\t\t\t\tPar Jean-Pierre Mbelu<\/p>\n<p><b><i>Dans le contexte politico-historique o\u00f9 se trouve la RDC aujourd\u2019hui, il ne nous semble pas tr\u00e8s s\u00fbr que l\u2019alternance politique conduise n\u00e9cessairement \u00e0 l\u2019\u00e9panouissement d\u2019un pouvoir d\u00e9mocratique. Les vendeurs d\u2019illusions essaient de nous faire croire en cela. Nous devrions, avant de souscrire \u00e0 leur point de vue, examiner l\u2019histoire et les faits politiques et g\u00e9o\u00e9conomiques.<\/i><\/b><\/p>\n<div>Plusieurs compatriotes luttant contre la r\u00e9vision de l\u2019article 220 de la constitution r\u00e9gissant notre pays (sous tutelle et sous occupation) estiment que l\u2019\u00e9viter permettrait\u00a0 une alternance du pouvoir \u00e0 m\u00eame de rendre\u00a0 la RDC plus d\u00e9mocratique. Cette hypoth\u00e8se m\u00e9rite d\u2019\u00eatre discut\u00e9e.\u00a0 Souhaiter que\u00a0\u00a0 Joseph\u00a0 Kabila ne puisse pas se repr\u00e9senter pour un troisi\u00e8me mandat \u00e0 \u00ab\u00a0la pr\u00e9sidence de la R\u00e9publique\u00a0\u00bb et croire que cela entra\u00eenerait ipso facto une alternance\u00a0 d\u00e9mocratique du pouvoir ne nous semble pas convaincant.\u00a0 Pour cause. Historiquement, apr\u00e8s l\u2019assassinat de Lumumba en 1961, le pouvoir politique au Congo a \u00e9t\u00e9 confisqu\u00e9\u00a0 par le cercle de ses assassins et leurs alli\u00e9s. Depuis lors, ils ont fait jouer \u00e0 leurs \u00ab\u00a0n\u00e8gres de service\u00a0\u00bb\u00a0 des\u00a0 r\u00f4les leur facilitant la mainmise sur le c\u0153ur de l\u2019Afrique. Ces \u00ab\u00a0n\u00e8gres de service\u00a0\u00bb sont interchangeables. Depuis plus de deux d\u00e9cennies, ils ont facilit\u00e9 la mise de notre pays sous tutelle et sous occupation en\u00a0 donnant \u00e0 nos populations l\u2019illusion d\u2019\u00eatre engag\u00e9es dans un processus politique et d\u00e9mocratique digne de ce nom.<\/div>\n<div>En publiant son dernier livre, le journaliste d\u2019investigation franco-camerounais, Charles Onana, est venu, avec des documents \u00e0 l\u2019appui[1], lever un coin de voile sous\u00a0 lequel se cachait \u00ab\u00a0une mafia internationale\u00a0\u00bb et un r\u00e9seau transnational de pr\u00e9dation ayant orchestr\u00e9 <i>le marionnettisme<\/i> dans la sous-r\u00e9gion des Grands Lacs Africains\u00a0 pour servir leurs int\u00e9r\u00eats platement\u00a0 n\u00e9olib\u00e9raux.\u00a0 Bien avant ce livre de Charles Onana (et bien d\u2019autres), un groupe de compatriotes d\u00e9nomm\u00e9 Justice et Lib\u00e9ration avait pu se livrer \u00e0 une \u00e9tude minutieuse, sur terrain, de diff\u00e9rents acteurs, membres de ce r\u00e9seau transnational de pr\u00e9dation op\u00e9rant dans notre pays pour comprendre pourquoi et comment les droits de l\u2019homme pouvaient y \u00eatre viol\u00e9s impun\u00e9ment[2] et en permanence \u00a0depuis la guerre dite de \u00ab\u00a0lib\u00e9ration\u00a0\u00bb sans que la communaut\u00e9 internationale s\u2019en \u00e9meuve\u00a0? Le Groupe Justice et Lib\u00e9ration en \u00e9tait arriv\u00e9 \u00e0 se rendre compte du poids des alli\u00e9s majeurs et de leur capacit\u00e9 nocive d\u2019instrumentaliser les alli\u00e9s mineurs (\u00ab\u00a0n\u00e8gres de service\u00a0\u00bb).<\/div>\n<div>Il est quand m\u00eame curieux que la marche politique (ou post-politique) de notre pays int\u00e8gre difficilement les r\u00e9sultats de la recherche de ses dignes filles et fils et de leurs amis. Le plus curieux est que les \u00a0r\u00e9ponses \u00e0 certaines questions d\u2019actualit\u00e9 allant dans le sens des r\u00e9sultats de ces recherches\u00a0 n\u2019arrivent pas \u00e0 pousser\u00a0 certains \u00ab\u00a0acteurs politiques\u00a0\u00bb (ou ce qui nous en reste) au pays \u00e0 changer leur fusil d\u2019\u00e9paule. Prenons un exemple r\u00e9cent. Dans une interview\u00a0 accord\u00e9e le 09 juillet \u00e0 la RFI, un ex-responsable des services de renseignement rwandais, M. Karegeya,\u00a0\u00a0 a confirm\u00e9 un secret de polichinelle\u00a0:Bosco Ntaganda (comme Laurent Nkunda)\u00a0 est un\u00a0 rwandais form\u00e9 au Rwanda dans l\u2019APR et envoy\u00e9 au Congo par Paul Kagame.\u00a0\u00a0 Karegeya a aussi confirm\u00e9 le fait que le RCD\u00a0 et le M23 sont les cr\u00e9ations de Paul Kagame et qu\u2019il n\u2019\u00e9tait pas impossible qu\u2019un\u00a0 M27 naisse demain.<\/div>\n<div>Curieusement, notre classe politique (ou ce qui en reste) n\u2019a livr\u00e9 aucun commentaire sur \u00ab\u00a0ces r\u00e9v\u00e9lations\u00a0\u00bb et leurs implications. Sous des cieux politiques s\u00e9rieux, ceux qui nous ont \u00ab\u00a0vendu\u00a0\u00bb Bosco Ntaganda comme un soldat congolais indispensable au retour de la paix \u00e0 l\u2019est de notre pays auraient pu \u00eatre appel\u00e9s \u00e0 rendre compte de leur mensonge. Et le processus de (fausse) d\u00e9mocratisation qui nous a \u00ab\u00a0vendu\u00a0\u00bb un autre soldat de l\u2019APR, Joseph Kabila, comme candidat du peuple congolais aux \u00e9lections de 2006, devrait \u00eatre r\u00e9cus\u00e9. Malheureusement, tous ces \u00e9l\u00e9ments\u00a0 historiques et g\u00e9o\u00e9conomiques\u00a0 ne semblent pas \u00eatre assum\u00e9s dans une r\u00e9flexion de fond pouvant conduire \u00e0 la refondation d\u2019un Etat sain au Congo. Tout est fait pour que ces \u00e9l\u00e9ments soient \u00e9touff\u00e9s \u00a0et que l\u2019histoire de la RDC continue son petit bonhomme de chemin comme s\u2019il n\u2019y avait rien \u00e0 voir\u00a0! C\u2019est dans ce contexte de flou, de mensonge et de manipulation historico-politiques que les questions\u00a0 de la r\u00e9vision constitutionnelle\u00a0 et de l\u2019alternance politique viennent se poser.<\/div>\n<div>Explicitons. Depuis \u00ab\u00a0la guerre de lib\u00e9ration\u00a0\u00bb men\u00e9e par les alli\u00e9s mineurs (le Rwanda, l\u2019Ouganda et le Burundi)\u00a0 des alli\u00e9s pl\u00e9niers (les \u00e9lites anglo-saxonnes dominantes et \u00ab\u00a0leurs amis\u00a0\u00bb), plusieurs militaires de l\u2019APR\/FPR ont infiltr\u00e9 l\u2019arm\u00e9e congolaise et certaines institutions du pays. Les partis politiques cr\u00e9\u00e9s par les alli\u00e9s mineurs ont vu leurs membres s\u2019installer sur le territoire congolais et\u00a0 au Parlement fantoche. Certaines entreprises de l\u2019Etat (manqu\u00e9) congolais sont g\u00e9r\u00e9es\u00a0 par les cr\u00e9atures de ce r\u00e9seau transnational de pr\u00e9dation.<\/div>\n<div>Comment, dans ce contexte, \u00a0croire \u00e0 une alternance d\u00e9mocratique du pouvoir\u00a0?\u00a0 Si les vendeurs d\u2019illusions la trouvent possible en poursuivant un processus post-politique biais\u00e9 d\u00e8s le d\u00e9part, nous nous n\u2019y croyons pas. Sans la cr\u00e9ation des lieux de la R\u00e9sistance et \u00a0de la pens\u00e9e o\u00f9 toutes ces questions peuvent \u00eatre d\u00e9battues sans tabou et des propositions faites pour une r\u00e9appropriation de l\u2019histoire du Congo par ses dignes filles et fils, nous ne croirons pas dans un miracle de l\u2019alternance politique. C\u2019est\u00a0 \u00e0 ces lieux qu\u2019il appartiendra de r\u00e9pondre en permanence \u00e0 la question r\u00e9currente de \u00ab\u00a0que faire\u00a0\u00bb. Des propositions de r\u00e9ponses d\u2019un individu\u00a0 resteront toujours insuffisantes et critiquables.<\/div>\n<div>Aussi qui dit alternance de pouvoir ne dit pas n\u00e9cessairement\u00a0 d\u00e9mocratie\u00a0! La d\u00e9mocratie suppose une participation active du peuple \u00e0 la d\u00e9lib\u00e9ration \u00a0sur des questions engageant le destin collectif. Une participation d\u2019un peuple \u00e9duqu\u00e9, form\u00e9 et inform\u00e9. Elle ne se limite pas au d\u00e9p\u00f4t d\u2019un bulletin dans l\u2019urne. Le suffrage universel ne peut plus \u00eatre consid\u00e9r\u00e9 aujourd\u2019hui comme un \u00e9l\u00e9ment suffisant de la l\u00e9gitimit\u00e9 politique en d\u00e9mocratie. Cela, m\u00eame si le pouvoir repr\u00e9sentatif se donne comme mot d\u2019ordre \u00ab\u00a0le peuple d\u2019abord\u00a0\u00bb. A notre avis, le v\u00e9ritable mot d\u2019ordre devrait \u00eatre \u00ab\u00a0avec et pour le peuple d\u2019abord\u00a0\u00bb. Cela impliquerait que le peuple\u00a0 soit\u00a0 associ\u00e9 \u00e0 toutes les \u00e9tapes de la conception, de la conceptualisation et de l\u2019exercice du pouvoir et que le pouvoir repr\u00e9sentatif reste en permanence \u00e0 l\u2019\u00e9coute de la rue.<\/div>\n<div>Oui. La rue est en train de devenir une donne politique incontournable de l\u2019exercice du pouvoir participatif (avec\u00a0 et pour le peuple). En Egypte, Morsi, \u00e9lu au suffrage universel, voit son pouvoir contest\u00e9 par une rue occup\u00e9e par plus d\u2019\u00e9gyptiens que ses \u00e9lecteurs. Au Br\u00e9sil, Dilma Rousseff, \u00e9lu au suffrage universel,\u00a0 doit r\u00e9pondre aux appels permanents de la rue lui demandant de ne pas privil\u00e9gier le football en n\u00e9gligeant les droits sociaux, \u00e9conomiques et\u00a0 culturels.<\/div>\n<div>Oui. Qui dit alternance du pouvoir ne dit pas n\u00e9cessairement d\u00e9mocratie. Fran\u00e7ois Hollande\u00a0 \u00e0 succ\u00e9d\u00e9 \u00e0 Nicolas Sarkozy en France., ce n\u2019est pas pour autant que la France a rompu avec \u00ab\u00a0la d\u00e9mocratie du march\u00e9 \u00e9conomico-financier\u00a0\u00bb\u00a0\u00a0 g\u00e9r\u00e9e par les oligarchies d\u2019argent[3] sans mandat populaire. Il en va de m\u00eame des USA.\u00a0 Apr\u00e8s Bush Jr, Barack Obama n\u2019a pas\u00a0 sorti les USA de leur statut d\u2019Etat manqu\u00e9[4]\u00a0 luttant contre la d\u00e9mocratie.<\/div>\n<p>Les rares pays ayant r\u00e9ussi, un tout petit peu, \u00e0 associer leurs peuples \u00e0 la gestion du pouvoir et \u00e0 une alternance populaire sont ceux de l\u2019Am\u00e9rique Latine. La Bolivie, le Venezuela, l\u2019Equateur, le Cuba et les autres pays\u00a0 de la CELAC et de l\u2019ALBA sont tr\u00e8s avanc\u00e9s sur les questions li\u00e9es \u00e0 l\u2019alternance populaire. Ils devraient, tant soit peu, servir de r\u00e9f\u00e9rence pour le Congo de demain. (A suivre)<\/p>\n<div><\/div>\n<div><em>Mbelu Babanya Kabudi<\/em><\/div>\n<div><\/div>\n<hr align=\"left\" size=\"1\" width=\"33%\" \/>\n<div>\n<div>[1] C. ONANA, <i>Europe, crimes et censure au Congo. Les documents qui accusent<\/i>, Paris, Duboiris, 2012.<\/div>\n<\/div>\n<div>\n<div>[2] J.-P. BADIDIKE, Guerre\u00a0 et droits de l\u2019homme en R\u00e9publique D\u00e9mocratique du Congo. Regard du Groupe Justice et Lib\u00e9ration, Paris, L\u2019Harmattant, 2009.<\/div>\n<\/div>\n<div>\n<div>[3] Lire A. BADIOU, <i>Sarkozy\u00a0:pire que pr\u00e9vu. Les autres\u00a0: pr\u00e9voir le pire<\/i>, Paris, Lignes, 2012. Lire aussi C. DELOIRE et C. BUBOIS, <i>Circus politicus<\/i>, Paris, Albin Michel, 2012.<\/div>\n<\/div>\n<p>[4] N. CHOMSKY, <i>Les Etats manqu\u00e9s. Abus de puissance et d\u00e9ficit d\u00e9mocratique<\/i>, Paris, Fayard, 2006. L\u2019affaire E. Snowden est venue \u00a0\u00a0confirmer la d\u00e9ficit d\u00e9mocratique \u00e9tasunien.\t\t<\/p>\n","protected":false},"excerpt":{"rendered":"<p>Par Jean-Pierre Mbelu Dans le contexte politico-historique o\u00f9 se trouve la RDC aujourd\u2019hui, il ne nous semble pas tr\u00e8s s\u00fbr que l\u2019alternance politique conduise n\u00e9cessairement \u00e0 l\u2019\u00e9panouissement d\u2019un pouvoir d\u00e9mocratique. Les vendeurs d\u2019illusions essaient de nous faire croire en cela. Nous devrions, avant de souscrire \u00e0 leur point de vue, examiner l\u2019histoire et les faits [&hellip;]<\/p>\n","protected":false},"author":1,"featured_media":5767,"comment_status":"open","ping_status":"open","sticky":false,"template":"","format":"standard","meta":{"_acf_changed":false,"content-type":"","footnotes":""},"categories":[107,124],"tags":[],"class_list":["post-5766","post","type-post","status-publish","format-standard","has-post-thumbnail","hentry","category-analyses-commentaires","category-politique-societe"],"acf":[],"_links":{"self":[{"href":"https:\/\/congolobilelo.com\/IN\/wp-json\/wp\/v2\/posts\/5766","targetHints":{"allow":["GET"]}}],"collection":[{"href":"https:\/\/congolobilelo.com\/IN\/wp-json\/wp\/v2\/posts"}],"about":[{"href":"https:\/\/congolobilelo.com\/IN\/wp-json\/wp\/v2\/types\/post"}],"author":[{"embeddable":true,"href":"https:\/\/congolobilelo.com\/IN\/wp-json\/wp\/v2\/users\/1"}],"replies":[{"embeddable":true,"href":"https:\/\/congolobilelo.com\/IN\/wp-json\/wp\/v2\/comments?post=5766"}],"version-history":[{"count":0,"href":"https:\/\/congolobilelo.com\/IN\/wp-json\/wp\/v2\/posts\/5766\/revisions"}],"wp:featuredmedia":[{"embeddable":true,"href":"https:\/\/congolobilelo.com\/IN\/wp-json\/"}],"wp:attachment":[{"href":"https:\/\/congolobilelo.com\/IN\/wp-json\/wp\/v2\/media?parent=5766"}],"wp:term":[{"taxonomy":"category","embeddable":true,"href":"https:\/\/congolobilelo.com\/IN\/wp-json\/wp\/v2\/categories?post=5766"},{"taxonomy":"post_tag","embeddable":true,"href":"https:\/\/congolobilelo.com\/IN\/wp-json\/wp\/v2\/tags?post=5766"}],"curies":[{"name":"wp","href":"https:\/\/api.w.org\/{rel}","templated":true}]}}