{"id":5757,"date":"2013-07-16T17:13:32","date_gmt":"2013-07-16T17:13:32","guid":{"rendered":"http:\/\/www.ingeta.com\/?p=5757"},"modified":"2013-07-16T17:13:32","modified_gmt":"2013-07-16T17:13:32","slug":"comment-la-guerre-permanente-au-congo-detruit-nos-coeurs-nos-esprits-et-nos-cultures","status":"publish","type":"post","link":"https:\/\/congolobilelo.com\/IN\/comment-la-guerre-permanente-au-congo-detruit-nos-coeurs-nos-esprits-et-nos-cultures\/","title":{"rendered":"Comment la guerre permanente au Congo d\u00e9truit nos c\u0153urs, nos esprits et nos cultures"},"content":{"rendered":"<p>\t\t\t\tL\u2019analyste politique Jean-Pierre Mbelu d\u00e9crypte le processus de guerre permanente au Congo, montre comment cette guerre d\u00e9structure et d\u00e9truit nos c\u0153urs, esprits et cultures, expose les limites de l\u2019opposition politique congolaise, explique pourquoi le gouvernement fant\u00f4che maintient les congolais d\u00e9sinform\u00e9s et en appelle aux minorit\u00e9s organis\u00e9es et agissantes pour qu\u2019elles travaillent davantage en lieu de r\u00e9flexion et d\u2019action en synergie afin de cr\u00e9er une dynamique qui, petit \u00e0 petit, pourra mettre le Congo debout.<\/p>\n<p><iframe loading=\"lazy\" src=\"\/\/www.youtube-nocookie.com\/embed\/9GgJP2XmYog\" height=\"315\" width=\"560\" allowfullscreen=\"\" frameborder=\"0\"><\/iframe><\/p>\n<p><strong>Sur la guerre perp\u00e9tuelle au Congo<\/strong><\/p>\n<blockquote><p>Nous pouvons avoir l\u2019impression \u00e0 certains moments que c\u2019est une nouvelle guerre ou qu\u2019il y a des reprises d\u2019hostilit\u00e9, non ! C\u2019est une m\u00eame et unique guerre perp\u00e9tuelle qui se m\u00e8ne chez nous depuis les ann\u00e9es 1960. Il s\u2019agit d\u2019une guerre qui a, entre autres, comme objectif de transformer notre pays en une aire d\u00e9sorganis\u00e9e, balkanis\u00e9e, dot\u00e9e d\u2019un \u00e9tat fant\u00f4me, et de pouvoir d\u00e9grader en profondeur les classes politiques, les classes sociales, les citoyens congolais de fa\u00e7on \u00e0 les rendre incapables de toute r\u00e9sistance face aux pouvoirs politiques et \u00e9conomiques de l\u2019Occident qui tiennent \u00e0 s\u2019emparer des mati\u00e8res premi\u00e8res strat\u00e9giques du Congo.<br \/>\nQuand vous lisez toute une s\u00e9rie d\u2019articles sur ce qui passe dans notre pays, vous vous rendez compte que tout cela participe en profondeur de la strat\u00e9gie du choc, telle qu\u2019elle est orchestr\u00e9e par le capitalisme du d\u00e9sastre.<\/p><\/blockquote>\n<p><strong>Sur l\u2019abondante bibliographie autour de la guerre au Congo<\/strong><\/p>\n<blockquote><p>A croire qu\u2019\u00e0 un certain moment, nous nous s\u00e9parons des livres qui ont essay\u00e9 d\u2019expliquer clairement ce qui est en train de se passe dans notre pays et nous commen\u00e7ons \u00e0 faire des commentaires libres comme si sur cette guerre permanente, il n\u2019y avait pas une abondante bibliographie que nous devrions consulter de mani\u00e8re permanente. D\u2019o\u00f9 l\u2019importance de la cr\u00e9ation de lieux de la pens\u00e9e. Sans ces lieux de la pens\u00e9e dans lesquelles cette guerre est pass\u00e9e au crible de l\u2019\u00e9tude et de la critique, nous risquons de ne pas beaucoup avancer.<\/p><\/blockquote>\n<p><strong>Sur la d\u00e9gradation de la situation du pays<\/strong><\/p>\n<blockquote><p>La d\u00e9gradation du pays, la d\u00e9gradation des classes sociales ne concerne pas que l\u2019Est du pays. C\u2019est tout le pays qui est atteint \u00e0 partir de l\u2019Est. C\u2019est tout le pays qui est encercl\u00e9 par les forces d\u2019occupation qui participent de cette strat\u00e9gie du chaos p\u00e9riph\u00e9rique qui contribue \u00e0 la d\u00e9structuration des c\u0153urs, des esprits et m\u00eame de nos cultures. Nous sommes en train de devenir des citoyens fant\u00f4mes et nous risquons de dispara\u00eetre comme peuple.<\/p><\/blockquote>\n<p><strong>Sur la d\u00e9structuration des congolais et de nos cultures<\/strong><\/p>\n<blockquote><p>Subir le n\u00e9ocolonialisme et le n\u00e9olib\u00e9ralisme pendant 50 ans, \u00eatre soumis \u00e0 une guerre de pr\u00e9dation pendant plus de 20 ans, \u00e7a d\u00e9structure les personnalit\u00e9s. On devient \u00e0 un certain moment, incapable de r\u00e9fl\u00e9chir, pos\u00e9ment sur les issues possibles \u00e0 cette guerre.<br \/>\nNous sommes dans un pays en guerre permanente, mais vous avez des d\u00e9put\u00e9s qui vous disent qu\u2019ils sont en vacances. C\u2019est inconcevable. Il y a des pays qui sont suffisamment avanc\u00e9s et m\u00eame s\u2019ils connaissent des difficult\u00e9s s\u00e9rieuses et tombent dans le d\u00e9clin comme la Belgique, les ministres ne sont pas all\u00e9s en vacances parce qu\u2019ils ont encore un budget sur lequel ils travaillent. Mais chez nous, un pays en guerre\u2026 Bon, heureusement que ce sont des affairistes qui n\u2019ont rien \u00e0 voir avec la politique telle qu\u2019elle devrait \u00eatre men\u00e9e.<\/p><\/blockquote>\n<p><strong>Sur les minorit\u00e9s organis\u00e9es et agissantes<\/strong><\/p>\n<blockquote><p>Il y a de plus en plus de compatriotes qui comprennent ce qui se passe r\u00e9ellement, avec qui nous avons, \u00e0 peu pr\u00e8s, les m\u00eames r\u00e9f\u00e9rences. Mais ce sont des minorit\u00e9s qui ont int\u00e9r\u00eat \u00e0 pouvoir s\u2019organiser davantage en lieu de r\u00e9flexion et d\u2019action en synergie pour cr\u00e9er une dynamique qui, petit \u00e0 petit, pourra mettre le Congo debout.<br \/>\nJ\u2019avais cru, il y a un temps que \u00e7a arrivait vite, mais c\u2019\u00e9tait sous-estimer les forces auxquelles nous sommes en train de lutter. Mais je remarque aussi que la r\u00e9sistance congolaise est en train de se structurer petit \u00e0 petit et de r\u00e9sister face \u00e0 ces forces de la mort contre lesquelles nous sommes en train de lutter.<br \/>\nJ\u2019avoue que les grands changements sont mol\u00e9culaires et ces changements vont advenir quand nos jeunes s\u2019impliqueront davantage dans cette lutte, quand les id\u00e9es sourc\u00e9es que nous d\u00e9fendons pourront atteindre nos masses populaires. Et ce travail l\u00e0 doit pouvoir se faire sur le court, moyen et long terme.<\/p><\/blockquote>\n<p><strong>Sur le conclave de l\u2019opposition politique<\/strong><\/p>\n<blockquote><p>Sur cette rencontre de l\u2019opposition, il y a bien des choses \u00e0 dire. Je f\u00e9licite les compatriotes qui ont eu le courage de se rencontrer pour r\u00e9fl\u00e9chir ensemble, en essayant de coordonner plus de 70 partis politiques. C\u2019est quelque chose de positif \u00e0 mettre \u00e0 leur actif. Mais pendant combien de temps pourront-ils tenir ensemble sans se laisser abuser par les d\u00e9mons de la corruption et de la division ? Wait and see.<br \/>\nDu point de vue de l\u2019analyse de la situation du pays, ils sont all\u00e9s assez loin. Mais on ne peut \u00eatre une opposition face \u00e0 un pouvoir fant\u00f4che. C\u2019est comme si \u00e0 un certain moment, on avalisait ce pouvoir fant\u00f4che et on lui donnait de la vie, en s\u2019opposant \u00e0 lui. Par ailleurs, on ne peut pas en m\u00eame temps remettre en question la l\u00e9gitimit\u00e9 du pouvoir en place et faire comme si on s\u2019y opposait. C\u2019est un pouvoir qui n\u2019existe pas l\u00e9gitimement.<\/p><\/blockquote>\n<p><strong>Sur la question de la m\u00e9thodologie politique de l\u2019opposition<\/strong><\/p>\n<blockquote><p>Il y a d\u2019une part la rencontre de l\u2019opposition politique et d\u2019autre part la rue qui a un discours un peu diff\u00e9rent de celui de l\u2019opposition. C&#8217;est-\u00e0-dire que du point de vue de la m\u00e9thodologie politique, il y a des choses \u00e0 revoir.<br \/>\nComment cette opposition politique pourrait travailler en synergie avec nos populations et rompre avec cette habitude de vouloir chercher \u00e0 repr\u00e9senter un peuple qui est l\u00e0 et qui devrait aussi prendre la parole, comme cette opposition le fait? C&#8217;est-\u00e0-dire qu\u2019on devrait de plus en plus passer du mode repr\u00e9sentatif au mode participatif quand il y a des questions qui engagent le destin collectif. Il faudrait que les politiques soient de plus en plus l\u2019\u00e9coute de la rue et que la rue prenne de plus en plus la parole.<br \/>\nPour que demain, on ne nous fasse pas croire qu\u2019il suffirait qu\u2019il y ait une alternance entre le pouvoir fant\u00f4che actuel et celui \u00e0 venir pour qu\u2019il y ait d\u00e9mocratie chez nous. Il faut apprendre \u00e0 travailler avec le peuple pour que celui-ci, majoritairement, \u00e0 tout moment d\u00e9cide, et non la repr\u00e9sentation politique seulement.<\/p><\/blockquote>\n<p><strong>Sur les cons\u00e9quences psychiques et mentales de la guerre<\/strong><\/p>\n<blockquote><p>La guerre qui nous est impos\u00e9e, petit \u00e0 petit, travaille \u00e0 la d\u00e9civilisation et \u00e0 l\u2019abrutissement de nos populations et classes politiques. A tel point que pour certains acteurs politiques, ce qui importe, c\u2019est leur ventre et l\u2019argent. La guerre a d\u00e9truit plusieurs d\u2019entre nous qui sont tomb\u00e9s dans la psychopathie ou dans la sociopathie. Ce qui fait qu\u2019il y en a aujourd\u2019hui qui ne jurent que par la souffrance de certaines couches de nos populations. D\u00e8s qu\u2019ils ont leurs sous le reste ne les int\u00e9resse pas. Ils sont tomb\u00e9s dans l\u2019indiff\u00e9rence. Ainsi, ces fameuses concertations dont il est question : Qui va y aller ? Ces gens qui depuis pr\u00e8s de 20 ans n\u2019ont fait que commettre des crimes ? Est-ce qu\u2019on sort indemne de la commission permanente de crimes ? Comment pouvez-vous imaginer des concertations politiques ou sociales avec des malades, avec des psychopathes ou des sociopathes ? On ne peut pas commettre des crimes pendant 20 ans et rester normal.<\/p><\/blockquote>\n<p><strong>Sur la n\u00e9cessaire r\u00e9volution id\u00e9ologique<\/strong><\/p>\n<blockquote><p>On va de d\u00e9gradation en d\u00e9gradation, jusqu\u2019au jour o\u00f9 les minorit\u00e9s organis\u00e9es et agissantes pourront mieux s\u2019organiser pour reprendre les choses en main avec nos populations. Si demain nous ne nous organisons pas pour que nos populations deviennent des acteurs de premier plan du changement, en profondeur dans ce pays. Rien n\u2019adviendra. Il faut beaucoup plus travailler \u00e0 cela. Il faut travailler \u00e0 l\u2019\u00e9veil des consciences, \u00e0 la connaissance de nos populations, des questions essentielles de notre pays aujourd\u2019hui, \u00e0 faire en sorte que les id\u00e9es essentielles atteignent les masses. Quand les id\u00e9es essentielles sur ces questions l\u00e0 auront atteint les m\u00eames, elles vont devenir une force.<br \/>\nLa grande r\u00e9volution que nous devons pouvoir r\u00e9aliser de mani\u00e8re consciente est la r\u00e9volution id\u00e9ologique. C\u2019est elle qui peut accompagner toutes les autres r\u00e9volutions.<br \/>\nSi du point de vue id\u00e9ologique, il n\u2019y a pas d\u2019id\u00e9es tr\u00e8s claires sur le destin collectif de nos populations, nous n\u2019avancerons pas beaucoup. Il est possible d\u2019orchestrer un coup d\u2019Etat, mais un coup d\u2019Etat qui n\u2019est pas fond\u00e9 sur une r\u00e9volution id\u00e9ologique assum\u00e9e par les populations ne servira \u00e0 rien.<\/p><\/blockquote>\n<p><strong>Sur les populations congolaises et l\u2019information<\/strong><\/p>\n<blockquote><p>Kabila ne peut pas scier la branche sur laquelle il est assis. Il sait ou ses conseillers savent, qu\u2019un Congo avec courant et internet \u00e0 haut d\u00e9bit dans toutes les provinces devient une bombe. Lui, son clan et ses conseillers ont peur de cela.<br \/>\nNos populations sont tenues \u00e0 l\u2019\u00e9cart des informations pouvant les aider effectivement \u00e0 devenir leurs propres d\u00e9miurges. C\u2019est cela qui aide ce pouvoir fant\u00f4che \u00e0 tenir. Nos populations convenablement inform\u00e9es par les r\u00e9seaux sociaux, par un pluralisme d\u2019id\u00e9es et par des m\u00e9dias alternatifs, deviennent une bombe. Elles vont se mettre debout et chasser le pouvoir usurpateur et fant\u00f4che.<\/p><\/blockquote>\n<p><strong>Sur le cas Diomi Ndongala<\/strong><\/p>\n<blockquote><p>Diomi Ndongala est un prisonnier de la hi\u00e9rarchie qui donne des ordres. C\u2019est un prisonnier politique vou\u00e9 \u00e0 la mort parce qu\u2019il a r\u00e9ussi \u00e0 un certain moment \u00e0 parler, haut et fort des questions du pays, en recourant \u00e0 notre histoire. Diomi est un cas de l\u2019inversion des valeurs chez nous. Ceux qui devraient \u00eatre en prison sont dehors et ceux qui devraient \u00eatre dehors sont en prison. Voil\u00e0 pourquoi je suis convaincu que ce pays est g\u00e9r\u00e9 par des psychopathes et sociopathes.<\/p><\/blockquote>\n","protected":false},"excerpt":{"rendered":"<p>L\u2019analyste politique Jean-Pierre Mbelu d\u00e9crypte le processus de guerre permanente au Congo, montre comment cette guerre d\u00e9structure et d\u00e9truit nos c\u0153urs, esprits et cultures, expose les limites de l\u2019opposition politique congolaise, explique pourquoi le gouvernement fant\u00f4che maintient les congolais d\u00e9sinform\u00e9s et en appelle aux minorit\u00e9s organis\u00e9es et agissantes pour qu\u2019elles travaillent davantage en lieu de [&hellip;]<\/p>\n","protected":false},"author":1,"featured_media":5758,"comment_status":"open","ping_status":"open","sticky":false,"template":"","format":"standard","meta":{"_acf_changed":false,"content-type":"","footnotes":""},"categories":[107,124],"tags":[],"class_list":["post-5757","post","type-post","status-publish","format-standard","has-post-thumbnail","hentry","category-analyses-commentaires","category-politique-societe"],"acf":[],"_links":{"self":[{"href":"https:\/\/congolobilelo.com\/IN\/wp-json\/wp\/v2\/posts\/5757","targetHints":{"allow":["GET"]}}],"collection":[{"href":"https:\/\/congolobilelo.com\/IN\/wp-json\/wp\/v2\/posts"}],"about":[{"href":"https:\/\/congolobilelo.com\/IN\/wp-json\/wp\/v2\/types\/post"}],"author":[{"embeddable":true,"href":"https:\/\/congolobilelo.com\/IN\/wp-json\/wp\/v2\/users\/1"}],"replies":[{"embeddable":true,"href":"https:\/\/congolobilelo.com\/IN\/wp-json\/wp\/v2\/comments?post=5757"}],"version-history":[{"count":0,"href":"https:\/\/congolobilelo.com\/IN\/wp-json\/wp\/v2\/posts\/5757\/revisions"}],"wp:featuredmedia":[{"embeddable":true,"href":"https:\/\/congolobilelo.com\/IN\/wp-json\/"}],"wp:attachment":[{"href":"https:\/\/congolobilelo.com\/IN\/wp-json\/wp\/v2\/media?parent=5757"}],"wp:term":[{"taxonomy":"category","embeddable":true,"href":"https:\/\/congolobilelo.com\/IN\/wp-json\/wp\/v2\/categories?post=5757"},{"taxonomy":"post_tag","embeddable":true,"href":"https:\/\/congolobilelo.com\/IN\/wp-json\/wp\/v2\/tags?post=5757"}],"curies":[{"name":"wp","href":"https:\/\/api.w.org\/{rel}","templated":true}]}}