{"id":5754,"date":"2013-07-15T09:47:47","date_gmt":"2013-07-15T09:47:47","guid":{"rendered":"http:\/\/www.ingeta.com\/?p=5754"},"modified":"2013-07-15T09:47:47","modified_gmt":"2013-07-15T09:47:47","slug":"quand-la-monusco-tire-sur-la-population-civile","status":"publish","type":"post","link":"https:\/\/congolobilelo.com\/IN\/quand-la-monusco-tire-sur-la-population-civile\/","title":{"rendered":"Quand la Monusco tire sur la population civile"},"content":{"rendered":"<p>\t\t\t\tPar <a href=\"http:\/\/chantalfaida.blogspot.fr\/\">Chantal Faida Mulenga-byuma<\/a><\/p>\n<p>Samedi 06 juillet et mardi 09 juillet 2013, un groupe de jeunes du territoire de Nyiragongo situ\u00e9 \u00e0 12 kms de la ville de Goma, chef lieu de la Province du Nord-Kivu\/RDC ont d\u00e9cid\u00e9 d\u2019aller vers leurs champs pour r\u00e9colter leurs cultures afin de faire face \u00e0 la faim chronique et aigue qui minent leurs familles dans les camps de d\u00e9plac\u00e9s o\u00f9 ils se sont refugi\u00e9s depuis pr\u00e8s d\u2019une ann\u00e9e d\u00e9j\u00e0 (fuyant les affrontements opposant l\u2019arm\u00e9e loyaliste aux les rebelles du M23 \u00e0 Kanyaruchiya). Ils s y sont rendus avec les outils qu\u2019il faut, machette, houe, etc.<\/p>\n<p>Arriv\u00e9s \u00e0 Kanyaruchinya vers la base de la Monusco, ils ont \u00e9t\u00e9 stopp\u00e9s par des tirs de la Monusco qui croyait \u00eatre en face d\u2019une milice ayant franchie les zones interdites pour aller combattre les mutins du M23 dans leurs positions. Elle se dit privil\u00e9gi\u00e9 la solution politique avant d\u2019entamer la solution militaire avec la brigade d\u2019intervention d\u00e9j\u00e0 d\u00e9ploy\u00e9e sur terrain ayant comme mandat de neutraliser, traquer et d\u00e9sarmer toutes les forces n\u00e9gatives qui \u00e9cument la r\u00e9gion du Kivu.<\/p>\n<p>Pour avoir le c\u0153ur net sur la situation, nous avons pris l\u2019initiative d\u2019interroger un de jeunes du groupe, Evariste Mihigo, la vingtaine, qui nous livrent ici les vrais mobiles de leur d\u00e9marche que d\u2019aucuns jugent suicidaires car les expose \u00e0 des morts certaines et futiles ; tout en scrutant une dose de rage dans leur d\u00e9marches.<\/p>\n<p>\u00ab Nous ne sommes pas de combattants. Nous sommes des jeunes soucieux de faire face \u00e0 la famine qui nous guette dans les camps o\u00f9 nous vivons depuis pr\u00e8s d\u2019une ann\u00e9e. Alors que nous nous dirigions vers nos champs \u00e0 Kanyaruchinya pour la r\u00e9colte de nos cultures (haricots, mais etc,) les militaires de la Monusco ont tir\u00e9 sur nous et nous ont dispers\u00e9s. M\u00eame sans s\u2019exposer \u00e0 la mort, nous mourrons avec la famine actuelle l\u00e0 o\u00f9 nous sommes en exil. Les organisations humanitaires nous remettent juste un gobelet d\u2019haricot, deux gobelets de farine et quelques litres d\u2019huile pour couvrir tout un mois, un m\u00e9nage de 8 personnes. Avec \u00e7a, aucun m\u00e9nage ne peut survivre. Nous voulons juste atteindre nos champs, r\u00e9colter nos cultures et regagner notre camp avec un peu de nourriture. Nous n\u2019avons agress\u00e9 personne, nous n\u2019\u00e9tions pas arm\u00e9s comme le confirme la Monusco. Nous n\u2019avons pas l\u2019intention d\u2019engager une guerre avec les rebelles, que ni les FARDC, ni les forces onusiennes n\u2019ont su neutraliser. Pr\u00e8s de dix d\u2019entre nous sont gravement bless\u00e9s et sont pr\u00e9sentement intern\u00e9s dans les centres hospitaliers de Goma. Jambes fractur\u00e9s, t\u00eate touch\u00e9es, bras et colonnes vert\u00e9brales endommag\u00e9s par ceux qui sont cens\u00e9s prot\u00e9ger les civils. C\u2019est insens\u00e9.<\/p>\n<p>Notre Etat a failli \u00e0 sa mission. Il a perdu le monopole de la violence au profit des bandes de forces n\u00e9gatives qui pullulent au Nord-Kivu. On ne peut pas comprendre qu\u2019un groupe arm\u00e9 d\u2019une poign\u00e9e de gens soutenus par des nations moins puissantes que nous, \u00e9merge et s\u2019impose chez nous sans que le d\u00e9sarmement et la neutralisation s\u2019en suivent. La mission onusienne en RDC est complice de notre malheur. Ils ont tout ce qu\u2019il faut \u00e0 leur disposition mais ils n\u2019agissent pas. Il y a urgence d\u2019un minimum d\u2019Etat capable et minimum pour imposer la loi et l\u2019ordre au Nord-Kivu. Ces dialogues qui tirent en longueur nous n\u2019en voulons plus. Ces forces internationales qui ont peur de s\u2019engager dans la guerre, nous n\u2019en voulons pas. Que l\u2019Etat congolais donne \u00e0 tous ses citoyens sans discrimination la paix et le pain.<\/p>\n<p><em>Chantal Faida Mulenga-byuma<\/em>\t\t<\/p>\n","protected":false},"excerpt":{"rendered":"<p>Par Chantal Faida Mulenga-byuma Samedi 06 juillet et mardi 09 juillet 2013, un groupe de jeunes du territoire de Nyiragongo situ\u00e9 \u00e0 12 kms de la ville de Goma, chef lieu de la Province du Nord-Kivu\/RDC ont d\u00e9cid\u00e9 d\u2019aller vers leurs champs pour r\u00e9colter leurs cultures afin de faire face \u00e0 la faim chronique et [&hellip;]<\/p>\n","protected":false},"author":1,"featured_media":5761,"comment_status":"open","ping_status":"open","sticky":false,"template":"","format":"standard","meta":{"_acf_changed":false,"content-type":"","footnotes":""},"categories":[160,124,162],"tags":[],"class_list":["post-5754","post","type-post","status-publish","format-standard","has-post-thumbnail","hentry","category-nouvelles-front-est","category-politique-societe","category-rd-congo"],"acf":[],"_links":{"self":[{"href":"https:\/\/congolobilelo.com\/IN\/wp-json\/wp\/v2\/posts\/5754","targetHints":{"allow":["GET"]}}],"collection":[{"href":"https:\/\/congolobilelo.com\/IN\/wp-json\/wp\/v2\/posts"}],"about":[{"href":"https:\/\/congolobilelo.com\/IN\/wp-json\/wp\/v2\/types\/post"}],"author":[{"embeddable":true,"href":"https:\/\/congolobilelo.com\/IN\/wp-json\/wp\/v2\/users\/1"}],"replies":[{"embeddable":true,"href":"https:\/\/congolobilelo.com\/IN\/wp-json\/wp\/v2\/comments?post=5754"}],"version-history":[{"count":0,"href":"https:\/\/congolobilelo.com\/IN\/wp-json\/wp\/v2\/posts\/5754\/revisions"}],"wp:featuredmedia":[{"embeddable":true,"href":"https:\/\/congolobilelo.com\/IN\/wp-json\/"}],"wp:attachment":[{"href":"https:\/\/congolobilelo.com\/IN\/wp-json\/wp\/v2\/media?parent=5754"}],"wp:term":[{"taxonomy":"category","embeddable":true,"href":"https:\/\/congolobilelo.com\/IN\/wp-json\/wp\/v2\/categories?post=5754"},{"taxonomy":"post_tag","embeddable":true,"href":"https:\/\/congolobilelo.com\/IN\/wp-json\/wp\/v2\/tags?post=5754"}],"curies":[{"name":"wp","href":"https:\/\/api.w.org\/{rel}","templated":true}]}}