{"id":5750,"date":"2013-07-11T21:03:40","date_gmt":"2013-07-11T21:03:40","guid":{"rendered":"http:\/\/www.ingeta.com\/?p=5750"},"modified":"2013-07-11T21:03:40","modified_gmt":"2013-07-11T21:03:40","slug":"qui-sont-les-generaux-darmee-didier-etumba-et-francois-olenga","status":"publish","type":"post","link":"https:\/\/congolobilelo.com\/IN\/qui-sont-les-generaux-darmee-didier-etumba-et-francois-olenga\/","title":{"rendered":"Qui sont les G\u00e9n\u00e9raux d\u2019Arm\u00e9e Didier Etumba et Fran\u00e7ois Olenga ?"},"content":{"rendered":"<p>\t\t\t\tPar <a href=\"http:\/\/desc-wondo.org\/qui-sont-les-generaux-darmee-didier-etumba-et-francois-olenga\/\">Jean-Jacques Wondo<\/a><\/p>\n<p>Les r\u00e9centes promotions au sein des FARDC font partie des promesses du pr\u00e9sident Kabila de r\u00e9former l\u2019arm\u00e9e en r\u00e9organisant l\u2019articulation de ses forces et leur implantation sur le territoire conform\u00e9ment \u00e0 la loi organique relatif \u00e0 l\u2019organisation et au fonctionnement des FARDC.\u00a0Ainsi, pour exercer une fonction d\u2019importance strat\u00e9gique, il fallait absolument \u00eatre porteur d\u2019un grade \u00e9quivalent aux pr\u00e9rogatives et aux effectifs num\u00e9riques des troupes \u00e0 contr\u00f4ler. C\u2019est dans cette optique que les g\u00e9n\u00e9raux Etumba et Olenga ont \u00e9t\u00e9 \u00e9lev\u00e9s au grade de g\u00e9n\u00e9ral d\u2019arm\u00e9e, le grade le plus \u00e9lev\u00e9 de l\u2019arm\u00e9e congolaise. Ce, conform\u00e9ment au nombre de militaires plac\u00e9s directement sous leurs ordres respectifs : Entre 140.000 \u00e0 145.000 militaires (l\u2019ensemble des FARDC= Une arm\u00e9e) sous le commandement du chef d\u2019\u00e9tat-major g\u00e9n\u00e9ral\u00a0 Etumba et environ 110.000 hommes de l\u2019arm\u00e9e de terre (qui forment 3 \u00e0 4 corps d\u2019arm\u00e9e = une\u00a0 arm\u00e9e) plac\u00e9s sous les ordres du g\u00e9n\u00e9ral Olenga. Ainsi, il faut porter le grade de g\u00e9n\u00e9ral d\u2019arm\u00e9e (portant des galons de <strong>4 \u00e9toiles<\/strong>) pour exercer cs fonctions. occuper ces postes. Cela fait de ces deux g\u00e9n\u00e9raux fid\u00e8les \u00e0 M. Kabila, les militaires les plus hauts grad\u00e9s de la RDC. Une cons\u00e9cration pour ces deux g\u00e9n\u00e9raux.<\/p>\n<p>&nbsp;<\/p>\n<p><strong>Le G\u00e9n\u00e9ral d\u2019arm\u00e9e Didier Etumba Longila, Chef d\u2019Etat-major g\u00e9n\u00e9ral des FARDC<\/strong><\/p>\n<p>Didier Etumba est de p\u00e8re Mongo de l\u2019Equateur et de <strong>m\u00e8re Tutsi<\/strong> rwandaise, d\u00e9c\u00e9d\u00e9e. Une origine ethnique qui, selon des sources parlementaires congolaises de la majorit\u00e9 pr\u00e9sidentielle, militaires et diplomatiques concordantes, lui a valu la nomination \u00e0 son poste actuel. Il bat le record de long\u00e9vit\u00e9 \u00e0 ce poste qu\u2019il occupe depuis le 17 novembre 2008 en remplacement du g\u00e9n\u00e9ral Dieudonn\u00e9 Kayembe qui a refus\u00e9 d\u2019endosser la responsabilit\u00e9 de l\u2019op\u00e9ration conjointe Umoja wetu invitant l\u2019\u00a0arm\u00e9e rwandaise (RDF) de venir op\u00e9rer aux c\u00f4t\u00e9s des FARDC entre janvier et mars 2009.<\/p>\n<p>Dipl\u00f4m\u00e9 de l\u2019Ecole royale militaire et de l\u2019Ecole d\u2019application de gendarmerie en Belgique, Didier Etumba est \u00e9galement d\u00e9tenteur d\u2019un master en sciences criminologiques de l\u2019Universit\u00e9 de Li\u00e8ge. Rentr\u00e9 au pays en 1986 \u00e0 l\u2019\u00e9poque des FAZ, il a \u00e9volu\u00e9 au sein de la gendarmerie puis comme formateur et cadre \u00e0 l\u2019EFO Kananga au d\u00e9but des ann\u00e9es 1990 apr\u00e8s la rupture de la coop\u00e9ration belge et le retour en Belgique des instructeurs belges de cette acad\u00e9mie militaire de renom qui a vu form\u00e9 plusieurs officiers des pays africains. Mal aim\u00e9 du r\u00e9gime mobutiste, alors que ressortissant de l\u2019Equateur, une province militairement choy\u00e9e par Mobutu, il a \u00e9t\u00e9 adopt\u00e9 par les r\u00e9gimes Kabila (p\u00e8re et fils) alors qu\u2019il \u00e9tait major. Il sera affect\u00e9 \u00e0 l\u2019\u00e9tat-major de la Force Terrestre aux c\u00f4t\u00e9s de Joseph Kabila qui le prendra par la suite conseiller lorsqu\u2019il deviendra chef de l\u2019Etat. C\u2019est \u00e0 ce moment que sa carri\u00e8re conna\u00eetra une ascension fulgurante en occupant les postes strat\u00e9giques de l\u2019arm\u00e9e, notamment \u00e0 la t\u00eate des renseignements militaires (DEMIAP<a title=\"\" href=\"http:\/\/desc-wondo.org\/qui-sont-les-generaux-darmee-didier-etumba-et-francois-olenga\/#_ftn1\"><sup><sup>[1]<\/sup><\/sup><\/a>) et de la force navale avant sa promotion \u00e0 la t\u00eate des arm\u00e9es. Il fut \u00e9galement expert militaire de la composante gouvernementale dans les n\u00e9gociations de Lusaka (1999), Pretoria et Sun City (2002). Didier Etumba a \u00e9galement \u00e9t\u00e9 nomm\u00e9 par Kabila coordonnateur adjoint du programme Amani et Co-pr\u00e9sident de la Commission technique mixte paix et s\u00e9curit\u00e9 de ce programme avant d\u2019\u00eatre \u00e9lev\u00e9 \u00e0 la t\u00eate des FARDC.<\/p>\n<p>Pour un chef d\u2019\u00e9tat-major d\u2019arm\u00e9e, il est tr\u00e8s peu en contact avec ses troupes alors qu\u2019il est cens\u00e9 jouer le r\u00f4le d\u2019\u00a0\u00bbentraineur\u00a0\u00bb aux c\u00f4t\u00e9s de ses joueurs. Cependant, son \u00e9tonnante discr\u00e9tion actuelle contraste avec sa r\u00e9putation de frondeur et de r\u00e9formateur qu\u2019il mettait en avant sous les FAZ. Les analystes pensent qu\u2019il occupe ce poste pour cause d\u2019apparat et dans une strat\u00e9gie politique de Kabila visant \u00e0 attirer la sympathie des ressortissants de l\u2019Ouest du pays, notamment l\u2019Equateur, un des bastions de l\u2019opposition \u00e0 son pouvoir. Paradoxalement, c\u2019est lui que la bloggeuse belge Colette Braeckman a cit\u00e9 comme <strong>ayant transmis des ordres contradictoires aux FARDC durant la guerre contre le M23 en 2012.<\/strong> En effet, selon le colonel Dunia, officier du 322<sup>\u00e8me<\/sup> bataillon paracommando form\u00e9 par les belges \u00e0 Lokando au Maniema, les troupes congolaises envoy\u00e9es au combat [contre les M23 en 2012] <strong>ont re\u00e7u des informations d\u00e9lib\u00e9r\u00e9ment erron\u00e9es.<\/strong> \u00ab<em>\u00a0On nous a envoy\u00e9s sur des collines o\u00f9 il n\u2019y avait personne, o\u00f9 nous \u00e9tions expos\u00e9s aux tirs ennemis, sans ravitaillement ni munitions <\/em>\u00bb. L\u2019officier relate que <strong>ses soldats avaient r\u00e9ussi \u00e0 cerner Bosco Ntaganda.<\/strong> \u00ab <em>Alors que nous les avions coinc\u00e9s, Bosco et les siens ont fui la ferme o\u00f9 ils \u00e9taient retranch\u00e9s. Nous y avons retrouv\u00e9 30 tonnes d\u2019armes et de munitions dont ils avaient \u00e9t\u00e9 dot\u00e9s pour combattre les rebelles hutus mais qu\u2019ils avaient pr\u00e9f\u00e9r\u00e9 stocker\u2026<\/em> \u00bb (Le carnet de Colette Braeckman, 2\/2\/2013). Pour Braeckman, <strong>c\u2019est le g\u00e9n\u00e9ral Didier Etumba, le chef d\u2019\u00e9tat-major g\u00e9n\u00e9ral des FARDC, qui a donn\u00e9 l\u2019ordre d\u2019observer cinq jours de cessez le feu alors que les forces gouvernementales \u00e9taient \u00e0 deux doigts d\u2019arr\u00eater Bosco Ntaganda.<\/strong> Ce d\u00e9lai permit \u00e0 ce dernier et ses troupes de fuir en direction de la fronti\u00e8re rwandaise en traversant le parc des Virunga. Selon des militaires belges qui \u00e9taient en contact t\u00e9l\u00e9phonique avec leurs \u00e9l\u00e8ves, les militaires congolais ne leur cachaient pas leur frustration : \u00ab <em>les mutins \u00e9taient dans la for\u00eat, ils avaient abandonn\u00e9 leurs armes lourdes. \u00a0Nous voulions m\u00eame louer des bus pour les cueillir \u00e0 leur sortie du parc des Virunga\u2026 <\/em>\u00bb Le journaliste Baudouin Amba du Congoindependant se pose cette question face \u00e0 cette situation incompr\u00e9hensible\u00a0: <em>Qui a donn\u00e9 ces informations erron\u00e9es? Quelqu\u2019un voulait-il \u00absauver\u00bb Ntaganda ? Qui ? Etumba a-t-il agi \u00e0 titre personnel o\u00f9 transmettait-il des directives venues d\u2019une \u00abautorit\u00e9 sup\u00e9rieure\u00bb ? Laquelle ? <\/em>(Congoindependant, 5 f\u00e9vrier 2013).<\/p>\n<p>Des sources diplomatiques affirment que c\u2019est le secr\u00e9taire particulier du g\u00e9n\u00e9ral Etumba qui \u00e9tait charg\u00e9 de payer en esp\u00e8ces les frais de s\u00e9jour et les perdiems des d\u00e9l\u00e9gu\u00e9s du mouvement rebelle M23 pendant que de l\u2019autre c\u00f4t\u00e9 le gouvernement congolais le traite de groupe n\u00e9gatif avec qui il ne faut pas n\u00e9gocier.<\/p>\n<p>Enfin, il y a lieu de constater que sa strat\u00e9gie de profil bas affich\u00e9 n\u2019exclurait pas d\u2019ambitions personnelles selon certaines sources qui le c\u00f4toient. Il semble appr\u00e9ci\u00e9 par les am\u00e9ricains et entretient de bons contacts avec l\u2019arm\u00e9e belge.<\/p>\n<p>&nbsp;<\/p>\n<p><strong>Le G\u00e9n\u00e9ral d\u2019arm\u00e9e Fran\u00e7ois Olenga Tete (Okundji), Chef d\u2019\u00e9tat-major int\u00e9rimaire de l\u2019arm\u00e9e de terre<br \/>\n<\/strong><\/p>\n<p>De l\u2019ethnie Kusu du nord du Maniema, les d\u00e9tails sur son parcours militaire sont inexistants. De son vrai nom Fran\u00e7ois Okundji, il a d\u00fb utiliser un nom d\u2019emprunt \u00ab\u00a0Olenga\u00a0\u00bb \u2013 en s\u2019identifiant comme apparent\u00e9 \u00e0 l\u2019ex-g\u00e9n\u00e9ral Olenga, proche de Patrice Lumumba\u00a0&#8211; pour appuyer sa demande d\u2019asile en Allemagne. C\u2019est au cours de ses ann\u00e9es d\u2019exil qu\u2019il fait connaissance de Laurent-D\u00e9sir\u00e9 Kabila. Depuis le 23 novembre 2012, le g\u00e9n\u00e9ral Olenga remplace au poste de chef d\u2019\u00e9tat-major int\u00e9rimaire de l\u2019arm\u00e9e de terre congolaise le g\u00e9n\u00e9ral Gabriel Amisi, connu sous le nom de code \u00ab\u00a0Tango Four\u00a0\u00bb. Ce dernier, ex-militaire du RCD-Goma, a \u00e9t\u00e9 suspendu de ce poste le 22 novembre apr\u00e8s la publication d\u2019un rapport d\u2019experts de l\u2019ONU l\u2019accusant de vente et livraison d\u2019armes et munitions \u00e0 des braconniers et des groupes arm\u00e9s, dont un alli\u00e9 au M23. Il n\u2019a pas fait l\u2019objet de poursuite judiciaire pour ces faits punissables de haute trahison<\/p>\n<p><b>Sans formation ni brevet militaire attest\u00e9s par une acad\u00e9mie militaire<\/b>, le g\u00e9n\u00e9ral Olenga doit sa place gr\u00e2ce \u00e0 sa loyaut\u00e9 absolue \u00e0 Joseph Kabila, dont il a servi pendant longtemps le r\u00f4le de gar\u00e7on de course et de tiroir-caisse. On sait qu\u2019il rejoint l\u2019AFDL en 1996 et a mis \u00e0 profit ses relations avec les hommes d\u2019affaires de l\u2019Europe de l\u2019Est pour approvisionner la r\u00e9bellion en armes et munitions. Il assurera alors la fonction de responsable logistique des FAC (Forces Arm\u00e9es Congolaises) apr\u00e8s la victoire de l\u2019AFDL\u00a0 en 1997. A sa nomination comme chef d\u2019\u00e9tat-major a.i. de l\u2019arm\u00e9e de terre, le g\u00e9n\u00e9ral Olenga s\u2019est fait remarquer par ses d\u00e9clarations fracassantes contre le Rwanda. Il a par exemple menac\u00e9 en vain de lancer une contre-offensive sur les territoires occup\u00e9s par le M23 pour les y d\u00e9loger. Son retour sur le devant de la sc\u00e8ne militaire a \u00e9t\u00e9 interpr\u00e9t\u00e9 par des analystes comme une volont\u00e9 de requinquer le moral des troupes d\u2019une arm\u00e9e en perte de vitesse. A l\u2019instar de son fr\u00e8re ethnique Kusu-Tetela, le Minsitre Lambert Mende, Olenga est connu pour son populisme en mati\u00e8re de communication propagandiste. En temps de guerre, cela peut parfois influencer positivement le moral des troupes FARDC en perte de vitesse et faire douter l\u2019adversaire. Il reprend un poste qu\u2019il a occup\u00e9 entre 2001 \u00e0 2003, lorsque Joseph Kabila, jusqu\u2019alors chef d\u2019\u00e9tat-major de cette branche de l\u2019arm\u00e9e, a \u00e9t\u00e9 d\u00e9sign\u00e9 chef de l\u2019Etat. Homme d\u2019affaires et bon vivant (surpris \u00e0 plusieurs reprises aux heures de travail et parfois en p\u00e9riode de guerre dans un h\u00f4tel de la place \u00e0 Binza Ma Campagne \u2013 une banlieue r\u00e9sidentielle hupp\u00e9e de la capitale \u2013 en compagnie d\u2019une cohorte de jeunes filles, certaines probablement mineures), il est propri\u00e9taire, entre autres, d\u2019une somptueuse r\u00e9sidence dans les environs de Kingakati. Il s\u2019est occup\u00e9 avant sa promotion de l\u2019achat des armes et munitions, dont certaines ne correspondaient pas aux calibres des armes utilis\u00e9es par les FARDC dans la guerre men\u00e9e contre le M23. Il a \u00e9galement exerc\u00e9 la fonction d\u2019Inspecteur g\u00e9n\u00e9ral des FARDC en juillet 2005 puis en juin 2010.<\/p>\n<p>Il a \u00e9t\u00e9 cit\u00e9 dans un rapport d\u2019enqu\u00eate d\u2019experts de l\u2019ONU, dat\u00e9 du 8 octobre 2002, pour avoir utilis\u00e9 l\u2019argent de la compagnie des mines de diamants de l\u2019Etat, la MIBA, pour acheter des armes au profit de l\u2019arm\u00e9e. Il a \u00e9galement \u00e9t\u00e9 accus\u00e9 par des associations congolaises de droits de l\u2019homme d\u2019avoir abattu un enfant de la rue qui lui a vol\u00e9 son t\u00e9l\u00e9phone portable.<\/p>\n<p>&nbsp;<\/p>\n<p><strong>Qui perd la guerre gagne des galons<\/strong><\/p>\n<p>Ce qui est surprenant \u2013 et nous avons re\u00e7u plusieurs r\u00e9actions priv\u00e9es en provenance du Congo et d\u2019ailleurs depuis la publication de notre note du 9 juillet -, est que ces deux g\u00e9n\u00e9raux, tr\u00e8s controvers\u00e9s et contest\u00e9s m\u00eame par leurs confr\u00e8res d\u2019armes qui requi\u00e8rent l\u2019anonymat, ont \u00e9t\u00e9 gratifi\u00e9s \u00e0 la t\u00eate d\u2019une structure qui est tout, sauf une arm\u00e9e, qui vient d\u2019aligner une s\u00e9rie de d\u00e9b\u00e2cles. Une pseudo arm\u00e9e de gueux en d\u00e9liquescence incapable de d\u00e9fendre l\u2019int\u00e9grit\u00e9 territoriale du Congo. Une arm\u00e9e corrompue, d\u00e9motiv\u00e9e, sous-\u00e9quip\u00e9e et anachronique. J\u2019y reviendrai dans une prochaine analyse explicative des raisons de ces promotions paradoxales : <em><strong>La strat\u00e9gie du renforcement positif des perdants.<\/strong><\/em> M\u00eame lorsque notre \u00e9quipe de football \u00ab\u00a0Les L\u00e9opards\u00a0\u00bb perdent un match (qui n\u2019est qu\u2019un jeu sans enjeu vital pour le pays), c\u2019est toute la nation, en commen\u00e7ant par les chefs, qui r\u00e9clame que des t\u00eates tombent. Mais lorsqu\u2019une arm\u00e9e, cens\u00e9e sauver des vies humaines et garantir l\u2019int\u00e9grit\u00e9 et la souverainet\u00e9 nationales aligne des d\u00e9cennies de d\u00e9faites entra\u00eenant des pertes de vie des millions de congolais depuis 15 ans, <strong>on f\u00e9licite et les gratifie ses chefs.<\/strong> Alors que par leur gestion calamiteuse des batailles militaires, c\u2019est une frange de la population qui a \u00e9t\u00e9 sacrifi\u00e9e.\u00a0 Ainsi, pouvait-on lire, de mani\u00e8re surr\u00e9aliste , dans un communiqu\u00e9 du ministre de la D\u00e9fense ce qui suit :<\/p>\n<p>\u00ab\u00a0<em>A travers une s\u00e9rie d\u2019ordonnances rendues publiques le dimanche et le lundi 7 et 8 juillet 2013, le chef de l\u2019Etat Joseph Kabila est d\u00e9termin\u00e9 \u00e0 donner un coup de pousse \u00e0 la r\u00e9forme de l\u2019arm\u00e9e. Parmi les ordonnances sign\u00e9es, il y a celle qui mette \u00e0 la retraite certains officiers. <strong>Joseph Kabila tient \u00e0 f\u00e9liciter ceux qui ont honorablement servi la R\u00e9publique<\/strong>\u2026 <strong>Il f\u00e9licite \u00e9galement les heureux promus, <\/strong><\/em><em>tout en encourageant les autres \u00e0 redoubler d\u2019efforts <\/em><em>pou<\/em><em>r <strong>m\u00e9riter de sa<\/strong><\/em><strong><em> confiance<\/em><\/strong>.\u00a0\u00bb Fin de ce citation et \u00e0 chacun de tirer ses conclusions.<\/p>\n<p>&nbsp;<\/p>\n<p><i>Jean-Jacques Wondo<\/i><br \/>\nAnalyste des questions politiques et s\u00e9curitaires du Congo<br \/>\nLire toutes ses analyses sur <a href=\"http:\/\/desc-wondo.org\">desc-wondo.org<\/a><\/p>\n<p>&nbsp;\t\t<\/p>\n","protected":false},"excerpt":{"rendered":"<p>Par Jean-Jacques Wondo Les r\u00e9centes promotions au sein des FARDC font partie des promesses du pr\u00e9sident Kabila de r\u00e9former l\u2019arm\u00e9e en r\u00e9organisant l\u2019articulation de ses forces et leur implantation sur le territoire conform\u00e9ment \u00e0 la loi organique relatif \u00e0 l\u2019organisation et au fonctionnement des FARDC.\u00a0Ainsi, pour exercer une fonction d\u2019importance strat\u00e9gique, il fallait absolument \u00eatre [&hellip;]<\/p>\n","protected":false},"author":1,"featured_media":5751,"comment_status":"open","ping_status":"open","sticky":false,"template":"","format":"standard","meta":{"_acf_changed":false,"content-type":"","footnotes":""},"categories":[122,124],"tags":[],"class_list":["post-5750","post","type-post","status-publish","format-standard","has-post-thumbnail","hentry","category-news-alertes","category-politique-societe"],"acf":[],"_links":{"self":[{"href":"https:\/\/congolobilelo.com\/IN\/wp-json\/wp\/v2\/posts\/5750","targetHints":{"allow":["GET"]}}],"collection":[{"href":"https:\/\/congolobilelo.com\/IN\/wp-json\/wp\/v2\/posts"}],"about":[{"href":"https:\/\/congolobilelo.com\/IN\/wp-json\/wp\/v2\/types\/post"}],"author":[{"embeddable":true,"href":"https:\/\/congolobilelo.com\/IN\/wp-json\/wp\/v2\/users\/1"}],"replies":[{"embeddable":true,"href":"https:\/\/congolobilelo.com\/IN\/wp-json\/wp\/v2\/comments?post=5750"}],"version-history":[{"count":0,"href":"https:\/\/congolobilelo.com\/IN\/wp-json\/wp\/v2\/posts\/5750\/revisions"}],"wp:featuredmedia":[{"embeddable":true,"href":"https:\/\/congolobilelo.com\/IN\/wp-json\/"}],"wp:attachment":[{"href":"https:\/\/congolobilelo.com\/IN\/wp-json\/wp\/v2\/media?parent=5750"}],"wp:term":[{"taxonomy":"category","embeddable":true,"href":"https:\/\/congolobilelo.com\/IN\/wp-json\/wp\/v2\/categories?post=5750"},{"taxonomy":"post_tag","embeddable":true,"href":"https:\/\/congolobilelo.com\/IN\/wp-json\/wp\/v2\/tags?post=5750"}],"curies":[{"name":"wp","href":"https:\/\/api.w.org\/{rel}","templated":true}]}}