{"id":5727,"date":"2013-07-07T21:44:45","date_gmt":"2013-07-07T21:44:45","guid":{"rendered":"http:\/\/www.ingeta.com\/?p=5727"},"modified":"2013-07-07T21:44:45","modified_gmt":"2013-07-07T21:44:45","slug":"lettre-a-tous-les-jeunes-de-la-republique-democratique-du-congo","status":"publish","type":"post","link":"https:\/\/congolobilelo.com\/IN\/lettre-a-tous-les-jeunes-de-la-republique-democratique-du-congo\/","title":{"rendered":"Lettre \u00e0 tous les jeunes de la R\u00e9publique D\u00e9mocratique du Congo"},"content":{"rendered":"<p>\t\t\t\t<strong>Lettre ouverte de l&#8217;Association Africaine de D\u00e9fense des Droits de l\u2019Homme (ASADHO) \u00e0 tous les jeunes de la R\u00e9publique D\u00e9mocratique du Congo, initialement publi\u00e9e le 4 juillet 2013. <\/strong><\/p>\n<p><em>Concerne : La responsabilit\u00e9 d\u2019agir maintenant.<\/em><\/p>\n<p>Ch\u00e8res jeunes congolaises ;<br \/>\nChers jeunes congolais ;<\/p>\n<p>Au nom de l\u2019Association Africaine de d\u00e9fense des Droits de l\u2019Homme ; ASADHO en sigle, une organisation nationale qui se bat depuis 1991 pour l\u2019av\u00e8nement d\u2019un Etat de droit et pour le respect des principes d\u00e9mocratiques par ceux qui nous gouvernement, je vous adresse la pr\u00e9sente pour attirer votre attention sur la responsabilit\u00e9 historique qui nous revient tous d\u2019agir pour prot\u00e9ger notre Constitution de toutes les modifications de nature \u00e0 violer la volont\u00e9 du peuple et \u00e0 plonger notre pays dans les troubles socio politiques aux cons\u00e9quences d\u00e9sastreuses pour tous.<\/p>\n<p>Le Communiqu\u00e9 de presse n\u00b00023\/ASADHO\/2013 publi\u00e9 par l\u2019ASADHO en date du 25 juin 2013 et intitul\u00e9 \u00ab L\u2019ASADHO appelle tous les congolais \u00e0 s\u2019opposer \u00e0 la r\u00e9vision du nombre de mandat du Pr\u00e9sident de la R\u00e9publique en R.D.Congo \u00bb constitue la base de cette lettre que je vous adresse.<\/p>\n<p>Quelle que soit notre appartenance politique, tribale ou r\u00e9gionale, il est important que nous puissions nous d\u00e9partir de tous ces signes distinctifs qui ne sont pas mauvais en soit, mais qui sont utilis\u00e9s par certaines personnes pour nous emp\u00eacher de nous battre en faveur des principes et valeurs utiles pour fonder un Etat de droit, capable d\u2019assurer le bien \u00eatre \u00e0 tous, particuli\u00e8rement aux jeunes. Le combat pour le respect des valeurs d\u00e9mocratiques, pour la redevabilit\u00e9 des femmes et hommes politiques, la transparence et la bonne gouvernance, doit \u00eatre au centre de toutes les actions des jeunes. Un Etat fond\u00e9 sur le respect des principes et des droits de l\u2019Homme est le seul qui soit capable de garantir un meilleur avenir aux jeunes filles et gar\u00e7ons de la R\u00e9publique D\u00e9mocratique du Congo.<\/p>\n<p>L\u2019engagement des jeunes pour la d\u00e9fense de telles valeurs contraindra toutes personnes d\u00e9tentrices du pouvoir politique \u00e0 travailler dans l\u2019int\u00e9r\u00eat du plus grand nombre.<\/p>\n<p>Ch\u00e8res jeunes congolaises ;<\/p>\n<p>Chers jeunes congolais ;<\/p>\n<p>Sous nos yeux, le professeur Evariste BOSHAB vient de lancer un d\u00e9bat visant la r\u00e9vision de l\u2019article 220[2][2] qui dispose que \u00ab La forme r\u00e9publicaine de l&#8217;Etat, le principe du suffrage universel, la forme repr\u00e9sentative du Gouvernement, le nombre et la dur\u00e9e des mandats du Pr\u00e9sident de la R\u00e9publique, l\u2019ind\u00e9pendance du pouvoir judiciaire, le pluralisme politique et syndical, ne peuvent faire l&#8217;objet d&#8217;aucune r\u00e9vision constitutionnelle. Est formellement interdite toute r\u00e9vision constitutionnelle ayant pour objet ou pour effet de r\u00e9duire les droits et libert\u00e9s de la personne ou de r\u00e9duire les pr\u00e9rogatives des provinces et des entit\u00e9s territoriales d\u00e9centralis\u00e9es de notre constitution \u00bb. Par notre volont\u00e9 \u00e0 tous, exprim\u00e9e lors du referendum de 2005, cet article ne peut faire l\u2019objet d\u2019aucune r\u00e9vision par ce qu\u2019il pose les principes de nature \u00e0 faire progresser la d\u00e9mocratie, l\u2019alternance au pouvoir et \u00e0 garantir une justice humaine et \u00e9quitable \u00e0 tous. Proposer sa r\u00e9vision, pour la protection des int\u00e9r\u00eats individuels, est immoral et m\u00e9rite l\u2019opposition de tous les congolais, particuli\u00e8rement des jeunes, qu\u2019ils soient au pays ou \u00e0 l\u2019\u00e9tranger.<\/p>\n<p>C\u2019est pour quoi je rappelle \u00e0 chacun de nous la responsabilit\u00e9 qui nous incombe d\u2019agir maintenant pour faire \u00e9chouer cette initiative visant la r\u00e9vision de l\u2019article 220 de la Constitution.<\/p>\n<p>Notre responsabilit\u00e9 d\u2019agir contre cette r\u00e9vision ne vise pas une personne bien pr\u00e9cise. Elle vise seulement le respect des principes. Le Pr\u00e9sident Joseph KABILA a fait certaines choses appr\u00e9ciables pour notre pays, dans la mesure de sa vision pour le Congo, de ses comp\u00e9tences, des d\u00e9fis nationaux et internationaux qui se sont pos\u00e9s \u00e0 lui, mais aussi dans les limites des hommes et des femmes dont il s\u2019est entour\u00e9 pour la mise en \u0153uvre de sa vision.<\/p>\n<p>Certains congolais souhaiteraient que le Pr\u00e9sident Joseph KABILA reste encore \u00e0 la t\u00eate du Congo apr\u00e8s 2016, mais notre constitution ne le veut. Il est appel\u00e9 \u00e0 laisser la gestion du pays \u00e0 un autre congolais en 2016. Ce n\u2019est pas une question de l\u2019aimer ou de ne pas l\u2019aimer, mais c\u2019est une question de principe pos\u00e9 par notre constitution. Sans respect des principes et valeurs d\u00e9mocratiques, il n\u2019est pas possible de construire un Etat d\u00e9mocratique, juste, stable et prosp\u00e8re.<\/p>\n<p>Cette responsabilit\u00e9 d\u2019agir d\u2019autres jeunes congolais en avaient d\u00e9j\u00e0 fait usage \u00e0 certains moments cl\u00e9s de l\u2019histoire de notre pays.<\/p>\n<p>Avant 1960, certains jeunes congolais dont Patrice LUMUMBA \u00e2g\u00e9 de moins de 30 ans s\u2019\u00e9taient engag\u00e9s dans la lutte contre le syst\u00e8me colonial. Leur engagement a conduit \u00e0 la proclamation de l\u2019ind\u00e9pendance du Congo le 30 juin 1960. Ils avaient la conviction que, quels que soient les profits qu\u2019eux pouvaient tirer \u00e0 titre personnel en collaborant avec le colonisateur, le syst\u00e8me colonial \u00e9tait injuste et inhumain pour tous.<\/p>\n<p>Apr\u00e8s 1960, d\u2019autres jeunes dont Laurent D\u00e9sir\u00e9 KABILA \u00e2g\u00e9 aussi de moins de 30 ans s\u2019\u00e9tait oppos\u00e9 \u00e0 la gouvernance du Pr\u00e9sident MOBUTU par ce qu\u2019ils estimaient qu\u2019elle violait tous les principes qui fondent un Etat de droit. La conviction et la d\u00e9termination ont permis \u00e0 Laurent D\u00e9sir\u00e9 KABILA de renverser le Pr\u00e9sident MOBUTU et son r\u00e9gime avilissant en 1997.<\/p>\n<p>Ces jeunes congolais, quels que soient les reproches qu\u2019on peut leur faire, ont jou\u00e9 un r\u00f4le important pour notre pays en s\u2019opposant \u00e0 toute gestion politique, \u00e9conomique ou sociale qui viole les droits fondamentaux et les valeurs d\u00e9mocratiques. Aujourd\u2019hui, c\u2019est \u00e0 notre tour d\u2019agir.<\/p>\n<p>La responsabilit\u00e9 d\u2019agir maintenant nous appelle \u00e0 r\u00e9sister et \u00e0 nous organiser pour faire \u00e9chec, par toutes les voies de droit, \u00e0 la r\u00e9vision constitutionnelle qui se profile \u00e0 l\u2019horizon.<\/p>\n<p>Bient\u00f4t les concertations politiques selon la vision du Pr\u00e9sident Joseph KABILA ou le dialogue politique selon les v\u0153ux de l\u2019accord cadre d\u2019Addis Abeba vont commencer. Nous appelons les jeunes \u00e0 \u00eatre vigilants et \u00e0 s\u2019organiser pour que l\u2019agenda de ces concertations ou dialogue ne nous \u00e9chappe pas. Nous devons agir pour que ce dialogue se fasse dans l\u2019int\u00e9r\u00eat exclusif du peuple congolais, qu\u2019il ne soit pas un lieu de partage des pouvoirs entre l\u2019opposition et la majorit\u00e9 au pouvoir, et qu\u2019il traite de toutes les questions (les \u00e9lections, la situation \u00e0 l\u2019Est, la gestion de l\u2019Arm\u00e9e et de la police, les droits et libert\u00e9s fondamentales, l\u2019impunit\u00e9 et la corruption, l\u2019ind\u00e9pendance de la justice, les contraintes politiques qui p\u00e8sent sur les activit\u00e9s des partis politiques de l\u2019opposition) qui peuvent aider la RDC \u00e0 devenir \u00ab un pays plus beau qu\u2019avant \u00bb tel que voulu par les p\u00e8res fondateurs de notre nation( voir notre Hymne national).<\/p>\n<p>N\u2019oublions pas que sans la vigilance du peuple, les femmes et hommes politiques peuvent tout se permettre. Ils vont oublier qu\u2019ils ont l\u2019obligation de nous rendre compte et que nous avons le droit de les sanctionner si leur gestion du pays ne nous satisfait pas.<\/p>\n<p>Nous devons saisir toutes les opportunit\u00e9s (marches pacifiques, gr\u00e8ves, p\u00e9tition\u2026) que nous offrent la Constitution et les lois de notre pays pour exiger plus des femmes et hommes politiques et pour les contraindre \u00e0 tenir compte des aspirations du peuple.<\/p>\n<p>Une nouvelle histoire de la RDC est entrain de s\u2019\u00e9crire et nous devons y prendre part en exigeant le respect des droits de l\u2019Homme et des valeurs d\u00e9mocratiques par tous les femmes et hommes politiques de notre pays.<\/p>\n<p>La responsabilit\u00e9 d\u2019agir, nous appelle \u00e0 passer \u00e0 l\u2019action maintenant sans peur, sans violence, mais dans le respect strict de la Constitution et des lois de la R\u00e9publique D\u00e9mocratique du Congo. Nul ne peut nous emp\u00eacher de faire ce que la Constitution et les lois de la R\u00e9publique permettent.<\/p>\n<p>Avec l\u2019espoir que cette lettre aidera les jeunes filles et gar\u00e7ons des partis politiques, des confessions religieuses, des ONG, des Universit\u00e9s et Instituts Sup\u00e9rieurs, \u00e0 r\u00e9fl\u00e9chir et \u00e0 s\u2019organiser pour influencer les \u00e9v\u00e9nements politiques qui se profilent \u00e0 l\u2019horizon dans notre pays.<\/p>\n<p>Lisez et faites lire cette lettre aux autres. C\u2019est notre responsabilit\u00e9 d\u2019agir maintenant.<\/p>\n<p><em><br \/>\nMa\u00eetre Jean Claude KATENDE<br \/>\nPr\u00e9sident National ASADHO<\/em>\t\t<\/p>\n","protected":false},"excerpt":{"rendered":"<p>Lettre ouverte de l&#8217;Association Africaine de D\u00e9fense des Droits de l\u2019Homme (ASADHO) \u00e0 tous les jeunes de la R\u00e9publique D\u00e9mocratique du Congo, initialement publi\u00e9e le 4 juillet 2013. Concerne : La responsabilit\u00e9 d\u2019agir maintenant. Ch\u00e8res jeunes congolaises ; Chers jeunes congolais ; Au nom de l\u2019Association Africaine de d\u00e9fense des Droits de l\u2019Homme ; ASADHO [&hellip;]<\/p>\n","protected":false},"author":1,"featured_media":5728,"comment_status":"open","ping_status":"open","sticky":false,"template":"","format":"standard","meta":{"_acf_changed":false,"content-type":"","footnotes":""},"categories":[122,124,162],"tags":[],"class_list":["post-5727","post","type-post","status-publish","format-standard","has-post-thumbnail","hentry","category-news-alertes","category-politique-societe","category-rd-congo"],"acf":[],"_links":{"self":[{"href":"https:\/\/congolobilelo.com\/IN\/wp-json\/wp\/v2\/posts\/5727","targetHints":{"allow":["GET"]}}],"collection":[{"href":"https:\/\/congolobilelo.com\/IN\/wp-json\/wp\/v2\/posts"}],"about":[{"href":"https:\/\/congolobilelo.com\/IN\/wp-json\/wp\/v2\/types\/post"}],"author":[{"embeddable":true,"href":"https:\/\/congolobilelo.com\/IN\/wp-json\/wp\/v2\/users\/1"}],"replies":[{"embeddable":true,"href":"https:\/\/congolobilelo.com\/IN\/wp-json\/wp\/v2\/comments?post=5727"}],"version-history":[{"count":0,"href":"https:\/\/congolobilelo.com\/IN\/wp-json\/wp\/v2\/posts\/5727\/revisions"}],"wp:featuredmedia":[{"embeddable":true,"href":"https:\/\/congolobilelo.com\/IN\/wp-json\/"}],"wp:attachment":[{"href":"https:\/\/congolobilelo.com\/IN\/wp-json\/wp\/v2\/media?parent=5727"}],"wp:term":[{"taxonomy":"category","embeddable":true,"href":"https:\/\/congolobilelo.com\/IN\/wp-json\/wp\/v2\/categories?post=5727"},{"taxonomy":"post_tag","embeddable":true,"href":"https:\/\/congolobilelo.com\/IN\/wp-json\/wp\/v2\/tags?post=5727"}],"curies":[{"name":"wp","href":"https:\/\/api.w.org\/{rel}","templated":true}]}}