{"id":5721,"date":"2013-07-05T18:07:55","date_gmt":"2013-07-05T18:07:55","guid":{"rendered":"http:\/\/www.ingeta.com\/?p=5721"},"modified":"2013-07-05T18:07:55","modified_gmt":"2013-07-05T18:07:55","slug":"videos-de-la-conference-de-congo-lobbying-du-28-juin-2013-a-bruxelles","status":"publish","type":"post","link":"https:\/\/congolobilelo.com\/IN\/videos-de-la-conference-de-congo-lobbying-du-28-juin-2013-a-bruxelles\/","title":{"rendered":"Que reste-t-il de l\u2019ind\u00e9pendance du Congo, depuis le 30 juin 1960\u00a0?"},"content":{"rendered":"<p>\t\t\t\tLe 28 juin 2013 se tenait la conf\u00e9rence &#8220;53 ans apr\u00e8s, que reste-t-il de l&#8217;ind\u00e9pendance du Congo?&#8221; , organis\u00e9e par la structure Congo-lobbying.<\/p>\n<p>Parmi les intervenants, il y avait:<br \/>\nCHARLES ONANA, auteur de \u00ab Europe, crimes et censures au Congo : les documents qui accusent \u00bb<br \/>\nCHEIK FITA, auteur de \u00ab La d\u00e9mocratie assassin\u00e9e \u00bb<br \/>\nABBE MBELU, co-auteur de \u00ab La RDC face au complot de la balkanisation et de l\u2019implosion \u00bb<br \/>\nKASSA KASSA BOKOMBA, auteur de \u00ab R\u00e9formes, r\u00e9volution et ind\u00e9pendance pour un Congo meilleur \u00bb <\/p>\n<p>Voici les vid\u00e9os de leurs interventions:<\/p>\n<p>Charles Onana sur le leadership, le complexe d&#8217;inf\u00e9riorit\u00e9 &#038; notre capacit\u00e9 \u00e0 nous en sortir par nous-m\u00eames<br \/>\n<iframe loading=\"lazy\" width=\"560\" height=\"315\" src=\"\/\/www.youtube.com\/embed\/fY_jEPnhsN0\" frameborder=\"0\" allowfullscreen><\/iframe><\/p>\n<p>Cheik Fita : &#8220;J&#8217;ai fait un choix d\u00e9lib\u00e9r\u00e9 sur Tshisekedi&#8221;<br \/>\n<iframe loading=\"lazy\" width=\"560\" height=\"315\" src=\"\/\/www.youtube.com\/embed\/RaFw6gpWXp0\" frameborder=\"0\" allowfullscreen><\/iframe><\/p>\n<p>Kassa Kassa Bokomba : &#8220;Le Congo ne nous Appartient Plus&#8230;Ou sont les Chefs coutumiers ?&#8221;<br \/>\n<iframe loading=\"lazy\" width=\"560\" height=\"315\" src=\"\/\/www.youtube.com\/embed\/OCiucRk0NyQ\" frameborder=\"0\" allowfullscreen><\/iframe> <\/p>\n<p>Jean-Pierre Mbelu sur le vol de notre histoire, la n\u00e9cessit\u00e9 de s&#8217;organiser et les d\u00e9marches de reconqu\u00eate du Congo<br \/>\n<iframe loading=\"lazy\" width=\"560\" height=\"315\" src=\"\/\/www.youtube.com\/embed\/hL7mPdBneDg\" frameborder=\"0\" allowfullscreen><\/iframe><\/p>\n<p>Charles Onana : Le Congo appartient toujours aux congolais<br \/>\n<iframe loading=\"lazy\" width=\"560\" height=\"315\" src=\"\/\/www.youtube.com\/embed\/d5uaW78iLiQ\" frameborder=\"0\" allowfullscreen><\/iframe><\/p>\n","protected":false},"excerpt":{"rendered":"<p>Le 28 juin 2013 se tenait la conf\u00e9rence &#8220;53 ans apr\u00e8s, que reste-t-il de l&#8217;ind\u00e9pendance du Congo?&#8221; , organis\u00e9e par la structure Congo-lobbying. Parmi les intervenants, il y avait: CHARLES ONANA, auteur de \u00ab Europe, crimes et censures au Congo : les documents qui accusent \u00bb CHEIK FITA, auteur de \u00ab La d\u00e9mocratie assassin\u00e9e \u00bb [&hellip;]<\/p>\n","protected":false},"author":1,"featured_media":5722,"comment_status":"open","ping_status":"open","sticky":false,"template":"","format":"video","meta":{"_acf_changed":false,"content-type":"","footnotes":""},"categories":[148,157,120,124,133],"tags":[],"class_list":["post-5721","post","type-post","status-publish","format-video","has-post-thumbnail","hentry","category-documents-presse","category-gagner-la-guerre-des-idees","category-mondialisation","category-politique-societe","category-videos","post_format-post-format-video"],"acf":[],"_links":{"self":[{"href":"https:\/\/congolobilelo.com\/IN\/wp-json\/wp\/v2\/posts\/5721","targetHints":{"allow":["GET"]}}],"collection":[{"href":"https:\/\/congolobilelo.com\/IN\/wp-json\/wp\/v2\/posts"}],"about":[{"href":"https:\/\/congolobilelo.com\/IN\/wp-json\/wp\/v2\/types\/post"}],"author":[{"embeddable":true,"href":"https:\/\/congolobilelo.com\/IN\/wp-json\/wp\/v2\/users\/1"}],"replies":[{"embeddable":true,"href":"https:\/\/congolobilelo.com\/IN\/wp-json\/wp\/v2\/comments?post=5721"}],"version-history":[{"count":0,"href":"https:\/\/congolobilelo.com\/IN\/wp-json\/wp\/v2\/posts\/5721\/revisions"}],"wp:featuredmedia":[{"embeddable":true,"href":"https:\/\/congolobilelo.com\/IN\/wp-json\/"}],"wp:attachment":[{"href":"https:\/\/congolobilelo.com\/IN\/wp-json\/wp\/v2\/media?parent=5721"}],"wp:term":[{"taxonomy":"category","embeddable":true,"href":"https:\/\/congolobilelo.com\/IN\/wp-json\/wp\/v2\/categories?post=5721"},{"taxonomy":"post_tag","embeddable":true,"href":"https:\/\/congolobilelo.com\/IN\/wp-json\/wp\/v2\/tags?post=5721"}],"curies":[{"name":"wp","href":"https:\/\/api.w.org\/{rel}","templated":true}]}}