{"id":5706,"date":"2013-07-02T05:17:13","date_gmt":"2013-07-02T05:17:13","guid":{"rendered":"http:\/\/www.ingeta.com\/?p=5706"},"modified":"2013-07-02T05:17:13","modified_gmt":"2013-07-02T05:17:13","slug":"53-ans-de-la-rd-congo-a-bruxelles-parole-a-charles-onana-kassa-kassa-cheik-fita-abbe-mbelu","status":"publish","type":"post","link":"https:\/\/congolobilelo.com\/IN\/53-ans-de-la-rd-congo-a-bruxelles-parole-a-charles-onana-kassa-kassa-cheik-fita-abbe-mbelu\/","title":{"rendered":"53 ans de la RD Congo \u00e0 Bruxelles, parole \u00e0 Charles Onana, Kassa Kassa, Cheik Fita, Abb\u00e9 Mbelu"},"content":{"rendered":"<p>\t\t\t\tPar Marisse Kabemba, <a href=\"http:\/\/www.cheikfitanews.net\/article-53-ans-de-la-rd-congo-a-bruxelles-parole-a-charles-onana-kassa-kassa-cheik-fita-abbe-mbelu-118788848.html\">Cheik Fita News<\/a>.<\/p>\n<p><strong>En marge des 53 ans d\u2019ind\u00e9pendance de la RD Congo, l\u2019asbl Congolobbying a organis\u00e9 le vendredi 28 juin 2013 une conf\u00e9rence \u00e0 l\u2019h\u00f4tel Sleep well de Bruxelles avec comme orateurs\u00a0: Charles Onana, Kassa Kassa, Cheik Fita, Abb\u00e9 Mbelu, tous quatre ayant \u00e9crit et publi\u00e9 un livre sur la politique en RD Congo.<\/strong><\/p>\n<p>En ouverture, ma\u00eetre Claude Kayembe a donn\u00e9 le d\u00e9roulement de la rencontre. Avant de prendre la parole, chaque orateur \u00e9coutera les questions d\u2019une personne pr\u00e9alablement choisie, ayant lu son livre. Ainsi, le premier sera Olivier Kayomo avec Cheik Fita, Ange Pabolangi avec Kassa Kassa Botomba, Dr Mpwila avec l\u2019abb\u00e9 Mbelu, et l\u2019abb\u00e9 Mbelu, en remplacement du d\u00e9put\u00e9 Laurent Louis, emp\u00each\u00e9, avec Charles Onana.<\/p>\n<p>\u00c0 l\u2019issue de ce quadriple face-\u00e0-face, la parole a \u00e9t\u00e9 donn\u00e9e au public. La conclusion de cette manifestation est que\u00a0:<br \/>\n&#8211; La RD Congo est ind\u00e9pendante depuis 53 ans, un ind\u00e9pendance fi\u00e8rement acquise et \u00e0 pr\u00e9server.<br \/>\n&#8211; De grandes pesanteurs ont menac\u00e9 et continuent \u00e0 menacer la RD Congo en tant que Nation\u00a0: dictatures, n\u00e9o-colonialismes, guerres, impostures, tentatives de balkanisation, convoitises, hold-up \u00e9lectoraux\u2026<br \/>\n&#8211; Malgr\u00e9 cela, les Congolais ont r\u00e9ussi \u00e0 maintenir l\u2019unit\u00e9 de la nation.<br \/>\n&#8211; Le r\u00e9veil patriotique du Congolais, surtout \u00e0 l\u2019\u00e9tranger, est devenu irr\u00e9versible.<br \/>\n&#8211; Le combat pour l\u2019unit\u00e9 de la Nation, la d\u00e9mocratisation et l\u2019\u00e9vacuation de la dictature doit continuer.<br \/>\n&#8211; Les Congolais finiront par imposer la d\u00e9mocratie, et le Congo d\u00e9collera \u00e9conomiquement, sous la direction de ses propres fils.<\/p>\n<p>\u00c0 l\u2019issue de la rencontre, les conf\u00e9renciers et auteurs ont d\u00e9dicac\u00e9 leurs livres avant qu\u2019un verre ne soit partag\u00e9.<\/p>\n<p><em>\u00a0<\/em><\/p>\n<p><em>Bruxelles, le 29 juin 2013<\/em><br \/>\n<em> Marisse Kabemba<\/em>\t\t<\/p>\n","protected":false},"excerpt":{"rendered":"<p>Par Marisse Kabemba, Cheik Fita News. En marge des 53 ans d\u2019ind\u00e9pendance de la RD Congo, l\u2019asbl Congolobbying a organis\u00e9 le vendredi 28 juin 2013 une conf\u00e9rence \u00e0 l\u2019h\u00f4tel Sleep well de Bruxelles avec comme orateurs\u00a0: Charles Onana, Kassa Kassa, Cheik Fita, Abb\u00e9 Mbelu, tous quatre ayant \u00e9crit et publi\u00e9 un livre sur la politique [&hellip;]<\/p>\n","protected":false},"author":1,"featured_media":5707,"comment_status":"open","ping_status":"open","sticky":false,"template":"","format":"standard","meta":{"_acf_changed":false,"content-type":"","footnotes":""},"categories":[122,124],"tags":[],"class_list":["post-5706","post","type-post","status-publish","format-standard","has-post-thumbnail","hentry","category-news-alertes","category-politique-societe"],"acf":[],"_links":{"self":[{"href":"https:\/\/congolobilelo.com\/IN\/wp-json\/wp\/v2\/posts\/5706","targetHints":{"allow":["GET"]}}],"collection":[{"href":"https:\/\/congolobilelo.com\/IN\/wp-json\/wp\/v2\/posts"}],"about":[{"href":"https:\/\/congolobilelo.com\/IN\/wp-json\/wp\/v2\/types\/post"}],"author":[{"embeddable":true,"href":"https:\/\/congolobilelo.com\/IN\/wp-json\/wp\/v2\/users\/1"}],"replies":[{"embeddable":true,"href":"https:\/\/congolobilelo.com\/IN\/wp-json\/wp\/v2\/comments?post=5706"}],"version-history":[{"count":0,"href":"https:\/\/congolobilelo.com\/IN\/wp-json\/wp\/v2\/posts\/5706\/revisions"}],"wp:featuredmedia":[{"embeddable":true,"href":"https:\/\/congolobilelo.com\/IN\/wp-json\/"}],"wp:attachment":[{"href":"https:\/\/congolobilelo.com\/IN\/wp-json\/wp\/v2\/media?parent=5706"}],"wp:term":[{"taxonomy":"category","embeddable":true,"href":"https:\/\/congolobilelo.com\/IN\/wp-json\/wp\/v2\/categories?post=5706"},{"taxonomy":"post_tag","embeddable":true,"href":"https:\/\/congolobilelo.com\/IN\/wp-json\/wp\/v2\/tags?post=5706"}],"curies":[{"name":"wp","href":"https:\/\/api.w.org\/{rel}","templated":true}]}}