{"id":5699,"date":"2013-07-01T14:54:30","date_gmt":"2013-07-01T14:54:30","guid":{"rendered":"http:\/\/www.ingeta.com\/?p=5699"},"modified":"2013-07-01T14:54:30","modified_gmt":"2013-07-01T14:54:30","slug":"la-poursuite-du-combat-de-lumumba-ou-les-concertations-nationales-une-question-de-survie-pour-le-congo","status":"publish","type":"post","link":"https:\/\/congolobilelo.com\/IN\/la-poursuite-du-combat-de-lumumba-ou-les-concertations-nationales-une-question-de-survie-pour-le-congo\/","title":{"rendered":"La poursuite du combat de Lumumba ou les concertations nationales : Une question de survie pour le Congo"},"content":{"rendered":"<p>\t\t\t\tL\u2019analyste politique Jean-Pierre Mbelu expose les enjeux et l\u2019h\u00e9ritage aujourd\u2019hui du combat de Patrice Lumumba, \u00e0 l\u2019occasion du 53\u00e8me anniversaire de l\u2019ind\u00e9pendance du Congo, d\u00e9crypte le double discours du gouvernement d\u2019occupation de Kinshasa, et explique pourquoi avaliser l\u2019organisation des concertations nationales de Kabila, c\u2019est accepter de mettre une croix sur la vie et la survie de notre pays.<\/p>\n<p><iframe loading=\"lazy\" src=\"\/\/www.youtube.com\/embed\/MIv4b_IXOio\" height=\"315\" width=\"560\" allowfullscreen=\"\" frameborder=\"0\"><\/iframe><\/p>\n<p><strong>Sur le bilan des 53 derni\u00e8res ann\u00e9es pour le Congo<\/strong><\/p>\n<blockquote><p>L\u2019ind\u00e9pendance nominale n\u2019\u00e9tait pas suffisante. Aujourd\u2019hui, il nous appartient de nous r\u00e9approprier cette ind\u00e9pendance en proc\u00e9dant par une r\u00e9\u00e9criture sans complaisance de notre histoire, avec les forces en pr\u00e9sence impliqu\u00e9es dans la lutte contre notre ind\u00e9pendance.<br \/>\nIl y a n\u00e9anmoins, aujourd\u2019hui, des motifs de satisfaction. Parce que nous avons encore des dignes filles et fils du Congo qui sont debout et qui se battent pour que cette ind\u00e9pendance ne puisse pas \u00eatre consid\u00e9r\u00e9e comme un vain mot.<br \/>\nMais il y a aussi des raisons d\u2019\u00eatre tristes. Nous avons connu avec Mobutu, 32 de dictature avilissante et abrutissante, et depuis plus de deux d\u00e9cennies, nous connaissances une dictature plus qu\u2019assujettissante et abrutissante. Et aujourd\u2019hui, comme l\u2019\u00e9poque coloniale, nous avons des hommes politiques qui sont en prison, dont un qui risque de mourir, Diomi Ndongala.<\/p><\/blockquote>\n<p><strong>Sur ce qui reste du combat de Patrice Lumumba<\/strong><\/p>\n<blockquote><p>Ce qu\u2019il reste du combat de Lumumba, c\u2019est cet attachement des congolais et des congolaises \u00e0 leur terre m\u00e8re. Le n\u00e9ocolonialisme et l\u2019imp\u00e9rialisme n\u2019ont pas pu supprim\u00e9 cela. Il reste encore dans la t\u00eate des dignes filles et fils du pays, le patriotisme avec lequel Lumumba a men\u00e9 sa lutte. Mais l\u2019h\u00e9ritage de Lumumba est fragilis\u00e9 par le fait que la conscience collective est en train de s\u2019affaiblir. Il y a un travail \u00e0 faire pour que la conscience collective demeure active et que l\u2019identit\u00e9 congolaise puisse s\u2019affirmer davantage par del\u00e0 nos diff\u00e9rences ethniques et tribales.<br \/>\nOr aujourd\u2019hui, on remarque qu\u2019il y a des fractures s\u00e9rieuses dans l\u2019affirmation de cette identit\u00e9 et de cette conscience collective, li\u00e9es au fait que nous avons une classe politique m\u00e9diocre qui fait de l\u2019ethnie et de la tribu une r\u00e9f\u00e9rence pour pouvoir neutraliser l\u2019h\u00e9ritage nationaliste et patriotique que Lumumba a transmis. Dieu merci, les minorit\u00e9s organis\u00e9es et agissantes ne baissent pas la garde.<\/p><\/blockquote>\n<p><strong>Sur le tribalisme et les congolais<\/strong><\/p>\n<blockquote><p>Qui paie ceux qui travaillent pour le tribalisme et l\u2019ethnicisme? Il faut toujours aller derri\u00e8re ces gens l\u00e0 pour voir qui les paient. Parce que lutter contre la conscience collective congolaise et l\u2019identit\u00e9 congolaise pour pouvoir s\u2019orienter dans le sens du tribalisme et de l\u2019ethnicisme, c\u2019est faire le jeu de l\u2019ennemi qui ne jure que par le principe du \u00ab diviser pour r\u00e9gner \u00bb.<\/p><\/blockquote>\n<p><strong>Sur la journ\u00e9e du 30 juin 2013 au Congo <\/strong><\/p>\n<blockquote><p>Quand le ministre de l\u2019int\u00e9rieur, parle de l\u2019espace congolais occup\u00e9, pour justifier la non c\u00e9l\u00e9bration du 30 juin, il fait allusion \u00e0 l\u2019Est du pays, or c\u2019est tout le Congo qui est sous occupation et sous tutelle. Il devrait aller plus loin : Le Congo est occup\u00e9 sous le joug du n\u00e9ocolonialisme et de l\u2019imp\u00e9rialisme, le Congo est devenu la colonie de la communaut\u00e9 dite internationale, mais ce ministre et son gouvernement participent de ce jeu du n\u00e9ocolonialisme, de l\u2019imp\u00e9rialisme et de la mise sous tutelle du Congo.<\/p><\/blockquote>\n<p><strong>Sur <\/strong><strong><strong>le pi\u00e8ge du gouvernement d\u2019occupation<\/strong> et la qu\u00eate de l\u00e9gitimit\u00e9 de Kabila<\/strong><\/p>\n<blockquote><p>C\u2019est l\u00e0 le pi\u00e8ge ce de gouvernement qui cherche \u00e0 cr\u00e9er une coh\u00e9sion autour d\u2019une figure qui participe de cette occupation mais qui voudrait aujourd\u2019hui se pr\u00e9senter \u00e0 nous comme le d\u00e9nominateur commun de notre lutte contre l\u2019occupation du Congo. Ce monsieur Kabila qui n\u2019a pas pu jouir de la l\u00e9gitimit\u00e9 politique \u00e0 l\u2019issue des \u00e9lections bidons de 2011 est en train de lutter pour r\u00e9cup\u00e9rer cette l\u00e9gitimit\u00e9 en organisant des concertations nationales. Concertations qui vont le mettre au c\u0153ur de toutes les activit\u00e9s qui pourront \u00eatre organis\u00e9es.<br \/>\nChaque fois que nous analysons les questions de notre pays nous devons \u00eatre tr\u00e8s attentifs aux pi\u00e8ges que nous tend le gouvernement d\u2019occupation en place au Congo. Ils veulent se l\u00e9gitimer apr\u00e8s avoir truqu\u00e9 et fraud\u00e9 aux \u00e9lections en pr\u00e9textant l\u2019occupation \u00e0 l\u2019Est et la n\u00e9cessit\u00e9 d\u2019une coh\u00e9sion nationale pour y faire face. Or non seulement tout le pays est occup\u00e9, mais, comble de toute, m\u00eame nos minist\u00e8res sont agencifi\u00e9s, et sont devenus des lieux de la mise sous tutelle du Congo par la communaut\u00e9 internationale.<\/p><\/blockquote>\n<p><strong>Sur la nouvelle commission \u00e9lectorale nationale ind\u00e9pendante<\/strong><\/p>\n<blockquote><p>Le pouvoir d\u2019occupation \u00e0 Kinshasa ne respecte aucun de ses engagements. Les promesses se succ\u00e8dent les unes apr\u00e8s les autres et n\u2019engagent que ceux qui y croient. Ces gens l\u00e0 n\u2019ont aucune cr\u00e9dibilit\u00e9. Ils adoptent un double discours comme leurs parrains.<br \/>\nIl ne faut surtout pas se fier \u00e0 la th\u00e9\u00e2tralisation de la vie sociale et politique de notre pays.<\/p><\/blockquote>\n<p><strong>Sur les concertations nationales<\/strong><\/p>\n<blockquote><p>Pourquoi est-ce que l\u2019on parle de la violence \u00e0 l\u2019Est du pays et non dans tous le pays ? Tout le pays subit le joug de la violence. Et celui qui organise et g\u00e8re la violence chez nous, c\u2019est celui qui est au c\u0153ur de ces concertations nationales : Joseph Kabila.<br \/>\nAvaliser l\u2019organisation de ces concertations nationales, c\u2019est accepter de mettre une croix sur la vie et la survie de notre pays.<br \/>\nIl y a eu beaucoup d\u2019argent venu de Kinshasa pour pouvoir corrompre la diaspora congolaise. Il n\u2019est donc pas interdit qu\u2019une certaine diaspora se rende \u00e0 Kinshasa. Mais nous devons arr\u00eater de nous leurrer. L\u2019enjeu de ces concertations nationales est de pouvoir l\u00e9gitimer un pouvoir d\u2019occupation. L\u2019enjeu est de pouvoir donner \u00e0 Kabila ce qu\u2019il n\u2019a pas pu avoir officiellement, l\u00e9galement par les urnes.<br \/>\nDieu merci, tous les congolais ne sont pas b\u00eates. Il n\u2019y a qui aujourd\u2019hui disent vouloir appliquer l\u2019article 64 de notre constitution pour faire \u00e9chec \u00e0 ce gouvernement d\u2019usurpation.<br \/>\nCes concertations ne sont pas une main tendue mais une mani\u00e8re de se moquer des congolais. Lorsque la table ronde \u00e0 \u00e9t\u00e9 organis\u00e9 \u00e0 Bruxelles avant notre ind\u00e9pendance, Lumumba avait \u00e9t\u00e9 emprisonn\u00e9. Les congolais qui devaient y participer ont dit : \u00ab si Lumumba n\u2019est pas l\u00e0, nous ne viendront pas \u00bb. Lumumba a d\u00fb \u00eatre lib\u00e9r\u00e9. Aujourd\u2019hui, nous aurions cr\u00fb \u00e0 une main v\u00e9ritablement tendue si tous les prisonniers politiques pouvaient \u00eatre lib\u00e9r\u00e9s, si ces gens \u00e9taient devenus un peu humbles en disant \u00ab au lieu que tout soit concentr\u00e9 autour de Kabila, on cr\u00e9e une commission neutre qui g\u00e8re la chose \u00bb. Or tout est coordonn\u00e9 par Kabila.<br \/>\nOn ne peut pas se moquer d\u2019un peuple comme cela ind\u00e9finiment. Non, il y en a marre. Il peut r\u00e9gner par des d\u00e9fis, mais il y a des actes qu\u2019il pose qui montrent qu\u2019il ob\u00e9it \u00e0 son principe : \u00ab Le chien aboie, la caravane passe \u00bb. Et la caravane peut \u00e9craser m\u00eame le chien. Et les congolais sont ces chiens qu\u2019il veut \u00e9craser. Comme il en veut \u00e0 Diomi Ndongala et veut le tuer. Contrairement \u00e0 ce qu\u2019il pense, la patience des congolais finira par atteindre ses limites. Ca va trainer pour qu\u2019on puisse r\u00e9cup\u00e9rer notre ind\u00e9pendance, mais \u00e7a vaut le coup, que \u00e7a prenne le temps que cela prendra au lieu de nous asseoir \u00e0 une m\u00eame table avec un pouvoir d\u2019occupation qui ne jure que par la mort des meilleurs d\u2019entre nous.<\/p><\/blockquote>\n<p><strong>Sur la destitution de l\u2019abb\u00e9 Malu Malu par la CENCO<\/strong><\/p>\n<blockquote><p>La CENCO a \u00e9t\u00e9 coh\u00e9rente avec elle-m\u00eame. Elle avait dit que les religieux ne devaient pas participer \u00e0 la commission \u00e9lectorale nationale ind\u00e9pendante. Mais Malu Malu en a fait \u00e0 sa t\u00eate. C\u2019est ainsi que la CENCO l\u2019a d\u00e9savou\u00e9. L\u2019acte de la CENCO est cr\u00e9dible, parce qu\u2019il n\u2019est pas possible \u00e0 une Eglise exer\u00e7ant dans notre pays sa fonction proph\u00e9tique de pouvoir soutenir des personnalit\u00e9s dans ses rangs qui coalisent avec un pouvoir qui s\u00e8me la mort et la d\u00e9solation au Congo.<\/p><\/blockquote>\n","protected":false},"excerpt":{"rendered":"<p>L\u2019analyste politique Jean-Pierre Mbelu expose les enjeux et l\u2019h\u00e9ritage aujourd\u2019hui du combat de Patrice Lumumba, \u00e0 l\u2019occasion du 53\u00e8me anniversaire de l\u2019ind\u00e9pendance du Congo, d\u00e9crypte le double discours du gouvernement d\u2019occupation de Kinshasa, et explique pourquoi avaliser l\u2019organisation des concertations nationales de Kabila, c\u2019est accepter de mettre une croix sur la vie et la survie [&hellip;]<\/p>\n","protected":false},"author":1,"featured_media":5700,"comment_status":"open","ping_status":"open","sticky":false,"template":"","format":"standard","meta":{"_acf_changed":false,"content-type":"","footnotes":""},"categories":[107,124],"tags":[],"class_list":["post-5699","post","type-post","status-publish","format-standard","has-post-thumbnail","hentry","category-analyses-commentaires","category-politique-societe"],"acf":[],"_links":{"self":[{"href":"https:\/\/congolobilelo.com\/IN\/wp-json\/wp\/v2\/posts\/5699","targetHints":{"allow":["GET"]}}],"collection":[{"href":"https:\/\/congolobilelo.com\/IN\/wp-json\/wp\/v2\/posts"}],"about":[{"href":"https:\/\/congolobilelo.com\/IN\/wp-json\/wp\/v2\/types\/post"}],"author":[{"embeddable":true,"href":"https:\/\/congolobilelo.com\/IN\/wp-json\/wp\/v2\/users\/1"}],"replies":[{"embeddable":true,"href":"https:\/\/congolobilelo.com\/IN\/wp-json\/wp\/v2\/comments?post=5699"}],"version-history":[{"count":0,"href":"https:\/\/congolobilelo.com\/IN\/wp-json\/wp\/v2\/posts\/5699\/revisions"}],"wp:featuredmedia":[{"embeddable":true,"href":"https:\/\/congolobilelo.com\/IN\/wp-json\/"}],"wp:attachment":[{"href":"https:\/\/congolobilelo.com\/IN\/wp-json\/wp\/v2\/media?parent=5699"}],"wp:term":[{"taxonomy":"category","embeddable":true,"href":"https:\/\/congolobilelo.com\/IN\/wp-json\/wp\/v2\/categories?post=5699"},{"taxonomy":"post_tag","embeddable":true,"href":"https:\/\/congolobilelo.com\/IN\/wp-json\/wp\/v2\/tags?post=5699"}],"curies":[{"name":"wp","href":"https:\/\/api.w.org\/{rel}","templated":true}]}}