{"id":5692,"date":"2013-06-26T22:32:49","date_gmt":"2013-06-26T22:32:49","guid":{"rendered":"http:\/\/www.ingeta.com\/?p=5692"},"modified":"2013-06-26T22:32:49","modified_gmt":"2013-06-26T22:32:49","slug":"29-juin-2013-a-paris-grande-marche-de-protestation-et-de-liberation","status":"publish","type":"post","link":"https:\/\/congolobilelo.com\/IN\/29-juin-2013-a-paris-grande-marche-de-protestation-et-de-liberation\/","title":{"rendered":"29 juin 2013 \u00e0 Paris : Grande marche de protestation et de lib\u00e9ration"},"content":{"rendered":"<p>\t\t\t\t<strong>Communiqu\u00e9:<\/strong><\/p>\n<p>Th\u00e8me: Lib\u00e9rons le Congo, passons aux actions<\/p>\n<p>Chers compatriotes,<\/p>\n<p>Nous sommes tous convi\u00e9s \u00e0 prendre part \u00e0<em> <strong>la grande marche de protestation qui aura lieu le samedi 29 juin 2013 \u00e0 Paris, \u00e0 partir de 13h du M\u00b0 CHATEAU ROUGE jusqu&#8217;\u00e0 la R\u00c9PUBLIQUE<\/strong><\/em>.<\/p>\n<p>Selon vous, devrions nous c\u00e9l\u00e9brer le 53 \u00e8me anniversaire de d\u00e9pendance oups de l&#8217;ind\u00e9pendance de la R\u00e9publique D\u00e9mocratique du Congo? Sachant que notre pays est sous occupation rwandaise, ougandaise, et sous la domination de la communaut\u00e9 internationale?<br \/>\nNON, il est \u00e9vident que nous ne pouvons pas festoyer pendant que les n\u00f4tres sont viol\u00e9s, massacr\u00e9s en tout impunit\u00e9 par nos ennemis.<br \/>\nPar cons\u00e9quent nous marcherons ce jour l\u00e0 pour r\u00e9clamer la reconnaissance du g\u00e9nocide congolais, puis pour comm\u00e9morer la m\u00e9moire de nos victimes morts avant et apr\u00e8s l&#8217;ind\u00e9pendance de la RDC.<\/p>\n<p>Venez nombreux exprimer votre m\u00e9contentement ainsi montrer au monde entier que nous sommes plus que jamais d\u00e9termin\u00e9s \u00e0 nous battre pour la lib\u00e9ration de notre m\u00e8re patrie.<\/p>\n<p>DRESS CODE : les femmes seront v\u00eatues de rouge pour symboliser les viols massifs, les massacres et les hommes en noir pour symboliser un jour de deuil national et de la guerre qui nous est impos\u00e9e.<\/p>\n<p>PS: Apportez vos calicots, m\u00e9gaphones, photos du g\u00e9nocide&#8230;etc<\/p>\n<p>Contacts: 0652223672 OU 0751585174\t\t<\/p>\n","protected":false},"excerpt":{"rendered":"<p>Communiqu\u00e9: Th\u00e8me: Lib\u00e9rons le Congo, passons aux actions Chers compatriotes, Nous sommes tous convi\u00e9s \u00e0 prendre part \u00e0 la grande marche de protestation qui aura lieu le samedi 29 juin 2013 \u00e0 Paris, \u00e0 partir de 13h du M\u00b0 CHATEAU ROUGE jusqu&#8217;\u00e0 la R\u00c9PUBLIQUE. Selon vous, devrions nous c\u00e9l\u00e9brer le 53 \u00e8me anniversaire de d\u00e9pendance [&hellip;]<\/p>\n","protected":false},"author":1,"featured_media":5693,"comment_status":"open","ping_status":"open","sticky":false,"template":"","format":"standard","meta":{"_acf_changed":false,"content-type":"","footnotes":""},"categories":[156,116,124],"tags":[],"class_list":["post-5692","post","type-post","status-publish","format-standard","has-post-thumbnail","hentry","category-france","category-manifs","category-politique-societe"],"acf":[],"_links":{"self":[{"href":"https:\/\/congolobilelo.com\/IN\/wp-json\/wp\/v2\/posts\/5692","targetHints":{"allow":["GET"]}}],"collection":[{"href":"https:\/\/congolobilelo.com\/IN\/wp-json\/wp\/v2\/posts"}],"about":[{"href":"https:\/\/congolobilelo.com\/IN\/wp-json\/wp\/v2\/types\/post"}],"author":[{"embeddable":true,"href":"https:\/\/congolobilelo.com\/IN\/wp-json\/wp\/v2\/users\/1"}],"replies":[{"embeddable":true,"href":"https:\/\/congolobilelo.com\/IN\/wp-json\/wp\/v2\/comments?post=5692"}],"version-history":[{"count":0,"href":"https:\/\/congolobilelo.com\/IN\/wp-json\/wp\/v2\/posts\/5692\/revisions"}],"wp:featuredmedia":[{"embeddable":true,"href":"https:\/\/congolobilelo.com\/IN\/wp-json\/"}],"wp:attachment":[{"href":"https:\/\/congolobilelo.com\/IN\/wp-json\/wp\/v2\/media?parent=5692"}],"wp:term":[{"taxonomy":"category","embeddable":true,"href":"https:\/\/congolobilelo.com\/IN\/wp-json\/wp\/v2\/categories?post=5692"},{"taxonomy":"post_tag","embeddable":true,"href":"https:\/\/congolobilelo.com\/IN\/wp-json\/wp\/v2\/tags?post=5692"}],"curies":[{"name":"wp","href":"https:\/\/api.w.org\/{rel}","templated":true}]}}