{"id":5685,"date":"2013-06-25T18:35:53","date_gmt":"2013-06-25T18:35:53","guid":{"rendered":"http:\/\/www.ingeta.com\/?p=5685"},"modified":"2013-06-25T18:35:53","modified_gmt":"2013-06-25T18:35:53","slug":"le-congo-ou-leternelle-nouvelle-vieille-bataille","status":"publish","type":"post","link":"https:\/\/congolobilelo.com\/IN\/le-congo-ou-leternelle-nouvelle-vieille-bataille\/","title":{"rendered":"Le Congo ou l\u2019\u00e9ternelle \u00ab nouvelle vieille bataille \u00bb"},"content":{"rendered":"<p>\t\t\t\tL\u2019analyste politique Jean-Pierre Mbelu revient sur le mode de fonctionnement du conglom\u00e9rat d\u2019affairistes qui pr\u00e9tendent si\u00e9ger au parlement, rappelle comment notre histoire peut nous guider \u00e0 mieux comprendre ce qui se passe aujourd\u2019hui au Congo, de l\u2019\u00e9ventuelle r\u00e9vision de la constitution aux Bakata Katanga &#8211; en passant par les rapports d\u2019ONG &#8211; et explique pourquoi tous les congolais devraient se mobiliser pour pouvoir travailler, planifier le renversement du syst\u00e8me actuel. &#8220;Quand vous n\u2019avez pas un pays respectable, personne ne peut vous respecter \u00e0 travers le monde&#8221;.<\/p>\n<p><iframe loading=\"lazy\" src=\"http:\/\/www.youtube.com\/embed\/cXnkZXi5wcE\" height=\"315\" width=\"560\" allowfullscreen=\"\" frameborder=\"0\"><\/iframe><\/p>\n<p><strong>Sur l\u2019invalidation par le parlement congolais de 5 d\u00e9put\u00e9s de l\u2019opposition<\/strong><\/p>\n<blockquote><p>Qui peut invalider qui ? Le processus \u00e9lectoral au Congo est fond\u00e9 sur les fraudes, les tricheries et les mensonges. Et comme la plupart de ceux qui se retrouvent aujourd\u2019hui \u00e0 l\u2019assembl\u00e9e ont \u00e9t\u00e9 nomm\u00e9s par le pouvoir-os usurpateur de Kinshasa. Ce dernier peut s\u2019adonner \u00e0 c\u0153ur joie \u00e0 n\u2019importe quelle man\u0153uvre\u2026<br \/>\nCe qui se passe aujourd\u2019hui est tout simplement un r\u00e8glement de compte entre le camp qui dit \u00eatre de la majorit\u00e9 pr\u00e9sidentielle et les autres.<br \/>\nIl n\u2019y a pas de parlement au Congo. Nous avons un conglom\u00e9rat d\u2019affairistes cherchant l\u2019argent \u00e0 tout prix et mettant le bonheur collectif partag\u00e9. Et ce conglom\u00e9rat s\u2019arrange pour proc\u00e9der de mani\u00e8re cavali\u00e8re comme il le fait l\u00e0, avec des proc\u00e9d\u00e9s de bandits de grand chemin.<\/p><\/blockquote>\n<p><strong>Sur les forces acquises au changement (FAC) et la fameuse \u00ab opposition \u00bb parlementaire<\/strong><\/p>\n<blockquote><p>Au sein du parlement, il y a des minorit\u00e9s qui essaient de sortir du lot, mais il faudrait encore que ces derniers approfondissent les questions face auxquelles notre pays est confront\u00e9 aujourd\u2019hui. Les FAC essaient de faire un travail de conscientisation de nos concitoyens sur certains enjeux internes du moment. Mais, quand vous lisez le texte de la conf\u00e9rence de presse des FAC, lorsqu\u2019ils disent que le probl\u00e8me est Joseph Kabila, ils oublient que, pour que tout ce qui est train de se passer chez nous r\u00e9ussisse, il y a un r\u00e9seau transnational de pr\u00e9dation qui op\u00e8re et ces messieurs qu\u2019on met sur les devant de la sc\u00e8ne \u00e9voluent dans ce r\u00e9seau comme des marionnettes.<br \/>\nLe danger qui nous guette cependant est de mettre trop sur le devant de la sc\u00e8ne les ex\u00e9cutants des ordres des ma\u00eetres du Monde et d\u2019oublier que derri\u00e8re les Ngoy Mulunda, derri\u00e8re les Malu Malu, derri\u00e8re les Kabila, il y a une main qui op\u00e8re et qui est beaucoup plus dangereuse. Parce que cela risque de servir les ma\u00eetres du monde dans la mesure o\u00f9 \u00e7a va davantage cr\u00e9er des dissensions entre nous. Ainsi nous risquons de passer \u00e0 c\u00f4t\u00e9 de la lutte, du combat essentiel.<\/p><\/blockquote>\n<p><strong>Sur l\u2019\u00e9ventuelle r\u00e9vision de la constitution au Congo et les pr\u00e9dateurs<\/strong><\/p>\n<blockquote><p>C\u2019est un plan bien \u00e9labor\u00e9. Ce qui est train de se passer avec la publication du livre d\u2019Evariste Boshap, ce n\u2019est pas un hasard. C\u2019est ce qui les FAC devraient comprendre, par exemple au lieu de r\u00e9agir au coup pour coup. Ceux qui sont au pouvoir-Os de Kinshasa ont une devise qu\u2019ils suivent : \u00ab Le chien aboie, la caravane passe \u00bb. Il faut se rappeler que la constitution congolaise n\u2019a pas \u00e9t\u00e9 faite par les congolais pour les congolais. Elle a \u00e9t\u00e9 dict\u00e9e par les ma\u00eetres du monde qui m\u00e8nent le jeu de la guerre de pr\u00e9dation dans l\u2019ombre.<br \/>\nTous les congolais devraient se mobiliser pour pouvoir travailler, planifier le renversement du syst\u00e8me. Si ce syst\u00e8me l\u00e0 ne change pas, on aura beau crier, vocif\u00e9rer, aboyer comme le chien, la caravane va passer.<br \/>\nLes actions que nous menons doivent \u00eatre planifi\u00e9es. Nous devons travailler sur le court, moyen et long terme, tout en nous disant que ceux qui sont en face ne badinent pas. Tout en sachant \u00e9galement qu\u2019il y a un autre d\u00e9bat, celui des compatriotes qui ont toujours dit \u00ab Ca ne sert \u00e0 rien \u00bb : cela ne sert \u00e0 rien de s\u2019engager dans un processus men\u00e9 par des occupants.<br \/>\nLes faits donnent raison \u00e0 ces compatriotes. Tout ce qui se passe aujourd\u2019hui a d\u00e9j\u00e0 \u00e9t\u00e9 planifi\u00e9. Ce qui se passe aujourd\u2019hui est une vieille nouvelle bataille qui prend, \u00e0 chaque fois, une apparence nouvelle. Le Congo, pour les pr\u00e9dateurs, pour le conglom\u00e9rat d\u2019aventuriers qu\u2019ils utilisent, devraient rester la chasse garder des grandes puissances. Pour ces gens l\u00e0, le Congo doit leur appartenir et non aux congolais.<\/p><\/blockquote>\n<p><strong>Sur le silence de Kabila sur l\u2019attaque de Bakata Katanga et le rapport \u00e0 notre histoire<\/strong><\/p>\n<blockquote><p>Apparemment, les Bakata Katanga estiment m\u00eame qu\u2019ils pourront d\u00e9clarer le Katanga comme \u00e9tant un pays \u00e0 part le 11 juillet 2013. Il y a donc quelque chose qui se pr\u00e9pare et que nous ne pourrons jamais comprendre si nous ne revenons pas tout \u00e0 moment \u00e0 notre histoire. Dans le livre de Marie-France Cros, \u00ab G\u00e9opolitique du Congo \u00bb, il y a une note qui parlait d\u00e9j\u00e0 en 1996 de la s\u00e9paration du Za\u00efre utile du reste du pays. Les initiateurs de ce projet n\u2019y ont pas du tout renonc\u00e9. N\u2019oubliez pas surtout qu\u2019il y a un projet de pouvoir constituer un nouveau pays qui prendrait, entre autres, des provinces du Congo, le Rwanda, l\u2019Ouganda le Burundi, le Kenya, avec comme chef Museveni ou Kagam\u00e9.<br \/>\nCeux qui nous m\u00e8nent la guerre n\u2019ont pas renonc\u00e9 \u00e0 leur d\u00e9sir d\u2019implosion et de balkanisation de notre pays.<\/p><\/blockquote>\n<p><strong>Sur le rapport d\u2019Amnesty International, les creuseurs artisanaux et la guerre \u00e9conomique<\/strong><\/p>\n<blockquote><p>Ces ONG travaillent avec les pays qui les financent. Or les pays qui les financent sont en guerre ouverte avec la Chine et la Russie en tant que puissance \u00e9mergente. Quand vous voyez ce qui se passe aujourd\u2019hui au Br\u00e9sil, il ne faut pas croire que ce sont des faits anodins. Heureusement que la pr\u00e9sidente du pays, Dilma Rousseff, a compris qu\u2019elle devrait n\u00e9gocier avec sa population pour mettre fin \u00e0 la grogne sociale. Or ceux qui nous m\u00e8nent la guerre montent plusieurs coups que nous pouvons comprendre quand nous restons aussi attentifs \u00e0 la guerre \u00e9conomico-financi\u00e8re qui se m\u00e8ne aujourd\u2019hui entre les puissances occidentales sur le d\u00e9clin, en crise morale permanente, et les pays \u00e9mergents. Il ne faut jamais prendre ses rapports comme des rapports innocents. Ce sont des coups bien \u00e9tudi\u00e9s et bien orchestr\u00e9s.<\/p><\/blockquote>\n<p><strong><br \/>\nSur la question rwandaise au Congo<\/strong><\/p>\n<blockquote><p>Plusieurs rwandais sont dans des institutions congolaises, c\u2019est d\u2019ailleurs le Rwanda qui dirige le Congo. On tend \u00e0 oublier que l\u2019arm\u00e9e est majoritairement dirig\u00e9e par des rwandais, que les institutions congolaises importantes sont g\u00e9r\u00e9es par des rwandais, etc\u2026 Et on voudrait nous faire croire que le pays est un pays normal qui est en train de lutter pour sauvegarder sa souverainet\u00e9. Nous sommes un pays infiltr\u00e9 en permanence, un Etat manqu\u00e9 voil\u00e0 pourquoi les patriotes \u00e9pris d\u2019amour pour le pays, se doivent de lutter d\u2019arrache-pied pour pouvoir renverser la vapeur et changer de syst\u00e8me.<\/p><\/blockquote>\n<p><strong><br \/>\nSur le m\u00e9pris des congolais \u00e0 travers le monde<\/strong><\/p>\n<blockquote><p>Quand vous n\u2019avez pas un pays respectable, personne ne peut vous respecter \u00e0 travers le monde. Dans les ann\u00e9es 70 voire au d\u00e9but des ann\u00e9es 80, les congolais ne venaient pas s\u2019installer en Europe. C\u2019est quand la m\u00eame Europe avec ses alli\u00e9s anglo-saxons ont d\u00e9stabilis\u00e9 le Congo que les congolais ont commenc\u00e9, massivement, \u00e0 en partir. Avant, les congolais venaient \u00e0 l\u2019ext\u00e9rieur pour les vacances puis retournaient au Congo. Comment voulez-vous que les gens qui estiment que la mis\u00e8re, la pauvret\u00e9 sont atroces, restent sur place et ne puissent pas se battre pour avoir le minimum requis qui puissent les aider \u00e0 survivre et tenir le coup. Aujourd\u2019hui quand vous voyez comment les chinois sont ador\u00e9s dans plusieurs pays d\u2019Europe, vous comprenez que la Chine est en train de d\u00e9passer son statut de pays \u00e9mergent et de devenir une tr\u00e8s grande puissance. Donc, on peut \u00eatre mieux respect\u00e9 quand on a un pays respectable.<\/p><\/blockquote>\n","protected":false},"excerpt":{"rendered":"<p>L\u2019analyste politique Jean-Pierre Mbelu revient sur le mode de fonctionnement du conglom\u00e9rat d\u2019affairistes qui pr\u00e9tendent si\u00e9ger au parlement, rappelle comment notre histoire peut nous guider \u00e0 mieux comprendre ce qui se passe aujourd\u2019hui au Congo, de l\u2019\u00e9ventuelle r\u00e9vision de la constitution aux Bakata Katanga &#8211; en passant par les rapports d\u2019ONG &#8211; et explique pourquoi [&hellip;]<\/p>\n","protected":false},"author":1,"featured_media":5686,"comment_status":"open","ping_status":"open","sticky":false,"template":"","format":"standard","meta":{"_acf_changed":false,"content-type":"","footnotes":""},"categories":[107,124],"tags":[],"class_list":["post-5685","post","type-post","status-publish","format-standard","has-post-thumbnail","hentry","category-analyses-commentaires","category-politique-societe"],"acf":[],"_links":{"self":[{"href":"https:\/\/congolobilelo.com\/IN\/wp-json\/wp\/v2\/posts\/5685","targetHints":{"allow":["GET"]}}],"collection":[{"href":"https:\/\/congolobilelo.com\/IN\/wp-json\/wp\/v2\/posts"}],"about":[{"href":"https:\/\/congolobilelo.com\/IN\/wp-json\/wp\/v2\/types\/post"}],"author":[{"embeddable":true,"href":"https:\/\/congolobilelo.com\/IN\/wp-json\/wp\/v2\/users\/1"}],"replies":[{"embeddable":true,"href":"https:\/\/congolobilelo.com\/IN\/wp-json\/wp\/v2\/comments?post=5685"}],"version-history":[{"count":0,"href":"https:\/\/congolobilelo.com\/IN\/wp-json\/wp\/v2\/posts\/5685\/revisions"}],"wp:featuredmedia":[{"embeddable":true,"href":"https:\/\/congolobilelo.com\/IN\/wp-json\/"}],"wp:attachment":[{"href":"https:\/\/congolobilelo.com\/IN\/wp-json\/wp\/v2\/media?parent=5685"}],"wp:term":[{"taxonomy":"category","embeddable":true,"href":"https:\/\/congolobilelo.com\/IN\/wp-json\/wp\/v2\/categories?post=5685"},{"taxonomy":"post_tag","embeddable":true,"href":"https:\/\/congolobilelo.com\/IN\/wp-json\/wp\/v2\/tags?post=5685"}],"curies":[{"name":"wp","href":"https:\/\/api.w.org\/{rel}","templated":true}]}}