{"id":5677,"date":"2013-06-22T15:15:08","date_gmt":"2013-06-22T15:15:08","guid":{"rendered":"http:\/\/www.ingeta.com\/?p=5677"},"modified":"2013-06-22T15:15:08","modified_gmt":"2013-06-22T15:15:08","slug":"28-30-juin-2013-weekend-panafricain-pour-la-dignite-africaine-a-bruxelles","status":"publish","type":"post","link":"https:\/\/congolobilelo.com\/IN\/28-30-juin-2013-weekend-panafricain-pour-la-dignite-africaine-a-bruxelles\/","title":{"rendered":"28-30 juin 2013: Weekend panafricain pour la dignit\u00e9 africaine \u00e0 Bruxelles"},"content":{"rendered":"<p>\t\t\t\tDETAILS DU WEEKEND:<\/p>\n<p><strong>1. LES 28, 29, 30 JUIN 2013<\/strong><br \/>\nTOUS LES CONGOLAIS SONT INVITES A S&#8217;HABILLER A L&#8217;AFRICAINE, SURTOUT NOS ENFANTS, EN Y INVITANT TOUS NOS AMIS AFRICAINS ET OCCIDENTAUX A EN FAIRE AUTANT EN SIGNE DE SOLIDARITE A LA DIGNITE AFRICAINE ET A LA TOLERANCE. <\/p>\n<p><strong>2. VENDREDI 28 JUIN 2013: CONFERENCE DEBAT AVEC CHARLES ONANA<\/strong><br \/>\nCongolobbying vous convie le vendredi le 28 juin 2013 \u00e0 partir de 18h00 \u00e0 sa soir\u00e9e &#8211; d\u00e9bat autour du th\u00e8me suivant : \u00ab53 ANS APRES, QUE RESTE-T-IL DE L&#8217;INDEPENDANCE DU CONGO ? \u00bb <\/p>\n<p>ORATEURS :<br \/>\nCHARLES ONANA, auteur de \u00ab Europe, crimes et censures au Congo : les documents qui accusent \u00bb<br \/>\nCHEIK FITA, auteur de \u00ab La d\u00e9mocratie assassin\u00e9e \u00bb<br \/>\nABBE MBELU, co-auteur de \u00ab La RDC face au complot de la balkanisation et de l&#8217;implosion \u00bb<br \/>\nKASSA KASSA BOKOMBA, auteur de \u00ab R\u00e9formes, r\u00e9volution et ind\u00e9pendance pour un Congo meilleur \u00bb <\/p>\n<p><em>OU : HOTEL SLEEP WELL (Salle Schuman)<br \/>\n23, rue de DAMIER<br \/>\n1000 BRUXELLES (METRO ROGIER)<\/em><\/p>\n<p>PAF : 3,50 euros.<\/p>\n<p>Vente et d\u00e9dicace sur place des ouvrages<br \/>\nINFO : (+32)466030290 congolobbying@yahoo.fr<\/p>\n<p><strong>3. DIMANCHE 30 JUIN : MESSE DU 30 JUIN AVEC LE GROUPE EPIPHANIE<\/strong><br \/>\nVENEZ A LA MESSE DE LA SERENITE ET DE LA DETERMINATION POUR UN CONGO LIBERE ET UNE VERITABLE EMANCIPATION DE L&#8217;AFRIQUE, LE DIMANCHE 30 JUIN A 16H PAR LE GROUPE EPIPHANIE DES ABBE JEAN-PIERRE MBELU, GILBERT YAMBA, ETC.<\/p>\n<p><em>OU: L&#8217;EGLISE NOTRE DAME DE LOURDES, AV. CHARLES WOESTE A JETTE METRO BELGICA. <\/em><\/p>\n<p><strong>LE COMBAT PASSE A LA VITESSE SUPERIEURE ET ENTRE DANS SA PHASE PANAFRICAINE COMME NOS PERES AVANT NOUS. LA VICTOIRE ET PROCHE ET CERTAINE. INGETA !<br \/>\n<\/strong><br \/>\n&#8212;&#8212;&#8212;&#8212;&#8212;&#8212;&#8212;&#8212;&#8212;&#8212;-<br \/>\n&#8220;Ces derniers temps, les Communaut\u00e9s Africaines et Congolaises en particulier, sont frapp\u00e9es par une s\u00e9rie d&#8217;\u00e9v\u00e9nements malheureux qui ont vu l&#8217;expulsion de nombreux Congolais et Africains, derni\u00e8rement 30 Congolais, ligot\u00e9s et menott\u00e9s depuis la Belgique, cagoules sur la t\u00eate, et ainsi d\u00e9tenus \u00e0 l&#8217;ANR (Agence Nationale de Renseignement) \u00e0 leur arriv\u00e9e de 2h du matin \u00e0 12h (par des Rwandais selon eux, parlant swahili, et leur intimant de ne pas critiquer le pr\u00e9sident imposteur). Le pouvoir Congolais les ayant tous pr\u00e9sent\u00e9s comme des &#8220;Combattants&#8221;, soit des opposants politiques, la Belgique a commis le crime de trop en les renvoyant dans la gueule du loup. <\/p>\n<p>Les petits cadeaux entretiennent l&#8217;amiti\u00e9 dit-on? Ce durcissement de l&#8217;ancien pouvoir colonial, utilisant des m\u00e9thodes fascistes et nazies, sont de nature \u00e0 troubler toutes les consciences. En Inde, \u00e0 nouveau, 21 Congolais viennent de faire l&#8217;objet d&#8217;une arrestation arbitraire et humiliante. Cette mont\u00e9e de la x\u00e9nophobie vis-\u00e0-vis de l&#8217;homme noir ne s&#8217;adresse pas aux seuls Congolais, mais \u00e0 toute la Communaut\u00e9 Africaine du Nord au Sud. Les discours de haine et les comportements de plus en plus muscl\u00e9s des autorit\u00e9s belges montrent la d\u00e9rive de tout un syst\u00e8me servent \u00e0 endormir leur opinion publique. Ainsi maintiennent-ils au pouvoirs des roitelets &#8220;dictatorions&#8221; de pacotilles qui font la mis\u00e8re de leurs peuples, saignent leurs pays \u00e0 blanc, ce qui cr\u00e9e une pression d\u00e9mographique, tout le monde ayant droit au bonheur (droit de l&#8217;homme fondamental). Pression d\u00e9mographique qui se d\u00e9verse o\u00f9 elle peut et aussi en Europe, o\u00f9 les auteurs d&#8217;une telle situation mettent le comble en nous marginalisant, nous maltraitant, nous humiliant et nous livrant \u00e0 la vindicte populaire comme bouc \u00e9missaire de tous les mots de la crise. Les plus faibles d&#8217;entre eux en venant jusqu&#8217;\u00e0 la violence (le jeune Junior vient de se faire fracasser le cr\u00e2ne avec une batte de base-ball \u00e0 Gand, par un Belge de souche se vantant en flamand d&#8217;avoir frapp\u00e9 le &#8220;sale noir&#8221;&#8230; La boucle est boucl\u00e9e. <\/p>\n<p>C&#8217;est pourquoi, fr\u00e8res et soeurs Africains, il vous est demand\u00e9 d&#8217;affirmer votre identit\u00e9 profonde, premi\u00e8re \u00e9tape vers un retour du respect de soi, de dignit\u00e9, et donc, de revendication au changement sur le continent. Tous ces dictateurs qui nous ont trop longtemps humili\u00e9 et livr\u00e9 en p\u00e2ture au bon vouloir du blanc doivent d\u00e9gager.&#8221;<\/p>\n<p>&#8211; JOSEPH SALOMON MBEKA<br \/>\nCoordinateur G\u00e9n\u00e9ral<br \/>\n+32486855392<\/p>\n","protected":false},"excerpt":{"rendered":"<p>DETAILS DU WEEKEND: 1. LES 28, 29, 30 JUIN 2013 TOUS LES CONGOLAIS SONT INVITES A S&#8217;HABILLER A L&#8217;AFRICAINE, SURTOUT NOS ENFANTS, EN Y INVITANT TOUS NOS AMIS AFRICAINS ET OCCIDENTAUX A EN FAIRE AUTANT EN SIGNE DE SOLIDARITE A LA DIGNITE AFRICAINE ET A LA TOLERANCE. 2. VENDREDI 28 JUIN 2013: CONFERENCE DEBAT AVEC [&hellip;]<\/p>\n","protected":false},"author":1,"featured_media":5678,"comment_status":"open","ping_status":"open","sticky":false,"template":"","format":"standard","meta":{"_acf_changed":false,"content-type":"","footnotes":""},"categories":[145,146,116,120,127],"tags":[],"class_list":["post-5677","post","type-post","status-publish","format-standard","has-post-thumbnail","hentry","category-conferences-salons","category-culture","category-manifs","category-mondialisation","category-rencontresdebats"],"acf":[],"_links":{"self":[{"href":"https:\/\/congolobilelo.com\/IN\/wp-json\/wp\/v2\/posts\/5677","targetHints":{"allow":["GET"]}}],"collection":[{"href":"https:\/\/congolobilelo.com\/IN\/wp-json\/wp\/v2\/posts"}],"about":[{"href":"https:\/\/congolobilelo.com\/IN\/wp-json\/wp\/v2\/types\/post"}],"author":[{"embeddable":true,"href":"https:\/\/congolobilelo.com\/IN\/wp-json\/wp\/v2\/users\/1"}],"replies":[{"embeddable":true,"href":"https:\/\/congolobilelo.com\/IN\/wp-json\/wp\/v2\/comments?post=5677"}],"version-history":[{"count":0,"href":"https:\/\/congolobilelo.com\/IN\/wp-json\/wp\/v2\/posts\/5677\/revisions"}],"wp:featuredmedia":[{"embeddable":true,"href":"https:\/\/congolobilelo.com\/IN\/wp-json\/"}],"wp:attachment":[{"href":"https:\/\/congolobilelo.com\/IN\/wp-json\/wp\/v2\/media?parent=5677"}],"wp:term":[{"taxonomy":"category","embeddable":true,"href":"https:\/\/congolobilelo.com\/IN\/wp-json\/wp\/v2\/categories?post=5677"},{"taxonomy":"post_tag","embeddable":true,"href":"https:\/\/congolobilelo.com\/IN\/wp-json\/wp\/v2\/tags?post=5677"}],"curies":[{"name":"wp","href":"https:\/\/api.w.org\/{rel}","templated":true}]}}