{"id":5673,"date":"2013-06-22T13:42:46","date_gmt":"2013-06-22T13:42:46","guid":{"rendered":"http:\/\/www.ingeta.com\/?p=5673"},"modified":"2013-06-22T13:42:46","modified_gmt":"2013-06-22T13:42:46","slug":"jeunesse-africaine-de-belgique-vs-ambassade-de-linde-compte-rendu-du-sit-in-du-21-juin-2013","status":"publish","type":"post","link":"https:\/\/congolobilelo.com\/IN\/jeunesse-africaine-de-belgique-vs-ambassade-de-linde-compte-rendu-du-sit-in-du-21-juin-2013\/","title":{"rendered":"Jeunesse africaine de Belgique Vs Ambassade de l&#8217;Inde: Compte rendu du sit-in du 21 juin 2013"},"content":{"rendered":"<p>\t\t\t\t<strong>Communiqu\u00e9\u00a0 du comit\u00e9 organisateur du sit-in. Le 21 juin 2013 \u00e0 Bruxelles, Belgique.<\/strong><\/p>\n<p dir=\"ltr\">Hier vendredi 21 juin 2013, la jeunesse africaine de Belgique a r\u00e9pondu pr\u00e9sent au sit-in organis\u00e9 devant l\u2019ambassade indienne \u00e0 Bruxelles pour r\u00e9clamer les excuses publiques des autorit\u00e9s indiennes suite \u00e0 l\u2019arrestation injuste dont ont \u00e9t\u00e9 victimes 21 \u00e9tudiants congolais en Inde.<\/p>\n<p><iframe loading=\"lazy\" src=\"http:\/\/www.youtube.com\/embed\/MtewCZGuPeE\" height=\"315\" width=\"560\" allowfullscreen=\"\" frameborder=\"0\"><\/iframe><\/p>\n<p dir=\"ltr\">Venus dignement, nous avons \u00e9t\u00e9 re\u00e7us indignement.<\/p>\n<p dir=\"ltr\">La chancellerie indienne apr\u00e8s avoir fait mine de nous recevoir, nous a fait attendre au portillon le temps de signaler notre pr\u00e9sence \u00e0 la police de Bruxelles d\u00e9j\u00e0 sur place mais insidieusement \u00a0cach\u00e9e dans les environs.<\/p>\n<p dir=\"ltr\">Apr\u00e8s l\u2019arriv\u00e9e \u00ab\u00a0soudaine\u00a0\u00bb de la police, 2 inspecteurs nous ont fait comprendre l\u2019hostilit\u00e9 de l\u2019ambassade face \u00e0 notre d\u00e9marche car selon eux les \u00e9tudiants congolais arr\u00eat\u00e9s en Inde \u00e9taient boursiers de l\u2019\u00c9tat indien.<\/p>\n<p dir=\"ltr\">Nous nous sommes donc questionn\u00e9s de cette justification car comment comprendre qu\u2019une ambassade d\u2019une grande nation puisse argumenter une arrestation arbitraire d\u2019\u00e9tudiants \u00e9trangers par le fait qu\u2019ils seraient boursiers de l\u2019Inde. Ces bourses donnent-ils le droit \u00e0 l\u2019Inde de bafouer les libert\u00e9s fondamentales des ces \u00e9tudiants? Nous nous questionnons.<\/p>\n<p dir=\"ltr\">Apr\u00e8s \u00e2pres d\u00e9bats avec la police, nous avons \u00e9t\u00e9 autoris\u00e9s \u00e0 remettre notre m\u00e9mo de mise en garde et comme si le ridicule rejoignait l\u2019absurde, l\u2019ambassade indienne nous a impos\u00e9 un protocole digne d\u2019une n\u00e9gociation avec Al Qaeda, les manifestants \u00e9taient tenus de s\u2019\u00e9loigner \u00e0 plus de 50 m\u00e8tre de leur b\u00e2timent et seuls deux personnes de notre d\u00e9l\u00e9gation devait p\u00e9n\u00e9trer le portillon et remettre la lettre sans dire un mot.<\/p>\n<p><iframe loading=\"lazy\" src=\"http:\/\/www.youtube.com\/embed\/LJrf01OPMlI\" height=\"315\" width=\"560\" allowfullscreen=\"\" frameborder=\"0\"><\/iframe><\/p>\n<p dir=\"ltr\">Face \u00e0 ce m\u00e9pris innommable des indiens \u00e0 l\u2019\u00e9gard des africains que nous sommes, \u00a0nous r\u00e9it\u00e9rons notre appel au boycott des commerces et entreprises indiennes aussi bien au sein de la diaspora que dans nos pays respectifs.<\/p>\n<p dir=\"ltr\">Le respect ne se qu\u00e9mande pas, on le prend et on le confisque; \u00e0 d\u00e9faut de quoi, on se fait ind\u00e9finiment pi\u00e9tiner.<\/p>\n<p dir=\"ltr\">D\u00e8s les semaines qui viennent une campagne de sensibilisation \u00e0 l\u2019\u00e9gard de nos m\u00e8res, fr\u00e8res et s\u0153urs sera mise en place pour les \u00a0inciter \u00e0 consommer local, c\u2019est seulement ainsi que nous cr\u00e9erons une force susceptible d\u2019\u00e9lever notre communaut\u00e9.<\/p>\n<p dir=\"ltr\">Un indien consomme indien, un roumain consomme roumain, un pakistanais consomme pakistanais, alors pourquoi un africain ne consommerait-il pas africain?<\/p>\n<p dir=\"ltr\"><em>Le Comit\u00e9 organisateur<\/em><\/p>\n","protected":false},"excerpt":{"rendered":"<p>Communiqu\u00e9\u00a0 du comit\u00e9 organisateur du sit-in. Le 21 juin 2013 \u00e0 Bruxelles, Belgique. Hier vendredi 21 juin 2013, la jeunesse africaine de Belgique a r\u00e9pondu pr\u00e9sent au sit-in organis\u00e9 devant l\u2019ambassade indienne \u00e0 Bruxelles pour r\u00e9clamer les excuses publiques des autorit\u00e9s indiennes suite \u00e0 l\u2019arrestation injuste dont ont \u00e9t\u00e9 victimes 21 \u00e9tudiants congolais en Inde. [&hellip;]<\/p>\n","protected":false},"author":1,"featured_media":5674,"comment_status":"open","ping_status":"open","sticky":false,"template":"","format":"standard","meta":{"_acf_changed":false,"content-type":"","footnotes":""},"categories":[167,120,122,124],"tags":[],"class_list":["post-5673","post","type-post","status-publish","format-standard","has-post-thumbnail","hentry","category-belgique","category-mondialisation","category-news-alertes","category-politique-societe"],"acf":[],"_links":{"self":[{"href":"https:\/\/congolobilelo.com\/IN\/wp-json\/wp\/v2\/posts\/5673","targetHints":{"allow":["GET"]}}],"collection":[{"href":"https:\/\/congolobilelo.com\/IN\/wp-json\/wp\/v2\/posts"}],"about":[{"href":"https:\/\/congolobilelo.com\/IN\/wp-json\/wp\/v2\/types\/post"}],"author":[{"embeddable":true,"href":"https:\/\/congolobilelo.com\/IN\/wp-json\/wp\/v2\/users\/1"}],"replies":[{"embeddable":true,"href":"https:\/\/congolobilelo.com\/IN\/wp-json\/wp\/v2\/comments?post=5673"}],"version-history":[{"count":0,"href":"https:\/\/congolobilelo.com\/IN\/wp-json\/wp\/v2\/posts\/5673\/revisions"}],"wp:featuredmedia":[{"embeddable":true,"href":"https:\/\/congolobilelo.com\/IN\/wp-json\/"}],"wp:attachment":[{"href":"https:\/\/congolobilelo.com\/IN\/wp-json\/wp\/v2\/media?parent=5673"}],"wp:term":[{"taxonomy":"category","embeddable":true,"href":"https:\/\/congolobilelo.com\/IN\/wp-json\/wp\/v2\/categories?post=5673"},{"taxonomy":"post_tag","embeddable":true,"href":"https:\/\/congolobilelo.com\/IN\/wp-json\/wp\/v2\/tags?post=5673"}],"curies":[{"name":"wp","href":"https:\/\/api.w.org\/{rel}","templated":true}]}}