{"id":5660,"date":"2013-06-18T21:54:29","date_gmt":"2013-06-18T21:54:29","guid":{"rendered":"http:\/\/www.ingeta.com\/?p=5660"},"modified":"2013-06-18T21:54:29","modified_gmt":"2013-06-18T21:54:29","slug":"conference-le-controle-des-ressources-et-loccupation-en-rdc-bruxelles-le-29-juin-2013","status":"publish","type":"post","link":"https:\/\/congolobilelo.com\/IN\/conference-le-controle-des-ressources-et-loccupation-en-rdc-bruxelles-le-29-juin-2013\/","title":{"rendered":"Conf\u00e9rence &#8211;  Le contr\u00f4le des ressources et l&#8217;occupation en RDC &#8211; Bruxelles, le 29 juin 2013"},"content":{"rendered":"<p>\t\t\t\tA l&#8217;occasion du 8\u00e8me anniversaire de l&#8217;APARECO et du 53\u00e8me anniversaire de l&#8217;Ind\u00e9pendance de la R\u00e9publique d\u00e9mocratique du Congo, l&#8217;APARECO &#8211; BELUX organise une grande<\/p>\n<p><strong>CONFERENCE DEBAT<br \/>\n&#8220;Le contr\u00f4le des ressources mini\u00e8res et l&#8217;occupation des terres au coeur de la trag\u00e9die congolaise&#8221;<br \/>\nSamedi 29 juin 2013, de 13h \u00e0 18h<br \/>\nRue du Croissant N\u00b0163, 1190 Forest (Bruxelles)<br \/>\n<\/strong><\/p>\n<p>G\u00e9nocide, viols,d\u00e9placements des populations, pillages des ressources mini\u00e8res, mauvaise gouvernance, impunit\u00e9 g\u00e9n\u00e9ralis\u00e9e etc&#8230; : Les rapports de l&#8217;ONU et des diff\u00e9rentes ONG se succ\u00e8dent et se ressemblent , depuis pr\u00e8s de 20 ans la R\u00e9publique d\u00e9mocratique du Congo est en proie \u00e0 une trag\u00e9die sans nom.<\/p>\n<p>Pourquoi tant d&#8217;impuissances ? Que reste-t-il r\u00e9ellement du tissu \u00e9conomique congolais ? Pourquoi ce pays si riche s&#8217;illustre-t-il syst\u00e9matiquement aujourd&#8217;hui dans les pires statistiques ?<\/p>\n<p>Alors que certains s&#8217;agitent et se positionnent d\u00e9j\u00e0 pour un hypoth\u00e9tique scrutin \u00e9lectoral annonc\u00e9 pour 2016, les congolais ont-ils vraiment compris les raisons de leurs \u00e9checs pr\u00e9c\u00e9dents ?<\/p>\n<p><strong>&#8211; Intervenants :<\/strong><\/p>\n<p>Daniel ONHEMA<br \/>\n(Conseiller en charge des questions \u00e9conomiques au sein du cabinet du PN de l&#8217;APARECO)<\/p>\n<p>Norbert NGILA<br \/>\n(SNE adj en charge de l&#8217;environnement et de l&#8217;am\u00e9nagement au sein de l&#8217;APARECO)<\/p>\n<p>F\u00e9lix BOKUMBO<br \/>\n(SNE adj en charge de l&#8217; Economie et des Finances au sein de l&#8217;APARECO)<\/p>\n<p>Patrick MBEKO<br \/>\n( Ecrivain &amp; politologue)<\/p>\n<p>Jean-Pierre MBELU<br \/>\n(Historien et politologue )<\/p>\n<p><strong>Plus d&#8217;informations:<\/strong><br \/>\n+32(0)475746655 ou +32(0)495880639<\/p>\n<p>&nbsp;\t\t<\/p>\n","protected":false},"excerpt":{"rendered":"<p>A l&#8217;occasion du 8\u00e8me anniversaire de l&#8217;APARECO et du 53\u00e8me anniversaire de l&#8217;Ind\u00e9pendance de la R\u00e9publique d\u00e9mocratique du Congo, l&#8217;APARECO &#8211; BELUX organise une grande CONFERENCE DEBAT &#8220;Le contr\u00f4le des ressources mini\u00e8res et l&#8217;occupation des terres au coeur de la trag\u00e9die congolaise&#8221; Samedi 29 juin 2013, de 13h \u00e0 18h Rue du Croissant N\u00b0163, 1190 [&hellip;]<\/p>\n","protected":false},"author":1,"featured_media":5661,"comment_status":"open","ping_status":"open","sticky":false,"template":"","format":"standard","meta":{"_acf_changed":false,"content-type":"","footnotes":""},"categories":[167,145,124,127],"tags":[],"class_list":["post-5660","post","type-post","status-publish","format-standard","has-post-thumbnail","hentry","category-belgique","category-conferences-salons","category-politique-societe","category-rencontresdebats"],"acf":[],"_links":{"self":[{"href":"https:\/\/congolobilelo.com\/IN\/wp-json\/wp\/v2\/posts\/5660","targetHints":{"allow":["GET"]}}],"collection":[{"href":"https:\/\/congolobilelo.com\/IN\/wp-json\/wp\/v2\/posts"}],"about":[{"href":"https:\/\/congolobilelo.com\/IN\/wp-json\/wp\/v2\/types\/post"}],"author":[{"embeddable":true,"href":"https:\/\/congolobilelo.com\/IN\/wp-json\/wp\/v2\/users\/1"}],"replies":[{"embeddable":true,"href":"https:\/\/congolobilelo.com\/IN\/wp-json\/wp\/v2\/comments?post=5660"}],"version-history":[{"count":0,"href":"https:\/\/congolobilelo.com\/IN\/wp-json\/wp\/v2\/posts\/5660\/revisions"}],"wp:featuredmedia":[{"embeddable":true,"href":"https:\/\/congolobilelo.com\/IN\/wp-json\/"}],"wp:attachment":[{"href":"https:\/\/congolobilelo.com\/IN\/wp-json\/wp\/v2\/media?parent=5660"}],"wp:term":[{"taxonomy":"category","embeddable":true,"href":"https:\/\/congolobilelo.com\/IN\/wp-json\/wp\/v2\/categories?post=5660"},{"taxonomy":"post_tag","embeddable":true,"href":"https:\/\/congolobilelo.com\/IN\/wp-json\/wp\/v2\/tags?post=5660"}],"curies":[{"name":"wp","href":"https:\/\/api.w.org\/{rel}","templated":true}]}}