{"id":5648,"date":"2013-06-16T15:05:41","date_gmt":"2013-06-16T15:05:41","guid":{"rendered":"http:\/\/www.ingeta.com\/?p=5648"},"modified":"2013-06-16T15:05:41","modified_gmt":"2013-06-16T15:05:41","slug":"les-congolais-face-au-capitalisme-du-desastre-et-a-la-communaute-internationale","status":"publish","type":"post","link":"https:\/\/congolobilelo.com\/IN\/les-congolais-face-au-capitalisme-du-desastre-et-a-la-communaute-internationale\/","title":{"rendered":"Les congolais face au capitalisme du d\u00e9sastre et \u00e0 la communaut\u00e9 internationale"},"content":{"rendered":"<p>\t\t\t\tL\u2019analyste politique Jean-Pierre Mbelu analyse les dessous du pi\u00e8ge psychologique de la nouvelle commission \u00e9lectorale nationale ind\u00e9pendante, montre comment le capitalisme du d\u00e9sastre a rong\u00e9 la classe politique congolaise, d\u00e9crypte l\u2019hypocrisie et les dangers du soutien de la communaut\u00e9 internationale et explique pourquoi les congolais se doivent \u00eatre sur le devant de la sc\u00e8ne pour lutter et arracher notre deuxi\u00e8me ind\u00e9pendance avant de compter sur qui que ce soit.<\/p>\n<p><iframe loading=\"lazy\" src=\"http:\/\/www.youtube.com\/embed\/zwk_Dxv4iNo\" height=\"315\" width=\"560\" allowfullscreen=\"\" frameborder=\"0\"><\/iframe><\/p>\n<p><strong>Sur la nouvelle commission \u00e9lectorale nationale ind\u00e9pendante au Congo<\/strong><\/p>\n<blockquote><p>Kinshasa n\u2019a pas l\u2019effectivit\u00e9 du pouvoir et est une marionnette des grandes puissances. Il faut analyser la question politique qui se pose au Congo et en approfondir l\u2019enjeu. L\u2019enjeu pour les mois et ann\u00e9es \u00e0 venir est la survie du Congo. Est-ce que les choix qui sont faits aujourd\u2019hui vont aider le pays \u00e0 pouvoir survivre \u00e0 son d\u00e9membrement et \u00e0 son explosion? Comment pouvons-nous, dans un syst\u00e8me qui a usurp\u00e9 la victoire aux \u00e9lections de 2006 et de 2011, croire que cette fois-ci sera la bonne?<br \/>\nSi vous essayez de passer en revue le mode de fonctionnement du syst\u00e8me qui porte le pouvoir \u00ab os \u00bb \u00e0 Kinshasa aujourd\u2019hui, vous vous rendrez compte qu\u2019il essaie d\u2019avancer \u00e0 petit pas, avec des petites provocations qui vont souvent \u00e0 l\u2019encontre de ce \u00e0 quoi les compatriotes s\u2019attendent r\u00e9ellement. Les \u00e9lections sont simplement une occasion de valider un choix fait au pr\u00e9alable. Il appartient aux congolaises et congolais \u00e9veill\u00e9s de pouvoir penser d\u00e9j\u00e0 aux alternatives \u00e0 ce qui est train de se tramer pour le moment.<\/p><\/blockquote>\n<p><strong>Sur le pi\u00e8ge psychologique de la nomination de l\u2019Abb\u00e9 Malu Malu<\/strong><\/p>\n<blockquote><p>La nomination de l\u2019Abb\u00e9 Malu Malu peut \u00eatre vu comme un pi\u00e8ge psychologique conduisant \u00e0 d\u00e9moraliser les compatriotes qui pourraient se dire \u00abMon dieu, les carottes sont cuites ! \u00bb. Ainsi, ces compatriotes n\u2019auraient plus rien \u00e0 faire que de croiser les bras ou de se contenter de crier et de vocif\u00e9rer sans se poser les questions essentielles : Comment aujourd\u2019hui, malgr\u00e9 le fait que Malu Malu est revenu \u00e0 la t\u00eate de la CENI, pouvons-nous faire pour devenir les ma\u00eetres du processus historique de notre pays ? Comment nous r\u00e9approprier le processus \u00e9lectoral en le finan\u00e7ant nous-m\u00eames, m\u00eame si le pays est sous occupation ? Il est possible de prendre le taureau par les cornes et de voir dans quelles mesures nous pouvons en nous f\u00e9d\u00e9rant le plus possible de venir acteurs de premiers plans du processus historique qui a cours dans notre pays. Et pour cela, l\u2019une des orientations \u00e0 prendre, c\u2019est de nous f\u00e9d\u00e9rer davantage.<br \/>\nIl est plus que temps de nous organiser pour essayer de travailler \u00e0 cette alternative qui nous permette une r\u00e9appropriation du processus historique de notre pays, une r\u00e9appropriation r\u00e9aliste avec des orientations g\u00e9opolitiques et g\u00e9ostrat\u00e9giques bien \u00e9tudi\u00e9es. Nous ne pouvons pas rester en marge du processus qui est en train de se dessiner aujourd\u2019hui, il en va de l\u2019avenir de notre pays, de nos enfants et de nos petits enfants. Nous n\u2019avons pas le droit de croiser les bras et de ne pas nous assumer comme v\u00e9ritables acteurs.<br \/>\nMais il y a aussi une dimension religieuse de ce pi\u00e8ge psychologique : On risque de r\u00e9duire l\u2019Eglise \u00e0 certains de ses membres qui peuvent \u00eatre des tra\u00eetres. Mais qui suivons-nous dans l\u2019Eglise ? Est-ce que nous sommes les serviteurs de l\u2019Evangile ou est-ce que nous sommes les serviteurs des pasteurs de l\u2019Eglise ?<\/p><\/blockquote>\n<p><strong>Sur la nomination de K\u00f6bler \u00e0 la t\u00eate de la MONUSCO et le soutien des occidentaux<\/strong><\/p>\n<blockquote><p>La question est la suivante : Qu\u2019est-ce que ces messieurs l\u00e0 cherchent chez nous ? Les USA se portent tr\u00e8s mal et se tiers-mondisent. Au lieu de s\u2019occuper de leur situation interne, ils vont \u00e9tablir des bilans fantaisistes chez nous. Tout cela pour dire que cette guerre de basse intensit\u00e9 a besoin d\u2019\u00eatre coach\u00e9e par les am\u00e9ricains eux-m\u00eames, ou par les membres de leur protectorat qui est l\u2019Union Europ\u00e9enne. N\u2019oubliez pas que l\u2019EUFOR qui avait soutenu les \u00e9lections frauduleuses de 2006 avait \u00e9t\u00e9 command\u00e9e par un allemand. Que ce soit un allemand, un fran\u00e7ais ou un am\u00e9ricain, c\u2019est blanc bonnet, bonnet blanc.<br \/>\nLa guerre de basse intensit\u00e9 qui nous est men\u00e9e depuis les ann\u00e9es 1990 est une guerre des grandes puissances en Afrique centrale.<br \/>\nNe perdons pas de vue que nous devons faire face 1. aux \u00e9lites anglo-saxonnes dominantes, 2. \u00e0 leurs alli\u00e9s de l\u2019Union europ\u00e9enne. Et ces gens l\u00e0 cr\u00e9ent des alliances qui vont dans leurs int\u00e9r\u00eats g\u00e9opolitiques et g\u00e9ostrat\u00e9giques. Il nous appartient, en tant que peuple, de cr\u00e9er nous aussi nos alliances qui vont dans le sens de nos int\u00e9r\u00eats. Nous n\u2019avons pas \u00e0 beaucoup compter sur ces messieurs l\u00e0, parce que quand vous essayez d\u2019examiner la situation dans les pays europ\u00e9ens aujourd\u2019hui, elle n\u2019est pas brillante aujourd\u2019hui.<br \/>\nComment voulez-vous que ces pays qui imposent l\u2019aust\u00e9rit\u00e9 \u00e0 leurs peuples et les \u00e9coutent de moins en moins, puissent chercher \u00e0 cr\u00e9er du bonheur pour les congolais ? Nous devons, nous-m\u00eames, \u00eatre sur le devant de la sc\u00e8ne pour lutter et arracher notre deuxi\u00e8me ind\u00e9pendance avant de compter sur qui que ce soit. Il faut avoir en t\u00eate que le Congo est une n\u00e9ocolonie de cette fameuse communaut\u00e9 internationale.<\/p><\/blockquote>\n<p>S<strong>ur l\u2019utilit\u00e9 de la MONUSCO et la capitalisme du d\u00e9sastre<\/strong><\/p>\n<blockquote><p>Est-ce que ce sont les congolais qui en ont besoin ou est-ce que ce sont ceux qui ont mis le pays sous-tutelle qui en ont besoin ?<br \/>\nC\u2019est la MONUSCO qui fait la police dans la n\u00e9ocolonie de la communaut\u00e9 internationale, c\u2019est elle qui assure la s\u00e9curit\u00e9 dans la pr\u00e9dation qui se perp\u00e9tue chez nous. Qu\u2019il y ait des morts, ce n\u2019est pas le probl\u00e8me de l\u2019ONU. Cette guerre de pr\u00e9dation a comme matrice organisationnelle, le capitalisme du d\u00e9sastre. Et ce capitalisme du d\u00e9sastre ne comptabilise jamais les co\u00fbts humains. Il op\u00e8re par un chaos orchestr\u00e9, il essaie de destructurer les soci\u00e9t\u00e9s, les vies et les cultures pour pouvoir r\u00e9cr\u00e9er son ordre.<br \/>\nSi nous ne sommes pas \u00e9veiller sur les fondements de la guerre de basse intensit\u00e9 au Congo nous risquons de ne pas comprendre grand-chose \u00e0 ce qui est en train de se passer r\u00e9ellement.<\/p><\/blockquote>\n<p><strong>Sur la classe politique congolaise et le peuple<\/strong><\/p>\n<blockquote><p>Nous n\u2019avons presque plus d\u2019hommes politiques chez nous. Nous avons le plus g\u00e9n\u00e9ralement affaire \u00e0 des affairistes, des messieurs en qu\u00eate d\u2019argent, par tous les moyens et ils savent comment fonctionne le syst\u00e8me, des parlements provinciaux \u00e0 l\u2019assembl\u00e9e nationale. On ach\u00e8te les votes, on ach\u00e8te tout. Ces gens sont all\u00e9s trop loin dans la cupidit\u00e9. Nous avons l\u00e0, au Congo, les effets du capitalisme du d\u00e9sastre. Les c\u0153urs et les esprits de ses petites mains ont tellement \u00e9t\u00e9 mang\u00e9s qu\u2019on est tomb\u00e9 dans le post-politique : On monnaye tout, m\u00eame l\u2019\u00e9motion. Mais cela ne se passe pas qu\u2019au Congo. Les affaires en France sont presque d\u00e9ball\u00e9es chaque jour.<br \/>\nLes m\u00e9dias sont b\u00e2illonn\u00e9s, les populations ne sont pas inform\u00e9s, il n\u2019y a pas de courant \u00e9lectrique, ils n\u2019ont pas de radio, il n\u2019y a pas de vrais possibilit\u00e9 de s\u2019informer ce qui se passe \u00e0 Kinshasa. Quand ceux qui disent les peuples ont les politiciens qu\u2019ils m\u00e9ritent, il faut rajouter la condition que ces peuples l\u00e0 puissent, par exemple, \u00eatre suffisamment inform\u00e9s par une pluralit\u00e9 des m\u00e9dias, et aient un sens critique qu\u2019ils n\u2019utilisent pas.<br \/>\nMais le sens de critique de notre peuple dans la plupart de nos provinces n\u2019est pas aiguis\u00e9, par une information idoine ou par une \u00e9ducation civique convenable. Il n\u2019y a rien de tout cela !! Les gens essaient de battre du matin au soir pour chercher \u00e0 manger et \u00e0 boire, ils ont tr\u00e8s peu de temps pour penser \u00e0 ce qui se trame sur leur dos. C\u2019est la raison pour laquelle les politiques se permettent n\u2019importe quoi.<\/p><\/blockquote>\n<p><strong>Sur ce qui manque aujourd\u2019hui dans l\u2019espace politique congolais<\/strong><\/p>\n<blockquote><p>Ce qui nous manque aujourd\u2019hui au Congo, c\u2019est d\u2019avoir des hommes et des femmes charismatiques qui r\u00e9fl\u00e9chissent \u00e0 partir du peuple, \u00e0 partir des questions que se pose le peuple, en faisant du peuple, leur premi\u00e8re pr\u00e9occupation. Cela nous manque, pourquoi ? Parce que nous partons d\u2019un pr\u00e9jug\u00e9 selon lequel ce sont les occidentaux qui donnent le pouvoir (et non les masses populaires). D\u2019o\u00f9 le fait que presque tous les politiciens congolais op\u00e8rent \u00e0 partir de Kinshasa. Le jour o\u00f9 nous aurons trois ou quatre leaders qui op\u00e9reront \u00e0 partir de nos masses populaires, sans n\u00e9gliger les relations internationales, ils vont r\u00e9ussir \u00e0 renverser la vapeur.<\/p><\/blockquote>\n<p><strong>Sur l\u2019hypocrisie et les limites de l\u2019application du statut de Rome<\/strong><\/p>\n<blockquote><p>La guerre au Congo a \u00e9t\u00e9 commandit\u00e9e de l\u2019ext\u00e9rieur. O\u00f9 est-ce que les commanditaires vont \u00eatre jug\u00e9s ? Nulle part. Si la justice et la politique internationale sont impliqu\u00e9es dans la guerre qui se m\u00e8ne chez nous, on ne peut pas chercher \u00e0 appliquer le statut de Rome simplement chez nous et non pas dans les pays des commanditaires de la guerre. C\u2019est alors une justice \u00e0 deux vitesses, et l\u2019application du deux poids, deux mesures. Et \u00e0 la CPI aujourd\u2019hui, il n\u2019est pas normal qu\u2019il n\u2019y ait que des africains l\u00e0-bas.<br \/>\nL\u2019enjeu reste celui-ci le capitalisme du d\u00e9sastre op\u00e8re par del\u00e0 le droit international. C\u2019est ainsi que la plupart des pays qui participent au d\u00e9sastre caus\u00e9 par ce capitalisme sont des Etats voyous. Nous vivons une p\u00e9riode o\u00f9 le droit humanitaire international a \u00e9t\u00e9 mis entre parenth\u00e8ses par ceux qui agissent par le chaos orchestr\u00e9. Et ce capitalisme du d\u00e9sastre instrumentalise le droit \u00e0 son profit.<br \/>\nEt puis, dans le cas du Congo, vous ne pouvez pas demander aux criminels qui ont cr\u00e9\u00e9 leur syst\u00e8me de pr\u00e9dation d\u2019organiser la justice qui les condamnerait demain. Avec le syst\u00e8me tel qu\u2019il est aujourd\u2019hui au Congo, on ne peut pas organiser une justice qui conduirait \u00e0 punir les criminels op\u00e9rant au sein de ce syst\u00e8me.<\/p><\/blockquote>\n","protected":false},"excerpt":{"rendered":"<p>L\u2019analyste politique Jean-Pierre Mbelu analyse les dessous du pi\u00e8ge psychologique de la nouvelle commission \u00e9lectorale nationale ind\u00e9pendante, montre comment le capitalisme du d\u00e9sastre a rong\u00e9 la classe politique congolaise, d\u00e9crypte l\u2019hypocrisie et les dangers du soutien de la communaut\u00e9 internationale et explique pourquoi les congolais se doivent \u00eatre sur le devant de la sc\u00e8ne pour [&hellip;]<\/p>\n","protected":false},"author":1,"featured_media":5651,"comment_status":"open","ping_status":"open","sticky":false,"template":"","format":"standard","meta":{"_acf_changed":false,"content-type":"","footnotes":""},"categories":[107,124],"tags":[],"class_list":["post-5648","post","type-post","status-publish","format-standard","has-post-thumbnail","hentry","category-analyses-commentaires","category-politique-societe"],"acf":[],"_links":{"self":[{"href":"https:\/\/congolobilelo.com\/IN\/wp-json\/wp\/v2\/posts\/5648","targetHints":{"allow":["GET"]}}],"collection":[{"href":"https:\/\/congolobilelo.com\/IN\/wp-json\/wp\/v2\/posts"}],"about":[{"href":"https:\/\/congolobilelo.com\/IN\/wp-json\/wp\/v2\/types\/post"}],"author":[{"embeddable":true,"href":"https:\/\/congolobilelo.com\/IN\/wp-json\/wp\/v2\/users\/1"}],"replies":[{"embeddable":true,"href":"https:\/\/congolobilelo.com\/IN\/wp-json\/wp\/v2\/comments?post=5648"}],"version-history":[{"count":0,"href":"https:\/\/congolobilelo.com\/IN\/wp-json\/wp\/v2\/posts\/5648\/revisions"}],"wp:featuredmedia":[{"embeddable":true,"href":"https:\/\/congolobilelo.com\/IN\/wp-json\/"}],"wp:attachment":[{"href":"https:\/\/congolobilelo.com\/IN\/wp-json\/wp\/v2\/media?parent=5648"}],"wp:term":[{"taxonomy":"category","embeddable":true,"href":"https:\/\/congolobilelo.com\/IN\/wp-json\/wp\/v2\/categories?post=5648"},{"taxonomy":"post_tag","embeddable":true,"href":"https:\/\/congolobilelo.com\/IN\/wp-json\/wp\/v2\/tags?post=5648"}],"curies":[{"name":"wp","href":"https:\/\/api.w.org\/{rel}","templated":true}]}}