{"id":5639,"date":"2013-06-16T07:12:11","date_gmt":"2013-06-16T07:12:11","guid":{"rendered":"http:\/\/www.ingeta.com\/?p=5639"},"modified":"2013-06-16T07:12:11","modified_gmt":"2013-06-16T07:12:11","slug":"les-propos-du-ministre-labille-au-rwanda-ou-la-enieme-manoeuvre-politicienne-belge-contre-les-congolais","status":"publish","type":"post","link":"https:\/\/congolobilelo.com\/IN\/les-propos-du-ministre-labille-au-rwanda-ou-la-enieme-manoeuvre-politicienne-belge-contre-les-congolais\/","title":{"rendered":"Les propos du Ministre Labille au Rwanda ou la \u00e9ni\u00e8me man\u0153uvre belge contre les Congolais"},"content":{"rendered":"<p>\t\t\t\tPar <a href=\"http:\/\/desc-wondo.org\/flash-la-diplomatie-belge-au-chevet-de-kagame-belgian-minister-labille-kikwete-remarks-on-fdlr-provocative-jj-wondo\/\">Jean-Jacques Wondo<\/a>.<\/p>\n<p>Durant sa visite de trois jours au Rwanda (13 au 15 juin 2013), le ministre belge des Entreprises Publiques et de la Coop\u00e9ration au d\u00e9veloppement, le socialiste wallon Jean Pascal Labille est all\u00e9 apporter un soutien diplomatique de taille \u00e0 Paul Kagame au moment o\u00f9 ce dernier subit un isolement diplomatique tous azimuts pour son implication et celle de son arm\u00e9e dans la guerre men\u00e9e au Congo depuis 1996. Une visite \u00e0 contre-courant pour les analystes congolais dans la mesure o\u00f9 les propos surr\u00e9alistes tenus par le ministre belge ne sont pas de nature \u00e0 contribuer \u00e0 encourager une r\u00e9solution syst\u00e9mique globale de la crise qui ravage la r\u00e9gion des Grands-Lacs voici bient\u00f4t vingt ans. Que nenni ! Les d\u00e9clarations de M. Labille viennent plut\u00f4t renforcer le Rwanda et le r\u00e9conforter \u00e0 maintenir sa politique bellig\u00e8ne et d\u2019exclusion dont l\u2019onde de choc secoue l\u2019Est du Congo depuis 1994.<\/p>\n<p>Le motif de cette visite, selon le socialiste wallon, est de renforcer les relations bilat\u00e9rales entre le Rwanda et la Belgique, parce que s<strong>on pays consid\u00e8re le Rwanda comme un partenaire cl\u00e9<\/strong> <strong>dans la r\u00e9gion<\/strong>. Il l\u2019a fait savoir en ces termes: &#8220;<em>Lors de ma rencontre avec le Pr\u00e9sident <\/em>(Ndlr\u00a0: Kagame)<em>, nous avons parl\u00e9 des probl\u00e8mes r\u00e9gionaux et les solutions possibles et bien d\u2019autres choses li\u00e9es \u00e0 notre partenariat. Nous consid\u00e9rons le Rwanda comme notre principal partenaire dans la coop\u00e9ration au d\u00e9veloppement dans la r\u00e9gion et <strong>nous sommes impressionn\u00e9 par ce que le Rwanda est en train de r\u00e9aliser<\/strong> et de ce qu\u2019il est devenu. Le Rwanda demeure l\u2019un des rares pays susceptibles d\u2019atteindre les Objectifs mill\u00e9naires de d\u00e9veloppement&#8221;<\/em><i>. <\/i><\/p>\n<p>Derri\u00e8re ces d\u00e9clarations li\u00e9es officiellement \u00e0 son portefeuille minist\u00e9riel, la vraie face cach\u00e9e de cette visite concerne la situation s\u00e9curitaire de la r\u00e9gion des Grands-Lacs. Ainsi, commentant la proposition du pr\u00e9sident tanzanien Jakaya Kikwete invitant le Rwanda \u00e0 envisager des n\u00e9gociations politiques inclusives et directes avec FDLR &#8211; Une d\u00e9claration salu\u00e9e par tous -, le ministre belge, membre d\u2019un gouvernement accouch\u00e9 \u00e0 la suite d\u2019\u00e2pres n\u00e9gociations politiques au moment o\u00f9 la Belgique \u00e9tait confront\u00e9e \u00e0 une crise de r\u00e9gime sans pr\u00e9c\u00e9dent, a plut\u00f4t voulu demeurer fid\u00e8le \u00e0 la tradition du \u00ab\u00a0fant\u00f4me du statu quo colonialiste nostalgique de la Belgique envers cette r\u00e9gion qui subit aujourd\u2019hui encore les r\u00e9percussions n\u00e9fastes de la taxinomie anthropologique belge r\u00e9ductrice ethnique, s\u00e9paratiste, binaire et manich\u00e9enne \u00e0 connotation raciste au service du colonialiste. Cette anthropologie de la premi\u00e8re heure (selon D. Van Reybrouck,\u00a0 \u00ab\u00a0<em><strong>Congo. Une Histoire\u00a0<\/strong><\/em>\u00bb, 2012, pp.131-136) \u00e9tablit des monographies ethnographiques o\u00f9 les tribus se virent attribuer des caract\u00e9ristiques, comme des nationalit\u00e9s en Europe. Au Congo, \u00e9crit Van Reybrouck, apparurent des \u00e9quivalents de l\u2019Ecossais pingre, du Sicilien paresseux, de l\u2019espagnol crasseux et de l\u2019Allemand travailleur mais sans aucun sens de l\u2019humour. Les habitants de la colonie commenc\u00e8rent aussi \u00e0 adopter ce regard sur eux-m\u00eames et entre eux\u2026<\/p>\n<p>Ainsi, dans une rh\u00e9torique \u00e0 contre sens de ce qui est de plus en plus admis par une large majorit\u00e9 d\u2019observateurs et experts de cette crise r\u00e9gionale tr\u00e8s violente comme la voie de passage oblig\u00e9e \u00e0 une solution syst\u00e9mique globale, c.\u00e0.d., encourager davantage le Rwanda d\u2019ouvrir son espace politique et d\u00e9mocratique par un dialogue franc et sans faux-fuyant avec les FDLR, voici le ministre\u00a0 \u00a0Labille venir pr\u00f4ner le statu quo qui maintient la r\u00e9gion des Grands Lacs \u00e0 feu et \u00e0 sang depuis depuis deux d\u00e9cennies par des d\u00e9clarations inadmissibles\u00a0 \u00a0qui montre que la Belgique est encore loin de tirer les le\u00e7ons de l\u2019Histoire de son action <em><strong>apocalyptog\u00e8ne<\/strong> <\/em>en Afrique Centrale :<br \/>\n<em><strong>\u00abNous devons rester prudents lorsqu\u2019il s\u2019agit de traiter \u00a0la crise au Congo si nous devons trouver une solution. Je ne suis pas tout \u00e0 fait s\u00fbr du contexte dans lequel le Pr\u00e9sident tanzanien a fait les commentaires au sujet des n\u00e9gociations avec les FDLR, mais je crois que nous ne pouvons pas exiger Rwanda de n\u00e9gocier avec les g\u00e9nocidaires alors que le pays se remet encore de g\u00e9nocide. Il s\u2019agit \u00a0plus d\u2019une provocation que d\u2019une suggestion pour une solution\u00a0\u00bb.<\/strong><\/em> Voil\u00e0 une d\u00e9claration provocatrice d\u2019un ministre f\u00e9d\u00e9ral belge pi\u00e9g\u00e9, qui vient de mordre \u00e0 l\u2019hame\u00e7on de la falsification de l\u2019histoire par le lobby de l\u2019oligarchie Tutsi au pouvoir \u00e0 Kigali, \u00e0 l\u2019instar de son compatriote wallon Louis Michel qui a trait\u00e9 le 9 septembre 2012 Kagame d\u2019un grand Leader. \u00a0Le m\u00eame M. Michel qui a initi\u00e9 en septembre 2012 le club de lobbying en faveur des actions de Kagame qu\u2019il a baptis\u00e9 <b><i>Les Amis du Rwanda<\/i><\/b>. Une sortie m\u00e9diatique qui a suscit\u00e9 l\u2019indignation des Congolais et amis du Congo par <a href=\"http:\/\/www.afriqueredaction.com\/article-provocation-de-louis-michel-il-decrit-paul-kagame-comme-un-dirigeant-tres-competent-et-un-grand-lead-110011991.html\">un communiqu\u00e9 de presse du 12 septembre 2012<\/a>.<\/p>\n<p>Enfin pour conclure avec cette ultime man\u0153uvre politicienne belge contre les Congolais, il me semble opportun de rappeler au ministre belge, le wallon Mabille, la r\u00e9ponse parlementaire de son homologue flamand chr\u00e9tien, Pieter de Crem de la D\u00e9fense. En effet, \u00e0 une question parlementaire belge (Question nr 4-5089 du 01 d\u00e9cembre 2009 pos\u00e9e par la s\u00e9natrice <strong>Els Schelfhout<\/strong> sur la Coop\u00e9ration militaire belge au Rwanda, le Ministre De Crem, dans sa r\u00e9ponse du 5 janvier 2010, n\u2019a ni plus ni moins reconnu l\u2019implication active du Rwanda dans la crise \u00e0 l\u2019Est de la RDC, en plus d\u2019admettre les liens \u00e9troits qu\u2019entretient le Rwanda avec les pays consid\u00e9r\u00e9s comme bailleurs de la RSS au Congo en ces termes:<\/p>\n<p>\u00ab\u2026 <i>l<\/i><em>e g\u00e9n\u00e9ral Charles-Henri Delcour <\/em>(Ndlr\u00a0: ancien chef d\u2019Etat-major g\u00e9n\u00e9ral de l\u2019Arm\u00e9e belge)<em>, a rencontr\u00e9 au d\u00e9but septembre 2009 lors d\u2019une visite de deux semaines le pr\u00e9sident Paul Kagame, le premier ministre Bernard Makusa et le chef d\u2019\u00e9tat-major de l\u2019arm\u00e9e James Kabarebe (qui fut chef d\u2019\u00e9tat-major de l\u2019arm\u00e9e congolaise sous Laurent D\u00e9sir\u00e9 Kabila). On conna\u00eet les liens \u00e9troits qui unissent la Grande-Bretagne et les \u00c9tats-Unis au r\u00e9gime de M. Kagame. Il n\u2019est donc pas surprenant que ces deux \u00c9tats entretiennent un partenariat fort avec l\u2019arm\u00e9e rwandaise. En revanche, depuis la prise de pouvoir par le Front patriotique rwandais (FPR), la Belgique a s\u00e9rieusement diminu\u00e9 sa coop\u00e9ration militaire active avec le Rwanda. La visite du chef d\u2019\u00e9tat-major belge laisse toutefois supposer que notre pays veuille renforcer la coop\u00e9ration militaire bilat\u00e9rale avec le Rwanda, comme elle l\u2019a fait avec la R\u00e9publique d\u00e9mocratique du Congo et le Burundi.\u00bb<\/em><\/p>\n<p><i>\u00abJ<\/i><em>e vous fais part de <b>ma pr\u00e9occupation quant \u00e0 cet \u00e9ventuel renforcement du partenariat militaire entre la Belgique et le Rwanda<\/b>. <\/em><strong><em>Je pense que notre pays doit \u00e9viter que sa coop\u00e9ration militaire ne contribue au renforcement d\u2019un r\u00e9gime non d\u00e9mocratique qui affecte une tr\u00e8s grande part de son budget \u00e0 des d\u00e9penses militaires et dont l\u2019arm\u00e9e joue un r\u00f4le n\u00e9faste et ambigu dans l\u2019Est du Congo, une zone de l\u2019Afrique centrale o\u00f9 nous essayons par des voies diplomatiques de contribuer \u00e0 des solutions durables au conflit qui s\u2019\u00e9ternise<\/em><\/strong>.<em>\u00bb<\/em><em> (Les Arm\u00e9es au Congo-Kinshasa, Radioscopie de la Force publique au FARDC<\/em>)<\/p>\n<p>Une pr\u00e9occupation qui malheureusement n\u2019est pas partag\u00e9e ni suivie par les wallons des institutions f\u00e9d\u00e9rales belges qui naviguent \u00e0 contre-courant de la recherche des solutions durables au conflit qui s\u2019\u00e9ternise au Congo. De plus, ce que le ministre Labille oublie est que le nombre de victimes du g\u00e9nocide rwandais caus\u00e9 par les interhamwe Hutu au Rwanda, moins de 1.000.000 suivant les estimations fantaisistes les plus \u00e9lev\u00e9es, est de tr\u00e8s loin inf\u00e9rieur aux plus de 6.000.000 de morts congolais du fait de la guerre export\u00e9e du Rwanda par Kagame au Congo, via notamment le M23 interpos\u00e9 <b>[un groupe n\u00e9gatif au m\u00eame titre que les FDLR <\/b>qui ne sont pas tous g\u00e9nocidaires, rappelons-le (une autre falsification de la v\u00e9rit\u00e9 par les officines de renseignement de Kagame)<b>]. <\/b>Un Groupe arm\u00e9 de tueurs et violeurs des congolais avec lequel tout le monde, y compris la Belgique, demande, de mani\u00e8re schizophr\u00e9niquement paradoxale, \u00a0au Gouvernement congolais de n\u00e9gocier. Deux poids deux mesures non\u00a0!<\/p>\n<p>Il ne reste plus qu\u2019aux Congolais de prendre leur responsabilit\u00e9 car leur salut ne viendra jamais de l\u2019Orient encore moins de l\u2019Occident qui ne cesse de d\u00e9montrer jour apr\u00e8s jour son &#8220;Congo pessimisme&#8221; et son hypocrisie\u00a0!<\/p>\n<p>&nbsp;<\/p>\n<p><em>Jean-Jacques Wondo, analyste politique<\/em><br \/>\nLire toutes ses analyses sur <a href=\"http:\/\/desc-wondo.org\">desc-wondo.org<\/a>\t\t<\/p>\n","protected":false},"excerpt":{"rendered":"<p>Par Jean-Jacques Wondo. Durant sa visite de trois jours au Rwanda (13 au 15 juin 2013), le ministre belge des Entreprises Publiques et de la Coop\u00e9ration au d\u00e9veloppement, le socialiste wallon Jean Pascal Labille est all\u00e9 apporter un soutien diplomatique de taille \u00e0 Paul Kagame au moment o\u00f9 ce dernier subit un isolement diplomatique tous [&hellip;]<\/p>\n","protected":false},"author":1,"featured_media":5640,"comment_status":"open","ping_status":"open","sticky":false,"template":"","format":"standard","meta":{"_acf_changed":false,"content-type":"","footnotes":""},"categories":[122,124],"tags":[],"class_list":["post-5639","post","type-post","status-publish","format-standard","has-post-thumbnail","hentry","category-news-alertes","category-politique-societe"],"acf":[],"_links":{"self":[{"href":"https:\/\/congolobilelo.com\/IN\/wp-json\/wp\/v2\/posts\/5639","targetHints":{"allow":["GET"]}}],"collection":[{"href":"https:\/\/congolobilelo.com\/IN\/wp-json\/wp\/v2\/posts"}],"about":[{"href":"https:\/\/congolobilelo.com\/IN\/wp-json\/wp\/v2\/types\/post"}],"author":[{"embeddable":true,"href":"https:\/\/congolobilelo.com\/IN\/wp-json\/wp\/v2\/users\/1"}],"replies":[{"embeddable":true,"href":"https:\/\/congolobilelo.com\/IN\/wp-json\/wp\/v2\/comments?post=5639"}],"version-history":[{"count":0,"href":"https:\/\/congolobilelo.com\/IN\/wp-json\/wp\/v2\/posts\/5639\/revisions"}],"wp:featuredmedia":[{"embeddable":true,"href":"https:\/\/congolobilelo.com\/IN\/wp-json\/"}],"wp:attachment":[{"href":"https:\/\/congolobilelo.com\/IN\/wp-json\/wp\/v2\/media?parent=5639"}],"wp:term":[{"taxonomy":"category","embeddable":true,"href":"https:\/\/congolobilelo.com\/IN\/wp-json\/wp\/v2\/categories?post=5639"},{"taxonomy":"post_tag","embeddable":true,"href":"https:\/\/congolobilelo.com\/IN\/wp-json\/wp\/v2\/tags?post=5639"}],"curies":[{"name":"wp","href":"https:\/\/api.w.org\/{rel}","templated":true}]}}