{"id":5631,"date":"2013-06-12T16:36:40","date_gmt":"2013-06-12T16:36:40","guid":{"rendered":"http:\/\/www.ingeta.com\/?p=5631"},"modified":"2013-06-12T16:36:40","modified_gmt":"2013-06-12T16:36:40","slug":"la-nomination-de-labbe-malu-malu-peut-etre-un-piege","status":"publish","type":"post","link":"https:\/\/congolobilelo.com\/IN\/la-nomination-de-labbe-malu-malu-peut-etre-un-piege\/","title":{"rendered":"La nomination de l\u2019Abb\u00e9 Malu Malu peut \u00eatre un pi\u00e8ge !"},"content":{"rendered":"<p>\t\t\t\tPar Jean-Pierre Mbelu<\/p>\n<p><strong>Que peut bien signifier le retour de l\u2019Abb\u00e9 Malu Malu \u00e0 la t\u00eate de la Commission Electorale ? Comment allons-nous faire pour que nous nous engagions sur la voie de la r\u00e9appropriation du processus historique et\/ou \u00e9lectoral au pays ? Crier, vocif\u00e9rer, est-ce suffisant ? Est si la nomination de l\u2019Abb\u00e9 Malu Malu \u00e9tait un pi\u00e8ge psychologique ? Et si \u00ab Les ma\u00eetres du monde \u00bb qui l\u2019ont remis \u00e0 ce poste savent qu\u2019ils ont des int\u00e9r\u00eats \u00e0 sauvegarder et qu\u2019ils peuvent, \u00e0 partir de cette nomination attiser les d\u00e9mons de nos divisions ? Ne risquons-nous pas de diaboliser toutes les appartenances de Malu Malu et de faire la politique de ceux pour qui diviser aide \u00e0 r\u00e9gner. Saurons-nous demeurer sereins et capables d\u2019autocritique ? Sans complaisance ! Tout en criant et en vocif\u00e9rant ? Quand on a \u00e9t\u00e9 mordu par \u00ab les vip\u00e8res \u00bb, on devient attentifs quand les l\u00e9zards s\u2019approchent.<\/strong><\/p>\n<div>Le retour de l\u2019Abb\u00e9\u00a0 Malu Malu\u00a0 a provoqu\u00e9 plusieurs r\u00e9actions\u00a0 parmi les compatriotes au pays comme dans la diaspora. Si certains estiment que \u00ab\u00a0l\u2019expert du gouvernement (fantoche) de Kinshasa\u00a0\u00bb aux n\u00e9gociations bidon\u00a0 de Kampala valorise son \u00ab\u00a0expertise\u00a0\u00bb, plusieurs pensent que le choix orchestr\u00e9 par les parrains de \u00a0la <i>kabilie<\/i> consacre son maintien aux commandes de la maffia abusivement d\u00e9nomm\u00e9e \u00ab\u00a0pouvoir\u00a0\u00bb <i>ad vitam aeternam<\/i>. \u00a0D\u2019autres encore\u00a0 lisent dans cette nomination\u00a0 une tentative de discr\u00e9dit permanent\u00a0 jet\u00e9 sur\u00a0 l\u2019une des institutions les plus fortes de la RDC, l\u2019\u00e9glise catholique. A travers l\u2019un (ou certains) de ses membres, cette \u00e9glise serait associ\u00e9e \u00e0 une mort lente mais s\u00fbre de tout un peuple en travaillant aux tripatouillages \u00e9lectoraux favorisant\u00a0 la\u00a0 main mise d\u2019un r\u00e9seau d\u2019\u00e9lites de pr\u00e9dation\u00a0 \u00e0 la t\u00eate de notre pays.<\/div>\n<div><\/div>\n<div><\/div>\n<div>Pour ces compatriotes, cette nomination\u00a0 est \u00ab\u00a0une passe\u00a0\u00bb faite \u00e0 certaines confessions religieuses et autres \u00e9glises de r\u00e9veil qui, pour s\u2019attirer la sympathie des fid\u00e8les catholiques d\u00e9pit\u00e9s par le retour de l\u2019Abb\u00e9 Malu Malu \u00e0 la t\u00eate de la commission \u00e9lectorale, le citeront comme un exemple de la coop\u00e9ration de l\u2019\u00e9glise catholique avec les forces de la mort en RDC. \u00a0Bien que la position de cette \u00e9glise ait \u00e9t\u00e9 claire \u00e0 travers les prises de position de Conf\u00e9rence Episcopale Nationale du Congo (CENCO) demandant aux pr\u00eatres et aux religieux de ne pas faire partie de la CENI, elle risque d\u2019avoir du mal \u00e0 convaincre ces compatriotes qui, apr\u00e8s avoir appris \u00ab\u00a0la triste nouvelle\u00a0\u00bb ont dit\u00a0: \u00ab\u00a0Plus nos pieds\u00a0 dans une \u00e9glise catholiques\u00a0\u00bb. Pour cause. \u00a0L\u2019opinion est souvent fond\u00e9e sur l\u2019ignorance. \u00a0Cela \u00e9tant, il se pourrait aussi que cette nomination soit un pi\u00e8ge contribuant \u00e0 creuser davantage des divisions entre nous au point de nous \u00e9viter une r\u00e9flexion profonde sur la fa\u00e7on dont nous pouvons contre vents et mar\u00e9es travailler \u00e0 la r\u00e9cup\u00e9ration du processus historique et\/ou \u00e9lectoral d\u00e9voy\u00e9 dans lequel notre pays est engag\u00e9 depuis 2006. Cela en nous rappelant que ceux que nous pensons \u00eatre les parrains n\u2019ont jamais d\u2019amis et qu\u2019ils ne garantissent rien sur le long terme. Crier, vocif\u00e9rer peut se r\u00e9v\u00e9ler d\u00e9mobilisateur\u00a0!<\/div>\n<div><\/div>\n<div><\/div>\n<div>Il y a un autre point de vue entendu dans les milieux congolais\u00a0: attendons juger cette fois-ci l\u2019Abb\u00e9 Malu Malu sur les r\u00e9sultats\u00a0; accordons-lui le b\u00e9n\u00e9fice du doute. Ce point de vue vaut\u00a0 ce qu\u2019il vaut. N\u00e9anmoins, il nous pousse \u00e0 approfondir notre r\u00e9flexion\u00a0 sur les \u00e9lections et sur leur valeur r\u00e9elle en\u00a0 lisant notre histoire imm\u00e9diate (et celle des autres). Comment se fait-il que Joseph Kabila ayant profit\u00e9 de l\u2019assassinat de Laurent-D\u00e9sir\u00e9 Kabila en 2001 ait pu usurper \u00ab\u00a0le pouvoir-os\u00a0\u00bb aux \u00e9lections de 2006 et \u00e0 celles de 2011\u00a0?<\/div>\n<div><\/div>\n<div><\/div>\n<div>En 2006, l\u2019Union Europ\u00e9enne (alli\u00e9e des USA)\u00a0 a plac\u00e9 son argent dans ces \u00e9lections et elle devait en r\u00e9colter les dividendes\u00a0: avoir\u00a0 \u00e0 Kinshasa un alli\u00e9 de Paul Kagame\u00a0; maintenir la RDC sous la tutelle de l\u2019ONU et en faire\u00a0 sa v\u00e9ritable n\u00e9o-colonie. Les \u00e9lections bidon de 2006 ont permis \u00e0 l\u2019Occident et \u00e0 ses entreprises multinationales de p\u00e9renniser leur pillage des mati\u00e8res premi\u00e8res strat\u00e9giques \u00a0de notre pays \u00e0 travers les arm\u00e9es de Kampala, de Kigali et de la RDC (infiltr\u00e9e) interpos\u00e9es\u00a0 \u00a0au\u00a0 cours d\u2019une guerre de basse intensit\u00e9 orchestrant le chaos dans la sous-r\u00e9gion des Grands-Lacs Africains.\u00a0 Un livre publiant \u00ab\u00a0des documents qui accusent\u00a0\u00bb est tr\u00e8s clair\u00a0 sur\u00a0 ce <i>modus operandi<a title=\"\" href=\"http:\/\/fr-mg42.mail.yahoo.com\/neo\/#_ftn1\" target=\"_blank\" rel=\"noopener\"><b>[1]<\/b><\/a><\/i>.\u00a0 Celui-ci est all\u00e9 plus loin\u00a0: il a permis le noyautage et l\u2019<i>agencification<a title=\"\" href=\"http:\/\/fr-mg42.mail.yahoo.com\/neo\/#_ftn2\" target=\"_blank\" rel=\"noopener\"><b>[2]<\/b><\/a> <\/i>\u00a0de plusieurs institutions du pays par l\u2019Occident re-conqu\u00e9rant. Avec la complicit\u00e9 des nos \u00e9lites compradores pris dans les filets du \u00ab\u00a0r\u00e9flexe\u00a0 de Pavlov\u00a0<a title=\"\" href=\"http:\/\/fr-mg42.mail.yahoo.com\/neo\/#_ftn3\" target=\"_blank\" rel=\"noopener\">[3]<\/a>\u00bb, salivant devant les esp\u00e8ces sonnantes et tr\u00e9buchantes, au point de participer \u00e0 notre collectif effacement de la surface de la terre comme peuple historique\u00a0!<\/div>\n<div><\/div>\n<div><\/div>\n<div>En principe, les \u00e9lections de 2006 organis\u00e9es sans recensement\u00a0 devraient nous convaincre de l\u2019inanit\u00e9 de la notion de \u00ab\u00a0l\u2019aide\u00a0\u00bb. L\u2019argent plac\u00e9 dans ces \u00e9lections devait rapporter des dividendes, du profit \u00e0 l\u2019Occident re-conqu\u00e9rant.\u00a0 Elles devraient nous pousser \u00e0 nous \u00e0 nous poser cette <i>question-b\u00eate<\/i>\u00a0: \u00ab\u00a0Comment pouvons-nous, en conscience, pr\u00e9tendre gagner notre souverainet\u00e9 politique \u00e0 partir des \u00e9lections organis\u00e9es avec l\u2019argent d\u2019autrui\u00a0?\u00a0\u00bb<\/div>\n<div><\/div>\n<div><\/div>\n<div>Les pays ayant compris que la souverainet\u00e9 est aussi (et m\u00eame d\u2019abord) \u00e9conomique ont coup\u00e9 le cordon ombilical et organisent leurs \u00e9lections en mettant leur propre argent au service de leurs commissions \u00e9lectorales et en cr\u00e9ant des m\u00e9canismes de contr\u00f4le (et de v\u00e9rification) internes efficaces.\u00a0 Le Venezuela a organis\u00e9 plus de\u00a0 dix \u00e9lections en puisant dans propre sa caisse. Plusieurs autres pays de l\u2019Am\u00e9rique Latine (comme la Bolivie, l\u2019Equateur, le Br\u00e9sil, l\u2019Argentine, etc.)\u00a0 font r\u00e9guli\u00e8rement la m\u00eame chose. Ils ont\u00a0 am\u00eetris\u00e9 cette sagesse populaire simple\u00a0: \u00ab\u00a0La main qui donne voudrait toujours \u00eatre au-dessus de celle qui re\u00e7oit.\u00a0\u00bb Qui dira que la RDC vendant ses mati\u00e8res \u00e0 perte aux Iles Vierges Britanniques pour plus de cinq milliards\u00a0 manque\u00a0\u00a0 de l\u2019argent pour organiser des \u00e9lections plus ou moins correctes\u00a0?<\/div>\n<div><\/div>\n<div><\/div>\n<div>Avouons que la question fondamentale est celle\u00a0 de l\u2019occupation du pays\u00a0: il n\u2019est pas facile d\u2019organiser des \u00e9lections dignes de ce nom dans un pays sous occupation. N\u2019emp\u00eache\u00a0 que les plus audacieux d\u2019entre nous op\u00e9rant au sein des minorit\u00e9s organis\u00e9es et agissantes prennent leur courage \u00e0 deux mains pour\u00a0 renverser la vapeur (sur le temps). Mettre \u00e0 nu les pratiques d\u00e9voy\u00e9es des charognards se ruant sur le mort-vivant Congo dans un exercice d\u2019\u00e9ducation civique permanent serait un pas important \u00e0 effectuer au pays. Travailler en synergie serait un pas suppl\u00e9mentaire importent. Sur ce point, il faut avouer que la diaspora congolaise a fait des g\u00e9ants\u00a0; elle doit, au lieu de dormir sur ses lauriers, poursuivre ses efforts de r\u00e9volution id\u00e9ologique en se convaincant que les vampires sont sur le d\u00e9clin\u2026Au pays, l\u2019enfermement de certains acteurs politiques dans des prisons <i>priv\u00e9es<\/i> est un travail de sape. Il vise \u00e0 \u00e9teindre tout \u00e9veil de conscience collective d\u2019un peuple devant se convaincre qu\u2019il n\u2019a de salut qu\u2019en devenant l\u2019acteur politique de premier plan.<\/div>\n<div><\/div>\n<div><\/div>\n<div>Si tout, en effet, d\u00e9pendait de l\u2019argent, les \u00e9lections de 2011 devraient donner des r\u00e9sultats contraires \u00e0 ceux de 2006. En 2011, la contribution de \u00ab\u00a0la communaut\u00e9 internationale\u00a0\u00bb n\u2019a pas \u00e9t\u00e9 aussi consistante que celle\u00a0 plac\u00e9e dans celles de 2006. Comment sa fait-il que\u00a0 Joseph Kabila se soit maintenu au pouvoir-os sans que les r\u00e9sultats de ces \u00e9lections ne puissent \u00eatre conformes ni \u00e0 la justice ni \u00e0 la v\u00e9rit\u00e9, comme dirait le Cardinal Monsengwo\u00a0? En plus du fait que Joseph Kabila a recouru \u00e0 la tricherie et \u00e0 la fraude avec la complicit\u00e9 de la CENI, il a eu recours \u00e0 l\u2019arm\u00e9e pour semer la peur dans les c\u0153urs\u00a0 et les esprits et r\u00e9gner par d\u00e9fi. Aussi est-il vrai que la r\u00e9appropriation du processus \u00e9lectorale par nos populations n\u2019a pas \u00e9t\u00e9 totale. En dehors des r\u00e9sultats falsifi\u00e9s de la CENI, aucune autre institution congolaise n\u2019a pu fournir les siens\u00a0; m\u00eame pas l\u2019\u00e9glise catholique qui avait d\u00e9ploy\u00e9 ses observateurs \u00e0 travers plusieurs bureaux de vote.<\/div>\n<div>Il y a eu un autre ph\u00e9nom\u00e8ne et pas le moindre\u00a0: l\u2019implication des ambassadeurs occidentaux dans le processus \u00e9lectoral avant la proclamation des r\u00e9sultats d\u00e9finitifs. Doutant des garanties que pourrait leur offrir\u00a0 \u00ab\u00a0le v\u00e9ritable gagnant de ces \u00e9lections\u00a0\u00bb, ils ont orchestr\u00e9 \u00ab\u00a0un coup d\u2019Etat\u00a0\u00bb pour maintenir Joseph Kabila au pouvoir-os. Arnaud Zajtman le dit sans ambages dans un article \u00e9crit le 07 d\u00e9cembre 2011 et intitul\u00e9\u00a0: \u00ab\u00a0Il est minuit moins une \u00e0 Kinshasa\u00a0\u00bb. Certains compatriotes \u00e9changeant\u00a0 avec \u00ab\u00a0les partenaires ext\u00e9rieurs sur ce g\u00e2chis s\u2019entendent dire\u00a0 ces jours-ci : \u00ab\u00a0La l\u00e9gitimit\u00e9 int\u00e9rieure sans la l\u00e9gitimit\u00e9 internationale ne suffit pas\u00a0\u00bb.<\/div>\n<div>Apr\u00e8s 2011, plusieurs d\u2019entre nous\u00a0 devraient se\u00a0 faire \u00e0 l\u2019id\u00e9e qu\u2019aller aux \u00e9lections sans \u00eatre s\u00fbr d\u2019en ma\u00eetriser et d\u2019en contr\u00f4ler les rouages est une aventure de mauvais go\u00fbt, surtout\u00a0 dans un pays sous occupation. Ils devraient proc\u00e9der \u00e0 une \u00e9valuation sans complaisance s\u2019ils veulent s\u2019essayer aux autres \u00e9ch\u00e9ances \u00e0 venir. Ils devraient aussi apprendre (ou d\u00e9sapprendre) que la l\u00e9gitimit\u00e9 politique (et surtout post-politique) ne se donne pas dans les urnes. Celles-ci confirment ou infirment un choix fait au pr\u00e9alable. Ou par le peuple \u00e9duqu\u00e9 civiquement et patriotiquement ou par les oligarchies d\u2019argent parrainant des \u00e9lites compradores ou par un autre cercle\u00a0 de pouvoir pas toujours visible. Et ce choix ne se fait pas la veille \u00a0des \u00e9lections. Non. Il est op\u00e9r\u00e9 longtemps avant \u00e0 partir du profil du candidat et du travail abattu par ceux qui op\u00e8rent ce choix au niveau m\u00e9diatique, \u00e9conomique, \u00e9ducationnel, social, intellectuel, politique, etc. Ceci devrait \u00eatre un secret de polichinelle pour plusieurs d\u2019entre nous.<\/div>\n<div>En 1960, ce sont les Congolais unis \u00a0comme un seul homme et\u00a0 soucieux de renverser le joug du colonialisme qui ont pl\u00e9biscit\u00e9 certains d\u2019entre eux aux \u00e9lections. Civiquement, ils \u00e9taient\u00a0 suffisamment \u00e9duqu\u00e9s politiquement \u00a0et certaines revues comme \u00ab\u00a0Conscience Noire\u00a0\u00bb ont jou\u00e9 un r\u00f4le important dans l\u2019\u00e9veil spirituel de nos P\u00e8res et M\u00e8res de l\u2019ind\u00e9pendance. Au Venezuela, le peuple a\u00a0 remis Hugo Chavez au pouvoir apr\u00e8s le coup d\u2019Etat \u00a0de la CIA de 2002<a title=\"\" href=\"http:\/\/fr-mg42.mail.yahoo.com\/neo\/#_ftn4\" target=\"_blank\" rel=\"noopener\">[4]<\/a>. Un fait unique dans l\u2019histoire contemporaine. (Les m\u00e9dias <i>mainstream<\/i>\u00a0 et les experts de la communaut\u00e9 internationale n\u2019en parlent presque pas\u00a0!) Aux USA, en 2000, Georges Bush Jr a perdu les \u00e9lections. Mais il fut maintenu \u00e0 la t\u00eate de ce pays par \u00ab\u00a0l\u2019Etat profond\u00a0\u00bb.<\/div>\n<div>Si la l\u00e9gitimit\u00e9 politique (ou post-politique) ne se donne pas dans les urnes, elle\u00a0 s\u2019impose apr\u00e8s sa confirmation par les urnes\u00a0 \u00e0 partir de la mani\u00e8re dont \u00ab\u00a0l\u2019\u00e9lu\u00a0 majeur\u00a0\u00bb sert les int\u00e9r\u00eats de ses parrains. Au Venezuela par exemple, Hugo Chavez ayant \u00e9t\u00e9 parrain\u00e9 par son peuple (surtout les pauvres des favelas) \u00a0l\u2019a servi, dans les limites de ses possibilit\u00e9s, jusqu\u2019\u00e0 sa mort. Cela au point que plusieurs v\u00e9n\u00e9zu\u00e9liens (plus de 50%) en sont arriv\u00e9s \u00e0 s\u2019identifier \u00e0 Chavez apr\u00e8s sa mort en disant\u00a0: \u00ab\u00a0Nous sommes tous des\u00a0 Chavez\u00a0\u00bb.\u00a0 Au Congo (RDC), Joseph Kabila est encore \u00a0soutenu par ceux qui l\u2019ont pl\u00e9biscit\u00e9 \u2013 souvenons-nous de \u00ab\u00a0Joseph Kabila est l\u2019espoir du Congo\u00a0\u00bb- et qui d\u00e9j\u00e0 en 2006, ont mis Malumalu \u00e0 son service. Arr\u00eatons de r\u00eaver.<\/div>\n<div>Que voulons-nous\u00a0?\u00a0 Etre souverains\u00a0? Quelles sont les ressources intellectuelles,\u00a0 \u00e9conomiques, culturelles, sociales, politiques dont nous disposons pour r\u00e9aliser nos objectifs\u00a0? Identifions-nous. Qui sont les meilleurs d\u2019entre nous qui peuvent, avec courage et esprit de sacrifice, nous mener \u00e0 bon port\u00a0? Et g\u00e9ostrat\u00e9giquement, qui sont les acteurs politiques mondiaux qui, aujourd\u2019hui, tout en \u00e9tant\u00a0 respectueux de la souverainet\u00e9 des autres peuples, peuvent nous soutenir dans notre lutte d\u2019\u00e9mancipation en sauvegardant\u00a0 des int\u00e9r\u00eats partag\u00e9s\u00a0?<\/div>\n<div>Ces questions peuvent \u00eatre travaill\u00e9es en permanence dans des <i>think tanks <\/i>congolais o\u00f9 les jeunes prennent une part active et o\u00f9 le choc des id\u00e9es peut jeter suffisamment de lumi\u00e8re sur la voie\u00a0 \u00e0 emprunter. Faire cela ne devrait pas nous dispenser de comprendre que les grands changements sont mol\u00e9culaires. Il faut y travailler sur le cours, moyen et long terme et apprendre \u00e0 passer le relais. Il n\u2019 y a pas de baguette magique\u00a0! \u00ab\u00a0<i>Kokende liboso ezali kokoma te\u00a0!<\/i>\u00a0\u00bb<\/div>\n<p><em>Mbelu Babanya Kabudi<\/em><\/p>\n<div><br clear=\"all\" \/><\/p>\n<hr align=\"left\" size=\"1\" width=\"33%\" \/>\n<div>\n<div><a title=\"\" href=\"http:\/\/fr-mg42.mail.yahoo.com\/neo\/#_ftnref1\" target=\"_blank\" rel=\"noopener\">[1]<\/a> C. ONANA, Europe, <i>crimes et censure au Congo. Les documents qui accusent<\/i>, Paris, Duboiris, 2012.<\/div>\n<\/div>\n<div>\n<div><a title=\"\" href=\"http:\/\/fr-mg42.mail.yahoo.com\/neo\/#_ftnref2\" target=\"_blank\" rel=\"noopener\">[2]<\/a> Lire J. KANKWENDA MBAYA, <i>La R\u00e9publique<\/i><i> D\u00e9mocratique<\/i><i> du Congo face au complot de Balkanisation et d\u2019implosion<\/i>, Kinshasa, Icredes, 2013. Lire surtout le chapitre 11.<\/div>\n<\/div>\n<div>\n<div><a title=\"\" href=\"http:\/\/fr-mg42.mail.yahoo.com\/neo\/#_ftnref3\" target=\"_blank\" rel=\"noopener\">[3]<\/a> J. \u2013J. MBUGANYI,\u00a0 Le politicien instrumentalis\u00e9\u00a0: la RDC est un bel exemple, dans <a href=\"http:\/\/www.congoind%C3%A9pendant.com\/\" target=\"_blank\" rel=\"noopener\">www.congoind\u00e9pendant.com<\/a> du<\/div>\n<\/div>\n<div>\n<div><a title=\"\" href=\"http:\/\/fr-mg42.mail.yahoo.com\/neo\/#_ftnref4\" target=\"_blank\" rel=\"noopener\">[4]<\/a> Le successeur\u00a0 d\u2019Hugo Chavez vient d\u2019\u00e9chapper\u00a0 \u00e0 un attentat orchestr\u00e9 par ceux qui veulent faire de la Colombie\u00a0 un membre de l\u2019OTAN comme l\u2019atteste ce petit article\u00a0:<a href=\"http:\/\/www.voltairenet.org\/article178860.html\" target=\"_blank\" rel=\"noopener\">http:\/\/www.<wbr \/>voltairenet.org\/article178860.<wbr \/>html<\/a><\/div>\n<\/div>\n<\/div>\n","protected":false},"excerpt":{"rendered":"<p>Par Jean-Pierre Mbelu Que peut bien signifier le retour de l\u2019Abb\u00e9 Malu Malu \u00e0 la t\u00eate de la Commission Electorale ? Comment allons-nous faire pour que nous nous engagions sur la voie de la r\u00e9appropriation du processus historique et\/ou \u00e9lectoral au pays ? Crier, vocif\u00e9rer, est-ce suffisant ? Est si la nomination de l\u2019Abb\u00e9 Malu [&hellip;]<\/p>\n","protected":false},"author":1,"featured_media":5632,"comment_status":"open","ping_status":"open","sticky":false,"template":"","format":"standard","meta":{"_acf_changed":false,"content-type":"","footnotes":""},"categories":[107,124],"tags":[],"class_list":["post-5631","post","type-post","status-publish","format-standard","has-post-thumbnail","hentry","category-analyses-commentaires","category-politique-societe"],"acf":[],"_links":{"self":[{"href":"https:\/\/congolobilelo.com\/IN\/wp-json\/wp\/v2\/posts\/5631","targetHints":{"allow":["GET"]}}],"collection":[{"href":"https:\/\/congolobilelo.com\/IN\/wp-json\/wp\/v2\/posts"}],"about":[{"href":"https:\/\/congolobilelo.com\/IN\/wp-json\/wp\/v2\/types\/post"}],"author":[{"embeddable":true,"href":"https:\/\/congolobilelo.com\/IN\/wp-json\/wp\/v2\/users\/1"}],"replies":[{"embeddable":true,"href":"https:\/\/congolobilelo.com\/IN\/wp-json\/wp\/v2\/comments?post=5631"}],"version-history":[{"count":0,"href":"https:\/\/congolobilelo.com\/IN\/wp-json\/wp\/v2\/posts\/5631\/revisions"}],"wp:featuredmedia":[{"embeddable":true,"href":"https:\/\/congolobilelo.com\/IN\/wp-json\/"}],"wp:attachment":[{"href":"https:\/\/congolobilelo.com\/IN\/wp-json\/wp\/v2\/media?parent=5631"}],"wp:term":[{"taxonomy":"category","embeddable":true,"href":"https:\/\/congolobilelo.com\/IN\/wp-json\/wp\/v2\/categories?post=5631"},{"taxonomy":"post_tag","embeddable":true,"href":"https:\/\/congolobilelo.com\/IN\/wp-json\/wp\/v2\/tags?post=5631"}],"curies":[{"name":"wp","href":"https:\/\/api.w.org\/{rel}","templated":true}]}}