{"id":5624,"date":"2013-06-09T12:53:40","date_gmt":"2013-06-09T12:53:40","guid":{"rendered":"http:\/\/www.ingeta.com\/?p=5624"},"modified":"2013-06-09T12:53:40","modified_gmt":"2013-06-09T12:53:40","slug":"croissance-economique-m23-elections-les-congolais-doivent-lutter-contre-lamnesie-et-la-resignation","status":"publish","type":"post","link":"https:\/\/congolobilelo.com\/IN\/croissance-economique-m23-elections-les-congolais-doivent-lutter-contre-lamnesie-et-la-resignation\/","title":{"rendered":"Croissance \u00e9conomique, M23, \u00e9lections : Les congolais doivent lutter contre l\u2019amn\u00e9sie et la r\u00e9signation"},"content":{"rendered":"<p>\t\t\t\tL\u2019analyste politique jean-Pierre Mbelu d\u00e9crypte le syst\u00e8me au sein duquel op\u00e8re l\u2019abb\u00e9 Malu Malu, d\u00e9sign\u00e9 \u00e0 nouveau \u00e0 la t\u00eate de la Commission Electorale Nationale ind\u00e9pendante, analyse le parall\u00e9lisme entre la guerre en Syrie et la guerre au Congo, explique pourquoi notre salut ne viendra ni de la communaut\u00e9 internationale, ni d\u2019une orientation n\u00e9olib\u00e9rale de l\u2019\u00e9conomie congolaise. Et incite \u00e0 lutter contre l\u2019amn\u00e9sie et la r\u00e9signation.<\/p>\n<p><iframe loading=\"lazy\" src=\"http:\/\/www.youtube.com\/embed\/tmudyO-cHnQ\" height=\"315\" width=\"560\" allowfullscreen=\"\" frameborder=\"0\"><\/iframe><\/p>\n<p><strong>Sur la nomination par le parlement congolais de l\u2019abb\u00e9 Malu Malu \u00e0 la t\u00eate de la CENI<\/strong><\/p>\n<blockquote><p>Il ne faut pas centrer ses analyses sur les individus. C\u2019est le syst\u00e8me au sein duquel op\u00e8re Malu Malu qu\u2019il faut analyser. N\u2019oubliez que quand ce m\u00eame Apollinaire Malu Malu est d\u00e9sign\u00e9 comme pr\u00e9sident de la Commission El\u00e9ctorale Nationale Ind\u00e9pendante pour les \u00e9lections de 2006, il va venir avaliser un choix fait au pr\u00e9alable comme on peut le lire dans le livre de Charles Onana (\u00ab Europe, crimes et censures au Congo : Les documents qui accusent \u00bb).<br \/>\nMalu Malu a jou\u00e9 la carte de Kabila pour garantir les int\u00e9r\u00eats de l\u2019Union Europ\u00e9enne et les int\u00e9r\u00eats anglo-saxons au Congo. Souvent, nous tombons dans l\u2019amn\u00e9sie et nous oublions l\u2019histoire. Si aujourd\u2019hui, on nous dit qu\u2019il revient, c&#8217;est-\u00e0-dire que les ma\u00eetres qui l\u2019avaient choisi en 2006 sont en train de voir comment ils peuvent poursuivre ce qu\u2019ils ont initi\u00e9 en 2006, \u00e0 savoir : travailler \u00e0 la garantie de leurs int\u00e9r\u00eats.<br \/>\nC\u2019est un syst\u00e8me qui conna\u00eet les fragilit\u00e9s de l\u2019Eglise que Malu Malu sert. Vous imaginez, travailler \u00e0 la gloire de Dieu et ne rien gagner, et \u00eatre coopt\u00e9 par un gouvernement qui sait vous donner suffisamment de moyens mat\u00e9riels, il s\u2019est laiss\u00e9 tenter. Il a go\u00fbt\u00e9 \u00e0 la chose, et voil\u00e0. Il y a, par ailleurs, dans le cas du comportement de l\u2019abb\u00e9 Malu Malu, une interpellation de l\u2019\u00e9glise catholique congolaise sur les conditions dans lesquelles vivent ses pr\u00eatres, conditions qui facilitent la corruption de ces pr\u00eatres pour qu\u2019ils puissent se mettre au service du plus offrant.<br \/>\nIl faut rompre avec toute na\u00efvet\u00e9, nous devons nous battre s\u00e9rieusement pour garder notre m\u00e9moire intacte. Quand on ne lit pas, quand on tombe dans l\u2019amn\u00e9sie sur notre histoire, on tombe dans le colportage et nos peuples comme des moutons vont aller \u00e0 ces \u00e9lections bidons, et encore les moutons ne choisissent pas leurs bouchers.<\/p><\/blockquote>\n<p><strong>Sur le M23, la brigade d\u2019intervention de l\u2019ONU et la communaut\u00e9 internationale<\/strong><\/p>\n<blockquote><p>Comme ceux qui nous font la guerre savent que nous n\u2019avons pas de suivi dans nos histoires et que nous tombons facilement dans l\u2019amn\u00e9sie, ils savent aussi qu\u2019ils peuvent nous proposer n\u2019importe quoi. L\u2019ONU avait classifi\u00e9 le M23 parmi les forces n\u00e9gatives, avec preuves \u00e0 l\u2019appui. Des rapports ont \u00e9t\u00e9 \u00e9tablis sur les crimes du M23 perp\u00e9tr\u00e9s avec le soutien du Rwanda et de l\u2019Ouganda. Aujourd\u2019hui, on consid\u00e8re que la force n\u00e9gative d\u2019hier, le M23, \u00e9tant un partenaire de dialogue du gouvernement fant\u00f4che de Kinshasa, ne n\u2019est plus aujourd\u2019hui. Cela devrait nous convaincre que notre salut ne viendra pas de la communaut\u00e9 internationale parce que c\u2019est la communaut\u00e9 internationale qui nous occupe. Cette communaut\u00e9 internationale fait partie du probl\u00e8me. Et c\u2019est elle qui, \u00e0 travers les membres influents du conseil de s\u00e9curit\u00e9, nous fait la guerre.<br \/>\nAu fur et \u00e0 mesure que les ann\u00e9es passent, nous oublions ces v\u00e9rit\u00e9s simples et nous croyons que cette communaut\u00e9 internationale va se r\u00e9veiller un matin et nous dire cette guerre est termin\u00e9e, il faut que les congolais recouvrent leur souverainet\u00e9. Non, cela ne se passera pas comme cela. Quand nous nous serons battus, comme nous le faisons d\u00e9j\u00e0 mains nues, que nous r\u00e9cup\u00e9rerons notre pays et notre souverainet\u00e9.<\/p><\/blockquote>\n<p><strong>Sur le parall\u00e9lisme entre la Syrie et le Congo<\/strong><\/p>\n<blockquote><p>En Syrie, comme au Congo, c\u2019est une m\u00eame guerre de pr\u00e9dation par procuration. Et vous ne mettez pas fin \u00e0 ce type de guerre en vous adressant aux fant\u00f4ches et aux marionnettes. La Syrie, avec l\u2019appui de la Russie et de la Chine, a forc\u00e9 le pays qui l\u2019attaquait, indirectement, par procuration, c&#8217;est-\u00e0-dire les USA et leurs alli\u00e9s de l\u2019OTAN via diff\u00e9rents rebelles, \u00e0 aller n\u00e9gocier avec la Russie. Parce que la guerre par procuration faite contre la Syrie \u00e9tait une guerre contre la Russie pour pouvoir la contenir dans un espace qui ne lui permette pas de contr\u00f4ler les terres et les mers en ayant des alli\u00e9s s\u00fbrs comme l\u2019Iran ou la Syrie.<br \/>\nLa guerre qui est men\u00e9e contre le Congo par procuration est une guerre qui vise \u00e0 \u00e9teindre une fois pour toute notre envie d\u2019\u00eatre souverain. C\u2019est une guerre qui nous est men\u00e9e depuis l\u2019assassinat de Patrice Emery Lumumba. Cette guerre nous est aussi men\u00e9e par l\u2019entremise des institutions financi\u00e8res internationales, comme le Fonds Mon\u00e9taire International et la Banque Mondiale qui nous imposent des dettes odieuses. Cette guerre nous est aussi men\u00e9e par certains de nos compatriotes qui collaborent avec toutes ces forces ext\u00e9rieures et qui combattent nos populations.<br \/>\nC\u2019est une guerre d\u2019extermination de nos populations. Si la RDC \u00e9tait la Syrie, elle aurait pu peser dans la balance des relations g\u00e9ostrat\u00e9giques en se servant de partenaires de poids comme la Chine et la Russie pour sauvegarder sa souverainet\u00e9 comme la Syrie est en train de le faire. Malheureusement, nous avons sur notre dos, une coalition mondiale contre nous. Voil\u00e0 pourquoi nous avons beaucoup de difficult\u00e9s \u00e0 pouvoir sortir de l\u2019impasse. La Syrie, au moins, est un Etat, ce qui n\u2019est pas le cas du Congo. La Syrie a men\u00e9 une lutte contre l\u2019ignorance, l\u2019inconscience mais aussi contre la r\u00e9signation.<\/p><\/blockquote>\n<p><strong>Sur la corruption au Congo<\/strong><\/p>\n<blockquote><p>Le Congo est un Etat manqu\u00e9. Et le Congo, cet Etat manqu\u00e9, a dans son sein, des \u00e9lites pr\u00e9datrices. Il faut se souvenir, par exemple du rapport Kassem de 2002, pour cela, dans lequel il y a un chapitre sur les r\u00e9seaux d\u2019\u00e9lites. Depuis que le Congo conna\u00eet la guerre et surtout depuis l\u2019AFDL, il s\u2019est constitu\u00e9 une \u00e9lite pr\u00e9datrice, qui op\u00e8re en r\u00e9seau et le r\u00f4le de cette \u00e9lite est de pouvoir piller le plus possible. C\u2019est ainsi que cette \u00e9lite est l\u2019orientation n\u00e9olib\u00e9rale de l\u2019\u00e9conomie. Parce qu\u2019elle se sert de l\u2019argent de l\u2019Etat pour s\u2019enrichir et investir dans le priv\u00e9. C\u2019est une \u00e9lite fond\u00e9e sur des antivaleurs dont la corruption.<\/p><\/blockquote>\n<p><strong>Sur la croissance \u00e9conomique au Congo<\/strong><\/p>\n<blockquote><p>Le probl\u00e8me fondamental, au Congo, est celui de la refondation d\u2019un Etat et du changement de syst\u00e8me.<br \/>\nOn se rend compte de Matata Ponyo parle de la croissance au Congo. C\u2019est une aberration. Il utilise les m\u00eames expressions utilis\u00e9es dans les \u00e9conomies n\u00e9olib\u00e9rales occidentales, en faillite. Et quand on nous parle de la comp\u00e9titivit\u00e9 et de la croissance au Congo, on oublie de nous dire sur quels principes cette croissance et cette \u00e9conomie congolaise sont fond\u00e9es. La trinit\u00e9 sur laquelle cette \u00e9conomie est fond\u00e9e est, entre autre, la privatisation, d\u00e9r\u00e9glementation et lib\u00e9ralisation. Vous ne pouvez pas sauver un pays en appliquant les principes de l\u2019\u00e9conomie n\u00e9olib\u00e9rale qui ont conduit \u00e0 la faillite des \u00e9conomies occidentales.<br \/>\nQuand on vous dit que le Congo a une croissance de 7 ou 8%, on ne vous dit pas que cette croissance est li\u00e9e \u00e0 l\u2019exploitation des mati\u00e8res premi\u00e8res dont les revenus ne reviennent ni dans nos banques ni au pays. Et cela fait que les droits sociaux, \u00e9conomiques, politiques et culturels de nos populations sont foul\u00e9s au pied. Ainsi, cette \u00e9conomie ne peut prosp\u00e9rer que dans le contexte du capitalisme du d\u00e9sastre et de la violence. Matata Ponyo ne peut supporter qu\u2019un Diomi Ndongala l\u2019interpelle et lui demande les r\u00e9sultats palpables au niveau social de la croissance dont il parle. Ce sont des gens qui vivent constamment dans l\u2019autosatisfaction. Parce qu\u2019ils savent que le discours qu\u2019ils tiennent plait \u00e0 leurs parrains et ma\u00eetres et que ce discours ne peut pas \u00eatre remis en question par les m\u00e9dias kinois, au royaume des aveugles, le borgne \u00e9tant roi.<\/p><\/blockquote>\n","protected":false},"excerpt":{"rendered":"<p>L\u2019analyste politique jean-Pierre Mbelu d\u00e9crypte le syst\u00e8me au sein duquel op\u00e8re l\u2019abb\u00e9 Malu Malu, d\u00e9sign\u00e9 \u00e0 nouveau \u00e0 la t\u00eate de la Commission Electorale Nationale ind\u00e9pendante, analyse le parall\u00e9lisme entre la guerre en Syrie et la guerre au Congo, explique pourquoi notre salut ne viendra ni de la communaut\u00e9 internationale, ni d\u2019une orientation n\u00e9olib\u00e9rale de [&hellip;]<\/p>\n","protected":false},"author":1,"featured_media":5627,"comment_status":"open","ping_status":"open","sticky":false,"template":"","format":"standard","meta":{"_acf_changed":false,"content-type":"","footnotes":""},"categories":[107,124],"tags":[],"class_list":["post-5624","post","type-post","status-publish","format-standard","has-post-thumbnail","hentry","category-analyses-commentaires","category-politique-societe"],"acf":[],"_links":{"self":[{"href":"https:\/\/congolobilelo.com\/IN\/wp-json\/wp\/v2\/posts\/5624","targetHints":{"allow":["GET"]}}],"collection":[{"href":"https:\/\/congolobilelo.com\/IN\/wp-json\/wp\/v2\/posts"}],"about":[{"href":"https:\/\/congolobilelo.com\/IN\/wp-json\/wp\/v2\/types\/post"}],"author":[{"embeddable":true,"href":"https:\/\/congolobilelo.com\/IN\/wp-json\/wp\/v2\/users\/1"}],"replies":[{"embeddable":true,"href":"https:\/\/congolobilelo.com\/IN\/wp-json\/wp\/v2\/comments?post=5624"}],"version-history":[{"count":0,"href":"https:\/\/congolobilelo.com\/IN\/wp-json\/wp\/v2\/posts\/5624\/revisions"}],"wp:featuredmedia":[{"embeddable":true,"href":"https:\/\/congolobilelo.com\/IN\/wp-json\/"}],"wp:attachment":[{"href":"https:\/\/congolobilelo.com\/IN\/wp-json\/wp\/v2\/media?parent=5624"}],"wp:term":[{"taxonomy":"category","embeddable":true,"href":"https:\/\/congolobilelo.com\/IN\/wp-json\/wp\/v2\/categories?post=5624"},{"taxonomy":"post_tag","embeddable":true,"href":"https:\/\/congolobilelo.com\/IN\/wp-json\/wp\/v2\/tags?post=5624"}],"curies":[{"name":"wp","href":"https:\/\/api.w.org\/{rel}","templated":true}]}}