{"id":5594,"date":"2013-06-02T19:45:51","date_gmt":"2013-06-02T19:45:51","guid":{"rendered":"http:\/\/www.ingeta.com\/?p=5594"},"modified":"2013-06-02T19:45:51","modified_gmt":"2013-06-02T19:45:51","slug":"patrick-mbeko-et-pierre-pean-sur-les-guerres-secretes-des-grandes-puissances-en-afrique","status":"publish","type":"post","link":"https:\/\/congolobilelo.com\/IN\/patrick-mbeko-et-pierre-pean-sur-les-guerres-secretes-des-grandes-puissances-en-afrique\/","title":{"rendered":"Patrick Mbeko et Pierre P\u00e9an sur les guerres secr\u00e8tes des grandes puissances en Afrique"},"content":{"rendered":"<p>\t\t\t\tA l&#8217;occasion de son 8\u00e8me anniversaire, <a href=\"http:\/\/www.apareco-rdc.com\/\">l&#8217;Alliance des Patriotes pour la refondation du Congo (Apareco)<\/a> a organis\u00e9, le 1er juin 2013 \u00e0 Paris, une conf\u00e9rence sur le th\u00e8me &#8220;Les guerres secr\u00e8tes des grandes puissances en Afrique : le cas du Congo&#8221;.<br \/>\nLes deux intervenants de cette conf\u00e9rence \u00e9taient:<br \/>\n&#8211; Patrick Mbeko, auteur de <em>\u201cLe Canada dans les guerres en Afrique centrale\u201d<\/em><br \/>\n&#8211; Pierre P\u00e9an, auteur de <em>\u201cCarnages : Les guerres secr\u00e8tes des grandes puissances en Afrique\u201d<\/em><\/p>\n<p><iframe loading=\"lazy\" width=\"560\" height=\"315\" src=\"http:\/\/www.youtube.com\/embed\/ctVDz5CdxMY\" frameborder=\"0\" allowfullscreen><\/iframe>\t\t<\/p>\n","protected":false},"excerpt":{"rendered":"<p>A l&#8217;occasion de son 8\u00e8me anniversaire, l&#8217;Alliance des Patriotes pour la refondation du Congo (Apareco) a organis\u00e9, le 1er juin 2013 \u00e0 Paris, une conf\u00e9rence sur le th\u00e8me &#8220;Les guerres secr\u00e8tes des grandes puissances en Afrique : le cas du Congo&#8221;. Les deux intervenants de cette conf\u00e9rence \u00e9taient: &#8211; Patrick Mbeko, auteur de \u201cLe Canada [&hellip;]<\/p>\n","protected":false},"author":1,"featured_media":5595,"comment_status":"open","ping_status":"open","sticky":false,"template":"","format":"video","meta":{"_acf_changed":false,"content-type":"","footnotes":""},"categories":[148,156,124,133],"tags":[],"class_list":["post-5594","post","type-post","status-publish","format-video","has-post-thumbnail","hentry","category-documents-presse","category-france","category-politique-societe","category-videos","post_format-post-format-video"],"acf":[],"_links":{"self":[{"href":"https:\/\/congolobilelo.com\/IN\/wp-json\/wp\/v2\/posts\/5594","targetHints":{"allow":["GET"]}}],"collection":[{"href":"https:\/\/congolobilelo.com\/IN\/wp-json\/wp\/v2\/posts"}],"about":[{"href":"https:\/\/congolobilelo.com\/IN\/wp-json\/wp\/v2\/types\/post"}],"author":[{"embeddable":true,"href":"https:\/\/congolobilelo.com\/IN\/wp-json\/wp\/v2\/users\/1"}],"replies":[{"embeddable":true,"href":"https:\/\/congolobilelo.com\/IN\/wp-json\/wp\/v2\/comments?post=5594"}],"version-history":[{"count":0,"href":"https:\/\/congolobilelo.com\/IN\/wp-json\/wp\/v2\/posts\/5594\/revisions"}],"wp:featuredmedia":[{"embeddable":true,"href":"https:\/\/congolobilelo.com\/IN\/wp-json\/"}],"wp:attachment":[{"href":"https:\/\/congolobilelo.com\/IN\/wp-json\/wp\/v2\/media?parent=5594"}],"wp:term":[{"taxonomy":"category","embeddable":true,"href":"https:\/\/congolobilelo.com\/IN\/wp-json\/wp\/v2\/categories?post=5594"},{"taxonomy":"post_tag","embeddable":true,"href":"https:\/\/congolobilelo.com\/IN\/wp-json\/wp\/v2\/tags?post=5594"}],"curies":[{"name":"wp","href":"https:\/\/api.w.org\/{rel}","templated":true}]}}