{"id":5587,"date":"2013-06-02T20:14:43","date_gmt":"2013-06-02T20:14:43","guid":{"rendered":"http:\/\/www.ingeta.com\/?p=5587"},"modified":"2013-06-02T20:14:43","modified_gmt":"2013-06-02T20:14:43","slug":"video-du-colloque-international-de-la-diaspora-congolaise-du-11-mai-2013-a-paris","status":"publish","type":"post","link":"https:\/\/congolobilelo.com\/IN\/video-du-colloque-international-de-la-diaspora-congolaise-du-11-mai-2013-a-paris\/","title":{"rendered":"Vid\u00e9o du colloque international de la diaspora congolaise du 11 mai 2013 \u00e0 Paris"},"content":{"rendered":"<p>\t\t\t\tLe colloque international de la diaspora congolaise qui incluait une conf\u00e9rence de Charles Onana, le tout organis\u00e9 par Avenir du Congo &#8211; devoir de m\u00e9moire, s&#8217;est tenu le 11 mai 2013 au th\u00e9\u00e2tre Maurice Ravel \u00e0 Paris.<\/p>\n<p>Th\u00e8mes du Colloque:<br \/>\nLeadership collectif et individuel &#8211; R\u00f4le de la diaspora (et V\u00e9rit\u00e9 des Urnes) &#8211; Crise de la souverainet\u00e9 de la RDC avec comme orateurs l&#8217;Abb\u00e9 Jean-Pierre Mbelu, Ma\u00eetre Rety Hamuli, Kerwin Mayizo et Danielle Lusangu.<\/p>\n<p>Th\u00e8me de la conf\u00e9rence de Charles Onana:<br \/>\n&#8221; Europe, Crimes et censure au Congo. Les Documents qui accusent&#8221; qui est aussi le titre de son dernier ouvrage.<\/p>\n<p><iframe loading=\"lazy\" width=\"560\" height=\"315\" src=\"http:\/\/www.youtube.com\/embed\/za45iVXli80\" frameborder=\"0\" allowfullscreen><\/iframe>\t\t<\/p>\n","protected":false},"excerpt":{"rendered":"<p>Le colloque international de la diaspora congolaise qui incluait une conf\u00e9rence de Charles Onana, le tout organis\u00e9 par Avenir du Congo &#8211; devoir de m\u00e9moire, s&#8217;est tenu le 11 mai 2013 au th\u00e9\u00e2tre Maurice Ravel \u00e0 Paris. Th\u00e8mes du Colloque: Leadership collectif et individuel &#8211; R\u00f4le de la diaspora (et V\u00e9rit\u00e9 des Urnes) &#8211; Crise [&hellip;]<\/p>\n","protected":false},"author":1,"featured_media":5588,"comment_status":"open","ping_status":"open","sticky":false,"template":"","format":"video","meta":{"_acf_changed":false,"content-type":"","footnotes":""},"categories":[148,156,124,133],"tags":[],"class_list":["post-5587","post","type-post","status-publish","format-video","has-post-thumbnail","hentry","category-documents-presse","category-france","category-politique-societe","category-videos","post_format-post-format-video"],"acf":[],"_links":{"self":[{"href":"https:\/\/congolobilelo.com\/IN\/wp-json\/wp\/v2\/posts\/5587","targetHints":{"allow":["GET"]}}],"collection":[{"href":"https:\/\/congolobilelo.com\/IN\/wp-json\/wp\/v2\/posts"}],"about":[{"href":"https:\/\/congolobilelo.com\/IN\/wp-json\/wp\/v2\/types\/post"}],"author":[{"embeddable":true,"href":"https:\/\/congolobilelo.com\/IN\/wp-json\/wp\/v2\/users\/1"}],"replies":[{"embeddable":true,"href":"https:\/\/congolobilelo.com\/IN\/wp-json\/wp\/v2\/comments?post=5587"}],"version-history":[{"count":0,"href":"https:\/\/congolobilelo.com\/IN\/wp-json\/wp\/v2\/posts\/5587\/revisions"}],"wp:featuredmedia":[{"embeddable":true,"href":"https:\/\/congolobilelo.com\/IN\/wp-json\/"}],"wp:attachment":[{"href":"https:\/\/congolobilelo.com\/IN\/wp-json\/wp\/v2\/media?parent=5587"}],"wp:term":[{"taxonomy":"category","embeddable":true,"href":"https:\/\/congolobilelo.com\/IN\/wp-json\/wp\/v2\/categories?post=5587"},{"taxonomy":"post_tag","embeddable":true,"href":"https:\/\/congolobilelo.com\/IN\/wp-json\/wp\/v2\/tags?post=5587"}],"curies":[{"name":"wp","href":"https:\/\/api.w.org\/{rel}","templated":true}]}}