{"id":5560,"date":"2013-05-27T17:54:29","date_gmt":"2013-05-27T17:54:29","guid":{"rendered":"http:\/\/www.ingeta.com\/?p=5560"},"modified":"2013-05-27T17:54:29","modified_gmt":"2013-05-27T17:54:29","slug":"conference-les-guerres-secretes-des-grandes-puissances-en-rdc-paris-le-1er-juin-2013","status":"publish","type":"post","link":"https:\/\/congolobilelo.com\/IN\/conference-les-guerres-secretes-des-grandes-puissances-en-rdc-paris-le-1er-juin-2013\/","title":{"rendered":"Conf\u00e9rence &#8220;les guerres secr\u00e8tes des grandes puissances en RDC&#8221; \u2013 Paris, le 1er juin 2013"},"content":{"rendered":"<p>\t\t\t\tDans le cadre des journ\u00e9es consacr\u00e9es \u00e0 son 8\u00e8 Anniversaire, l&#8217;APARECO organise la conf\u00e9rence \u00ab Guerres secr\u00e8tes des grandes puissances en Afrique : Le cas de la RDC \u00bb, avec comme intervenants<br \/>\nPatrick Mbeko, auteur de <em>&#8220;Le Canada dans les guerres en Afrique centrale&#8221;<\/em><br \/>\nPierre P\u00e9an, auteur de <em>&#8220;Carnages : Les guerres secr\u00e8tes des grandes puissances en Afrique&#8221;<\/em><\/p>\n<p><strong>Date : 1er juin 2013<\/strong><br \/>\n<strong> Heures : de 17h \u00e0 19h<\/strong><br \/>\n<strong>Lieu : Universit\u00e9 de Bobigny (IUT). 1 rue de chablis 93017 BOBIGNY<\/strong><\/p>\n<p>Infos , Contact &amp; r\u00e9servations &#8211; T\u00e9l : 00 6 33 12 13 25 91 \/ Email : jeunesseaparecoapareco@yahoo.fr\t\t<\/p>\n","protected":false},"excerpt":{"rendered":"<p>Dans le cadre des journ\u00e9es consacr\u00e9es \u00e0 son 8\u00e8 Anniversaire, l&#8217;APARECO organise la conf\u00e9rence \u00ab Guerres secr\u00e8tes des grandes puissances en Afrique : Le cas de la RDC \u00bb, avec comme intervenants Patrick Mbeko, auteur de &#8220;Le Canada dans les guerres en Afrique centrale&#8221; Pierre P\u00e9an, auteur de &#8220;Carnages : Les guerres secr\u00e8tes des grandes [&hellip;]<\/p>\n","protected":false},"author":1,"featured_media":5561,"comment_status":"open","ping_status":"open","sticky":false,"template":"","format":"standard","meta":{"_acf_changed":false,"content-type":"","footnotes":""},"categories":[145,156,120,124,127],"tags":[],"class_list":["post-5560","post","type-post","status-publish","format-standard","has-post-thumbnail","hentry","category-conferences-salons","category-france","category-mondialisation","category-politique-societe","category-rencontresdebats"],"acf":[],"_links":{"self":[{"href":"https:\/\/congolobilelo.com\/IN\/wp-json\/wp\/v2\/posts\/5560","targetHints":{"allow":["GET"]}}],"collection":[{"href":"https:\/\/congolobilelo.com\/IN\/wp-json\/wp\/v2\/posts"}],"about":[{"href":"https:\/\/congolobilelo.com\/IN\/wp-json\/wp\/v2\/types\/post"}],"author":[{"embeddable":true,"href":"https:\/\/congolobilelo.com\/IN\/wp-json\/wp\/v2\/users\/1"}],"replies":[{"embeddable":true,"href":"https:\/\/congolobilelo.com\/IN\/wp-json\/wp\/v2\/comments?post=5560"}],"version-history":[{"count":0,"href":"https:\/\/congolobilelo.com\/IN\/wp-json\/wp\/v2\/posts\/5560\/revisions"}],"wp:featuredmedia":[{"embeddable":true,"href":"https:\/\/congolobilelo.com\/IN\/wp-json\/"}],"wp:attachment":[{"href":"https:\/\/congolobilelo.com\/IN\/wp-json\/wp\/v2\/media?parent=5560"}],"wp:term":[{"taxonomy":"category","embeddable":true,"href":"https:\/\/congolobilelo.com\/IN\/wp-json\/wp\/v2\/categories?post=5560"},{"taxonomy":"post_tag","embeddable":true,"href":"https:\/\/congolobilelo.com\/IN\/wp-json\/wp\/v2\/tags?post=5560"}],"curies":[{"name":"wp","href":"https:\/\/api.w.org\/{rel}","templated":true}]}}