{"id":5557,"date":"2013-05-27T17:34:13","date_gmt":"2013-05-27T17:34:13","guid":{"rendered":"http:\/\/www.ingeta.com\/?p=5557"},"modified":"2013-05-27T17:34:13","modified_gmt":"2013-05-27T17:34:13","slug":"la-diplomatie-congolaise-les-esclaves-heureux-et-la-guerre-ideologique","status":"publish","type":"post","link":"https:\/\/congolobilelo.com\/IN\/la-diplomatie-congolaise-les-esclaves-heureux-et-la-guerre-ideologique\/","title":{"rendered":"La diplomatie congolaise, les esclaves heureux et la guerre id\u00e9ologique"},"content":{"rendered":"<p>\t\t\t\tL\u2019analyste politique jean-Pierre Mbelu d\u00e9crypte le balai diplomatique de ces derniers jours en R\u00e9publique d\u00e9mocratique du Congo, expose le probl\u00e8me des esclaves heureux congolais qui participent \u00e0 la ruine du pays et explique pourquoi et comment les minorit\u00e9s organis\u00e9es et agissent doivent prioritairement gagner la guerre id\u00e9ologique pour mettre fin \u00e0 la guerre de basse intensit\u00e9 qui nous est impos\u00e9e.<\/p>\n<p><iframe loading=\"lazy\" src=\"http:\/\/player.vimeo.com\/video\/67017725\" width=\"560\" height=\"315\" frameborder=\"0\" webkitAllowFullScreen mozallowfullscreen allowFullScreen><\/iframe> <\/p>\n<p><a href=\"http:\/\/vimeo.com\/67017725\">Jean-Pierre Mbelu : le huis-clos de Ban Kin-Moon, Kabila, Museveni et Kagame : nos jeunes ont tout compris<\/a> from <a href=\"http:\/\/vimeo.com\/user3390266\">Etienne Ngandu<\/a> on <a href=\"http:\/\/vimeo.com\">Vimeo<\/a>.<\/p>\n<p><strong>Sur la diplomatie de Kinshasa<\/strong><\/p>\n<blockquote><p>Kinshasa n\u2019a pas envie de remporter de victoire diplomatique sur le M23. Le M23, Kinshasa, Kigali, Kampala, c\u2019est blanc bonnet et bonnet blanc. Ces messieurs travaillent main dans la main et servent une m\u00eame cause en roulant dans la farine les plus na\u00effs d\u2019entre nous. Leur cynisme est tel qu\u2019ils vont jusqu\u2019\u00e0 sacrifier certains de nos compatriotes en envoyant des bombes dans des agglom\u00e9rations de l\u2019Est de notre pays.<br \/>\nD\u00e8s que nous tombons dans l\u2019amn\u00e9sie et que nous nous laissons leurrer par les visites de x ou de y, les concertations par ci et par l\u00e0, les multiples accords sign\u00e9s, nous risquons de perdre de vue que la guerre qui est men\u00e9e contre notre pays est une guerre de basse intensit\u00e9 visant la balkanisation du Congo, l\u2019extermination des congolais mais aussi le pillage des mati\u00e8res premi\u00e8res strat\u00e9giques.<\/p><\/blockquote>\n<p><strong>Sur la visite de Ban Ki Moon \u00e0 Kinshasa et l\u2019ONU<\/strong><\/p>\n<blockquote><p>Ces messieurs l\u00e0 ne cherchent pas \u00e0 mettre fin \u00e0 la guerre de basse intensit\u00e9 qui se poursuit au Congo. Mais comme ils sentent maintenant qu\u2019ils sont vus, ils sont en train de chercher comment r\u00e9gler ce probl\u00e8me. Le passage de Ban Ki Moon au Congo ne va rien changer, ne va rien r\u00e9gler. Si Ban Ki Moon voulait s\u2019impliquer r\u00e9ellement chez nous pour qu\u2019il y ait une solution tant soit peu convenable. Il donnerait des conf\u00e9rences de presse, il s\u2019adresserait \u00e0 Kabila en pr\u00e9sence de tout le monde. Or, il ne faut pas oublier que Ban Ki-Moon a eu un huis clos avec Kabila, comme Kabila a eu un huis clos avec Museveni et Kagame.<br \/>\nSi nous ne tenons pas compte de ces rencontres \u00e0 huis clos, nous risquons de nous leurrer. Kagame, Museveni et Kabila ont une mission qu\u2019ils accomplissent. Le bien fond\u00e9 de toutes ces visites est de voir si la mission confi\u00e9e (\u00e0 Kagame, Museveni et Kabila) est men\u00e9e \u00e0 bon port.<\/p><\/blockquote>\n<p><strong>Sur l\u2019importance des livres et des textes dans cette guerre<\/strong><\/p>\n<blockquote><p>Quand vous avez lu le livre de Charles Onana, \u00ab Europe, crimes et censures au Congo : les documents qui accusent \u00bb ; quand vous avez lu le livre d\u2019Alain Deneault \u00ab Noir Canada \u00bb ; quand vous avez lu le livre de Patrick Mbeko, \u00ab Le Canada dans les guerres en Afrique centrale \u00bb ; quand vous avez lu notre livre, \u00ab La RDC face au complot de balkanisation et d\u2019implosion ; mais aussi le livre de Pierre P\u00e9an, \u00ab Carnages : les guerres secr\u00e8tes des grandes puissances \u00bb, vous comprenez mieux ce qui est en train de se passer. Malheureusement, on est en train de nous \u00e9loigner des textes et on nous raconte des histoires. Et nous croyons que ces histoires vont contribuer \u00e0 la fin de la guerre.<br \/>\nPour sortir de la guerre de basse intensit\u00e9, nous avons \u00e0 mettre sur pied un autre syst\u00e8me, \u00e0 refonder l\u2019\u00e9tat congolais. Avec le syst\u00e8me actuel, on peut aller au dialogue intercongolais, on peut mener toutes sortes de n\u00e9gociations, avec les acteurs qui constituent l\u2019Etat profond chez nous (\u00e0 savoir Kagam\u00e9, Kabila, Museveni), la guerre de basse intensit\u00e9 ne prendra pas fin.<\/p><\/blockquote>\n<p><strong>Sur le manque de volont\u00e9 politique des dirigeants des Grands Lacs<\/strong><\/p>\n<blockquote><p>Comment voulez-vous qu\u2019un trio ayant comme r\u00e9f\u00e9rence Adolf Hitler puisse avoir des questions de justice en vue ?<br \/>\nTant que la gestion de cet espace g\u00e9ographique d\u00e9pend de l\u2019ONU et de leurs parrains, il n\u2019y aura pas de justice. Kagame, Museveni et Kabila sont des criminels de guerre, des criminels \u00e9conomiques et des criminels contre l\u2019humanit\u00e9. Ils sont des criminels parce qu\u2019ils n\u2019ont pas encore \u00e9t\u00e9 jug\u00e9s, mais quand vous lisez \u00ab le mythe de la bonne guerre \u00bb de Jacques Pauwels, vous vous rendez compte que les parrains de ces 3 messieurs ont toujours op\u00e9r\u00e9 en tuant, en exterminant les peuples. Le capitalisme du d\u00e9sastre ne peut pas facilement se d\u00e9barrasser des d\u00e9g\u00e2ts humains et de la violence. Ce qui importe, c\u2019est la destruction cr\u00e9atrice : ils d\u00e9truisent pour cr\u00e9er un ordre propre \u00e0 eux. Ils ne tiendront jamais compte des co\u00fbts sociaux et des d\u00e9g\u00e2ts humains.<\/p><\/blockquote>\n<p><strong>Sur la n\u00e9cessit\u00e9 de gagner la guerre id\u00e9ologique<\/strong><\/p>\n<blockquote><p>Que faire ? Il y a n\u00e9cessit\u00e9 de pouvoir cr\u00e9er, initier une bonne d\u00e9sob\u00e9issance civile, partout et \u00e0 travers le monde. Cela doit \u00eatre men\u00e9 au niveau local, provincial, national, sous-r\u00e9gion, continental et mondial. Il serait urgent qu\u2019un mouvement international se cr\u00e9e pour lutter contre le 1% qui est en train d\u2019avilir le monde.<br \/>\nPour ce qui concerne le Congo, les minorit\u00e9s organis\u00e9es et agissantes doivent d\u2019abord et prioritairement gagner la guerre id\u00e9ologique. C&#8217;est-\u00e0-dire, organiser des lieux de rencontres et d\u2019\u00e9changes avec nos populations, avec toutes nos populations, pour pouvoir arriver d\u2019abord \u00e0 cr\u00e9er une bonne masse critique.  Combien de nos compatriotes savent que quand Kabila est all\u00e9 \u00e0 Addis Abeba, il a rencontr\u00e9 Kagame et Museveni \u00e0 huis clos ? Combien de nos compatriotes savent que nos mati\u00e8res premi\u00e8res sont brad\u00e9es \u00e0 vil prix ? Combien de nos compatriotes  savent que la Banque mondiale vient d\u2019octroyer 1 milliard de dollars \u00e0 ceux qui font office de gestionnaires de notre pays ?<br \/>\nUne bonne partie de notre population n\u2019a pas acc\u00e8s \u00e0 l\u2019information. Une bonne information est une bonne arme pour mieux lutter. Mais tant que nos masses populaires seront exclus de l\u2019acc\u00e8s \u00e0 une bonne information, cette guerre de basse intensit\u00e9 risque de durer.<br \/>\nIl y a des actions qui peuvent \u00eatre pr\u00e9vus, il y a aussi le fait qu\u2019\u00e0 un moment donn\u00e9, le peuple refuse de se r\u00e9signer. Parce que la mis\u00e8re va croissant et on ne sait pas ce que notre peuple peut nous r\u00e9server. Mais un travail de communication, d\u2019\u00e9changes et de r\u00e9volution id\u00e9ologique doit pouvoir \u00eatre men\u00e9 petit \u00e0 petit. <\/p><\/blockquote>\n<p><strong>Sur le pr\u00eat de 1 milliard de la banque mondiale<\/strong><\/p>\n<blockquote><p>La banque mondiale participe de la recolonisation \u00e9conomique de notre pays. Cet argent de la banque mondiale sort de quelle caisse ? Un milliard, c\u2019est quoi ?<br \/>\nLa perte estim\u00e9e dans la vente de nos mati\u00e8res premi\u00e8res dans les \u00eeles vierges britanniques \u00e9tait, \u00e0 elle seule, de 1,5 milliards environ. L\u2019argent qui sort de notre pays et qui est stock\u00e9 dans des banques \u00e0 l\u2019ext\u00e9rieur de notre pays d\u00e9passe le 1 milliard l\u00e0. L\u2019argent qui est vol\u00e9 chez nous, puis r\u00e9investi dans le b\u00e2timent, les logements ou les flats d\u00e9passe ce 1 milliard l\u00e0.<br \/>\nLe fond du probl\u00e8me est que l\u2019\u00e9lite dominante anglo-saxonne est en guerre contre la Chine. Les contrats chinois ont \u00e9t\u00e9 gel\u00e9s pour que la Chine ne puisse plus r\u00e9cup\u00e9rer les mati\u00e8res premi\u00e8res du Congo comme elle l\u2019avait pr\u00e9vu maintenant ce sont les USA avec leurs entreprises qui le font. Alors pour chasser ou diminuer l\u2019influence de la Chine au Congo, qui avait pr\u00e9vu 6 \u00e0 9 milliards, la Banque Mondiale vient nous pr\u00eater 1 milliard. C\u2019est une mani\u00e8re de cr\u00e9er une d\u00e9pendance de notre pays, vis-\u00e0-vis des institutions financi\u00e8res internationales, qui ne semble pas le travail qui avait \u00e9t\u00e9 le leur \u00e0 leurs cr\u00e9ations. Ces institutions sont devenues aujourd\u2019hui des agences de l\u2019\u00e9lite dominante anglo-saxonne cherchant \u00e0 pouvoir recoloniser notre pays \u00e9conomiquement. Comme Kigali, Kampala, Kinshasa participent de sa recolonisation politique et militaire.<br \/>\nNous devons avoir cette double dimension de notre recolonisation.<\/p><\/blockquote>\n<p><strong><br \/>\nSur les d\u00e9clarations de Kagam\u00e9 sur les congolais<\/strong><\/p>\n<blockquote><p>Traiter les Congolais d\u2019animaux, permet \u00e0 ceux qui les tuent, sous l\u2019instigation de Kagam\u00e9, Museveni et Kabila, de ne pas avoir de probl\u00e8me de conscience. C\u2019est un processus permanent dans toutes les guerres. La diabolisation de l\u2019ennemi permet \u00e0 celui qui le diabolise de pouvoir le tuer sans remord.<br \/>\nCependant Kagame fait semblant de critiquer Kabila alors qu\u2019ils travaillent ensemble. Et puis quand Kagame se moque des congolais, il fait rigoler. Comment voulez-vous qu\u2019un gar\u00e7on de course de l\u2019\u00e9lite anglo-saxonne se moque des congolais ? Il est mont\u00e9 sur ses grands chevaux, parce qu\u2019il a \u00e9t\u00e9 humili\u00e9 et cette humiliation par les congolais \u00e9tait visible. <\/p><\/blockquote>\n<p><strong>Sur les esclaves heureux congolais<\/strong><\/p>\n<blockquote><p>Cependant, il ne faut pas verser dans la victimisation. Nous ne sommes pas toujours les victimes du Rwanda et de l\u2019\u00e9lite anglo-saxonne. Parce que ceux qui aident ces gens l\u00e0 \u00e0 r\u00e9gner chez nous sont congolais. Il y a toute une clique de congolais gagn\u00e9s \u00e0 la cause de nos envahisseurs. Nous devons pouvoir lutter sans n\u00e9cessairement nous convertir en victimes. Parce que les notres participent \u00e0 notre esclavagisation, parce qu\u2019eux-m\u00eames sont des esclaves heureux.<br \/>\nDu moment qu\u2019on a des jeeps, du moment qu\u2019on peut \u00eatre gard\u00e9s par la police, du moment qu\u2019on peut avoir des flats et construire des maisons \u00e0 gauche et \u00e0 droite, on croit qu\u2019on est d\u00e9j\u00e0 au paradis. M\u00eame si le pays dans lequel on vit est en train de devenir un espace g\u00e9ographique vague.<\/p><\/blockquote>\n<p><strong>Sur le travail des jeunes congolais aujourd\u2019hui<\/strong><\/p>\n<blockquote><p>Dieu merci, nombre de nos jeunes aujourd\u2019hui ont compris ce qui se passe. Et ils s\u2019organisent petit \u00e0 petit pour renverser la vapeur. Et ils vont mener cette lutte jusqu\u2019au bout. Parce qu\u2019ils ont devanc\u00e9 plusieurs d\u2019entre nous dans a r\u00e9volution id\u00e9ologique. Ils ont une grande ma\u00eetrise des questions telles qu\u2019elles sont approfondies aujourd\u2019hui \u00e0 travers leurs petits cercles de r\u00e9flexion. Le travail va se faire sur le court, moyen et long terme. <\/p><\/blockquote>\n<p><strong>Sur le sens de la date du 17 mai 1997<\/strong><\/p>\n<blockquote><p>Le pouvoir au Congo est g\u00e9r\u00e9 par l\u2019ONU. L\u2019afdl, le pprd, rcd et leurs amis assurent le service de s\u00e9curit\u00e9 pour l\u2019ONU. Kabila n\u2019est \u00e0 l\u2019aise qu\u2019\u00e0 c\u00f4t\u00e9 de ses ma\u00eetres. Quand il est face aux congolais, il est renferm\u00e9. Parce qu\u2019il a du m\u00e9pris pour nous. Il n\u2019y a pas que Kagam\u00e9 qui croit que nous sommes des animaux, Kabila aussi. Lui, il croit qu\u2019il est notre chef et que nous sommes des animaux<br \/>\nMais tant que ce sont eux qui, par d\u00e9fi, assurent le service de s\u00e9curit\u00e9 des occupants n\u00e9ocolonialistes au Congo, r\u00e9clamer un quelconque inventaire du bilan de l\u2019afdl depuis le 17 mai 1997 ne sert \u00e0 rien. Mais m\u00eame \u00e0 titre posthume, nos enfants demanderont des comptes \u00e0 ces messieurs l\u00e0.<br \/>\nNotre mis\u00e8re est de vouloir travailler pour voir les r\u00e9sultats. Travaillons pour passer le relais. Passons le relais \u00e0 nos jeunes, \u00e0 nos enfants. Transmettons leurs des documents qu\u2019ils pourront lire demain. Ils feront peut-\u00eatre mieux les choses, parce qu\u2019ils sont en train de mieux comprendre ce qui se passe r\u00e9ellement.<\/p><\/blockquote>\n","protected":false},"excerpt":{"rendered":"<p>L\u2019analyste politique jean-Pierre Mbelu d\u00e9crypte le balai diplomatique de ces derniers jours en R\u00e9publique d\u00e9mocratique du Congo, expose le probl\u00e8me des esclaves heureux congolais qui participent \u00e0 la ruine du pays et explique pourquoi et comment les minorit\u00e9s organis\u00e9es et agissent doivent prioritairement gagner la guerre id\u00e9ologique pour mettre fin \u00e0 la guerre de basse [&hellip;]<\/p>\n","protected":false},"author":1,"featured_media":5558,"comment_status":"open","ping_status":"open","sticky":false,"template":"","format":"standard","meta":{"_acf_changed":false,"content-type":"","footnotes":""},"categories":[107,124],"tags":[],"class_list":["post-5557","post","type-post","status-publish","format-standard","has-post-thumbnail","hentry","category-analyses-commentaires","category-politique-societe"],"acf":[],"_links":{"self":[{"href":"https:\/\/congolobilelo.com\/IN\/wp-json\/wp\/v2\/posts\/5557","targetHints":{"allow":["GET"]}}],"collection":[{"href":"https:\/\/congolobilelo.com\/IN\/wp-json\/wp\/v2\/posts"}],"about":[{"href":"https:\/\/congolobilelo.com\/IN\/wp-json\/wp\/v2\/types\/post"}],"author":[{"embeddable":true,"href":"https:\/\/congolobilelo.com\/IN\/wp-json\/wp\/v2\/users\/1"}],"replies":[{"embeddable":true,"href":"https:\/\/congolobilelo.com\/IN\/wp-json\/wp\/v2\/comments?post=5557"}],"version-history":[{"count":0,"href":"https:\/\/congolobilelo.com\/IN\/wp-json\/wp\/v2\/posts\/5557\/revisions"}],"wp:featuredmedia":[{"embeddable":true,"href":"https:\/\/congolobilelo.com\/IN\/wp-json\/"}],"wp:attachment":[{"href":"https:\/\/congolobilelo.com\/IN\/wp-json\/wp\/v2\/media?parent=5557"}],"wp:term":[{"taxonomy":"category","embeddable":true,"href":"https:\/\/congolobilelo.com\/IN\/wp-json\/wp\/v2\/categories?post=5557"},{"taxonomy":"post_tag","embeddable":true,"href":"https:\/\/congolobilelo.com\/IN\/wp-json\/wp\/v2\/tags?post=5557"}],"curies":[{"name":"wp","href":"https:\/\/api.w.org\/{rel}","templated":true}]}}