{"id":5522,"date":"2013-05-22T12:30:08","date_gmt":"2013-05-22T12:30:08","guid":{"rendered":"http:\/\/www.ingeta.com\/?p=5522"},"modified":"2013-05-22T12:30:08","modified_gmt":"2013-05-22T12:30:08","slug":"la-protection-des-civils-et-les-defis-de-la-reforme-du-secteur-de-la-securite-en-rdc-le-30-mai-2013-a-bruxelles","status":"publish","type":"post","link":"https:\/\/congolobilelo.com\/IN\/la-protection-des-civils-et-les-defis-de-la-reforme-du-secteur-de-la-securite-en-rdc-le-30-mai-2013-a-bruxelles\/","title":{"rendered":"&#8220;La protection des civils et les d\u00e9fis de la r\u00e9forme  du secteur de la s\u00e9curit\u00e9 en RDC&#8221; &#8211; le 30 mai 2013 \u00e0 Bruxelles"},"content":{"rendered":"<p align=\"center\">MEP Mariya Gabriel et le R\u00e9seau Europ\u00e9en pour l\u2019Afrique centrale (EurAc)<\/p>\n<p align=\"center\">vous invitent au s\u00e9minaire<\/p>\n<p align=\"center\"><b>&#8220;La protection des civils et les d\u00e9fis de la r\u00e9forme<\/b><\/p>\n<p align=\"center\"><b>du secteur de la s\u00e9curit\u00e9 en RDC&#8221;<\/b><\/p>\n<p align=\"center\"><b>Parlement Europ\u00e9en<\/b><\/p>\n<p align=\"center\"><b>30 mai 2013<\/b><\/p>\n<p align=\"center\"><b>09h30 \u2013 12h30<\/b><\/p>\n<p align=\"center\"><b>Salle\u00a0JAN 6Q1<\/b><\/p>\n<p><b><span style=\"text-decoration: underline;\">Programme\u00a0:<\/span><\/b><\/p>\n<p>Mots d\u2019ouverture\u00a0:\u00a0\u00a0\u00a0\u00a0\u00a0\u00a0 <b>Mme Mariya Gabriel<\/b> \u2013 Membre du Parlement europ\u00e9en et ancien Chef observateur de la mission d\u2019observation \u00e9lectorale de l\u2019Union europ\u00e9enne en RDC 2011<\/p>\n<p>Intervenants\u00a0:\u00a0\u00a0\u00a0\u00a0\u00a0\u00a0\u00a0\u00a0\u00a0\u00a0\u00a0\u00a0\u00a0 <b>G\u00e9n\u00e9ral Antonio Martins<\/b> \u2013 chef de la mission EUSEC \u00e0 Kinshasa 2010-2012<\/p>\n<p><b>Dr Albert Schnabel<\/b> \u2013 Senior Fellow \u2013 DCAF<\/p>\n<p><b>Mr Emmanuel Kabengele<\/b> \u2013 Coordinateur RRSSJ-RDC<\/p>\n<p><b>Repr\u00e9sentant SEAE <\/b>&#8211; Tbc<\/p>\n<p>Mod\u00e9ration\u00a0:\u00a0\u00a0\u00a0\u00a0\u00a0\u00a0\u00a0\u00a0\u00a0\u00a0\u00a0\u00a0\u00a0\u00a0 <b>Donatella Rostagno<\/b> \u2013 Secr\u00e9taire Ex\u00e9cutif\u00a0 EurAc<\/p>\n<p>Mot de Cl\u00f4ture\u00a0:\u00a0\u00a0\u00a0\u00a0\u00a0\u00a0\u00a0\u00a0\u00a0 <b>Joost van Puijenbroek<\/b> &#8211; Pr\u00e9sident EurAc<\/p>\n<p>R\u00e9ception\u00a0apr\u00e8s le s\u00e9minaire dans la zone de l\u2019exposition photos.<\/p>\n<p><span style=\"text-decoration: underline;\">L\u2019inscription pour le s\u00e9minaire est obligatoire\u00a0: envoyer un mail \u00e0 <\/span><a href=\"mailto:secretariat@eurac-network.org\" target=\"_blank\" rel=\"noopener\">secretariat@eurac-network.org<\/a><span style=\"text-decoration: underline;\"> avec nom, pr\u00e9nom, date de naissance, nationalit\u00e9 et num\u00e9ro d\u2019un document d\u2019identit\u00e9. <\/span><b>Date limite pour les inscriptions 27 mai<\/b><\/p>\n<p>L\u2019exposition des photos\u00a0&#8220;<b>Le quotidien de la r\u00e9forme du secteur de la s\u00e9curit\u00e9 en RDC<\/b>?&#8221; pourra \u00eatre visit\u00e9e <b>du 27 au 30 mai<\/b> au Parlement europ\u00e9en dans <b>l\u2019espace d\u2019exposition ASP3 Zone G balcon 3<sup>\u00e8me<\/sup> \u00e9tage<\/b>.<\/p>\n<p>&nbsp;\t\t<\/p>\n","protected":false},"excerpt":{"rendered":"<p>MEP Mariya Gabriel et le R\u00e9seau Europ\u00e9en pour l\u2019Afrique centrale (EurAc) vous invitent au s\u00e9minaire &#8220;La protection des civils et les d\u00e9fis de la r\u00e9forme du secteur de la s\u00e9curit\u00e9 en RDC&#8221; Parlement Europ\u00e9en 30 mai 2013 09h30 \u2013 12h30 Salle\u00a0JAN 6Q1 Programme\u00a0: Mots d\u2019ouverture\u00a0:\u00a0\u00a0\u00a0\u00a0\u00a0\u00a0 Mme Mariya Gabriel \u2013 Membre du Parlement europ\u00e9en et ancien [&hellip;]<\/p>\n","protected":false},"author":1,"featured_media":5523,"comment_status":"open","ping_status":"open","sticky":false,"template":"","format":"standard","meta":{"_acf_changed":false,"content-type":"","footnotes":""},"categories":[167,145,124],"tags":[],"class_list":["post-5522","post","type-post","status-publish","format-standard","has-post-thumbnail","hentry","category-belgique","category-conferences-salons","category-politique-societe"],"acf":[],"_links":{"self":[{"href":"https:\/\/congolobilelo.com\/IN\/wp-json\/wp\/v2\/posts\/5522","targetHints":{"allow":["GET"]}}],"collection":[{"href":"https:\/\/congolobilelo.com\/IN\/wp-json\/wp\/v2\/posts"}],"about":[{"href":"https:\/\/congolobilelo.com\/IN\/wp-json\/wp\/v2\/types\/post"}],"author":[{"embeddable":true,"href":"https:\/\/congolobilelo.com\/IN\/wp-json\/wp\/v2\/users\/1"}],"replies":[{"embeddable":true,"href":"https:\/\/congolobilelo.com\/IN\/wp-json\/wp\/v2\/comments?post=5522"}],"version-history":[{"count":0,"href":"https:\/\/congolobilelo.com\/IN\/wp-json\/wp\/v2\/posts\/5522\/revisions"}],"wp:featuredmedia":[{"embeddable":true,"href":"https:\/\/congolobilelo.com\/IN\/wp-json\/"}],"wp:attachment":[{"href":"https:\/\/congolobilelo.com\/IN\/wp-json\/wp\/v2\/media?parent=5522"}],"wp:term":[{"taxonomy":"category","embeddable":true,"href":"https:\/\/congolobilelo.com\/IN\/wp-json\/wp\/v2\/categories?post=5522"},{"taxonomy":"post_tag","embeddable":true,"href":"https:\/\/congolobilelo.com\/IN\/wp-json\/wp\/v2\/tags?post=5522"}],"curies":[{"name":"wp","href":"https:\/\/api.w.org\/{rel}","templated":true}]}}