{"id":5510,"date":"2013-05-20T08:49:47","date_gmt":"2013-05-20T08:49:47","guid":{"rendered":"http:\/\/www.ingeta.com\/?p=5510"},"modified":"2013-05-20T08:49:47","modified_gmt":"2013-05-20T08:49:47","slug":"dialogue-national-opposition-processus-electoral-en-rdc-le-ver-est-dans-le-fruit","status":"publish","type":"post","link":"https:\/\/congolobilelo.com\/IN\/dialogue-national-opposition-processus-electoral-en-rdc-le-ver-est-dans-le-fruit\/","title":{"rendered":"Dialogue national, opposition, processus \u00e9lectoral: En RDC, le ver est dans le fruit"},"content":{"rendered":"<p>\t\t\t\tL\u2019analyste politique jean-Pierre Mbelu expose les limites et les incoh\u00e9rences d\u2019un dialogue national intercongolais, souligne comment ceux qui coop\u00e8rent avec les initiateurs de la guerre de basse intensit\u00e9 d\u00e9truisent notre pays de l\u2019int\u00e9rieur et explique pourquoi nous devons sortir le ver qui est dans nos fruits.<\/p>\n<p><iframe loading=\"lazy\" src=\"http:\/\/www.youtube.com\/embed\/Jcp9XDJns9k\" height=\"315\" width=\"560\" allowfullscreen=\"\" frameborder=\"0\"><\/iframe><\/p>\n<p><strong>Sur l\u2019Abb\u00e9 Malu Malu, le processus \u00e9lectoral et la CENI<\/strong><\/p>\n<blockquote><p>Toutes les conditions sont-elles r\u00e9unies pour parler d\u2019un processus \u00e9lectoral digne de ce nom ? Non. Au-del\u00e0 de la question Malu Malu, il y a une question plus importante : Quel Congo, voulons-nous pour demain ?<br \/>\nCe qui est en train de se passer avec Malu Malu est annonciateur de l\u2019ordre ou du d\u00e9sordre qu\u2019il va r\u00e9gner demain. Nous avons la nette impression que les choix (des dirigeants qui sortiront de ces \u00e9lections) sont d\u00e9j\u00e0 faits et on voudrait que nos populations puissent avaliser ces choix l\u00e0. Aller aux \u00e9lections dans un contexte d\u2019ill\u00e9gitimit\u00e9, dans un pays sous occupation de la communaut\u00e9 internationale et des pays voisins, dans un pays o\u00f9 ceux qui sont \u00e0 la t\u00eate r\u00e8gnent par d\u00e9fi, dans un pays o\u00f9 nos masses populaires n\u2019ont pas de contr\u00f4le sur les processus d\u2019identification ni de recensement (qui n\u2019a jamais \u00e9t\u00e9 fait), n\u2019a pas de sens.<\/p><\/blockquote>\n<p><strong>Sur la d\u00e9signation d\u2019un porte-parole de l\u2019opposition<\/strong><\/p>\n<blockquote><p>Au moment o\u00f9 nous parlons un parlementaire, Diomi Ndongala, est en prison sans que son immunit\u00e9 n\u2019ait \u00e9t\u00e9 lev\u00e9e au pr\u00e9alable. Qu\u2019ils soient de l\u2019opposition ou de la majorit\u00e9, les parlementaires sont issus d\u2019un processus biais\u00e9 et ill\u00e9gitime. Nous n\u2019avons pas jusqu\u2019\u00e0 ce jour d\u2019opposition digne de ce nom qui se bat pour que notre pays puisse se sortir du bourbier. Malgr\u00e9 le bruit qu\u2019ils font, et m\u00eame avec la d\u00e9signation d\u2019un pr\u00e9sident de l\u2019opposition, on ne voit pas en quoi ils jouent un r\u00f4le parlementaire pouvant aider nos populations clochardis\u00e9es \u00e0 sortir du gouffre sans fond o\u00f9 elles sont en train de s\u2019enfoncer aujourd\u2019hui. Ils font du bruit pour quelle fin ?<\/p><\/blockquote>\n<p><strong>Sur la Banque mondiale et la solution \u00e0 la guerre<\/strong><\/p>\n<blockquote><p>Est-ce que ce sont les dirigeants de la sous-r\u00e9gion des grands lacs ou de l\u2019Afrique australe qui ont commandit\u00e9 la guerre de basse intensit\u00e9 ? Comment peuvent-il trouver des solutions l\u00e0 o\u00f9 ils n\u2019ont pas \u00e9t\u00e9 des acteurs majeurs ?<br \/>\nPour que le Congo puisse sortir de la guerre de basse intensit\u00e9 qui lui est impos\u00e9e, nous avons besoin de faire la v\u00e9rit\u00e9 sur ce qu\u2019il y a eu r\u00e9ellement.<br \/>\nSi aujourd\u2019hui, on nous fait croire, comme la Banque Mondiale, que c\u2019est aux dirigeants de la sous-r\u00e9gion de trouver des solutions \u00e0 cette guerre, on n\u2019ira pas loin. Parce qu\u2019ils ont \u00e9t\u00e9 des marionnettes. Sans l\u2019implication des acteurs pl\u00e9niers, nous risquons de nous leurrer.<\/p><\/blockquote>\n<p><strong>Sur les strat\u00e9gies de la guerre<\/strong><\/p>\n<blockquote><p>Il est important de se documenter pour pouvoir comprendre \u00e0 quoi sert une guerre et pourquoi \u00e0 certains moments, elle est men\u00e9e par des pays interpos\u00e9s. Si on ne comprend pas ces questions, il nous sera difficile de trouver des issues \u00e0 la guerre permanente que nous subissons.<br \/>\nLes pays impliqu\u00e9s dans le m\u00e9canisme de suivi des accords d\u2019Addis Abeba sont pour la plupart impliqu\u00e9s dans la guerre.<\/p><\/blockquote>\n<p><strong>Sur l\u2019ouverture prochaine du dialogue national intercongolais<\/strong><\/p>\n<blockquote><p>Il ne peut y avoir de coh\u00e9sion nationale sans un minimum de confiance (de nos populations dans ceux qui pr\u00e9tendent \u00eatre nos gouvernants), mais aussi sans un minimum de justice sociale. La question aujourd\u2019hui n\u2019est pas celle de la balkanisation, la question est : qui g\u00e8re ce pays et pour quelle fin ?<\/p><\/blockquote>\n<p><strong>Sur les concertations et la poursuite de la guerre de basse intensit\u00e9<\/strong><\/p>\n<blockquote><p>Ceux qui travaillent \u00e0 la balkanisation du Congo sont au c\u0153ur des institutions qui convoquent le dialogue : Le ver est dans le fruit. Il est important que le ver qui est dans nos fruits puisse \u00eatre sorti.<br \/>\nCeux qui coop\u00e8rent avec les initiateurs de la guerre de basse intensit\u00e9 d\u00e9truisent notre pays de l\u2019int\u00e9rieur. Toutes ces concertations sont organis\u00e9es pour pouvoir poursuivre le processus de balkanisation et d\u2019implosion de notre pays. N\u2019oublions pas que les commanditaires de cette guerre, les alli\u00e9s pl\u00e9niers de cette guerre et leurs marionnettes ont planifi\u00e9 la destruction de notre pays et son pillage sur le court, moyen et long terme.<\/p><\/blockquote>\n<p><strong>Sur la pr\u00e9sence de Kagam\u00e9 \u00e0 Londres<\/strong><\/p>\n<blockquote><p>Il a \u00e9t\u00e9 re\u00e7u dans une universit\u00e9 britannique. Ce sont des signes qui ne mentent pas. Les universit\u00e9s sont les lieux du savoir. Accueillir Kagam\u00e9 dans un tel lieu du savoir avec tout ce qu\u2019il a comme sang dans les mains devrait nous interpeller. Pour que nous puissions comprendre que seul Kagam\u00e9 ne peut rien. C\u2019est parce qu\u2019il travaille avec ces pays anglo-saxons qu\u2019il est orgueilleux et qu\u2019il poursuit la mission qui lui a \u00e9t\u00e9 confi\u00e9e.<br \/>\nNos compatriotes ont essay\u00e9 de manifester leur col\u00e8re, mais ils devraient aller un peu plus loin que la col\u00e8re : Pourquoi ce monsieur est-il re\u00e7u dans les universit\u00e9s anglo-saxonnes ? On en revient \u00e0 la question des initiateurs de cette guerre.<br \/>\nKagame est une machine \u00e0 tuer. Il est fort quand il est arm\u00e9, mais mains nues, c\u2019est un homme qui a peur. Et ceux qui l\u2019ont re\u00e7u savent que les congolais sont en col\u00e8re mais ils s\u2019en moquent. Parce que ce qu\u2019ils vont toucher apr\u00e8s la visite de Kagam\u00e9 va r\u00e9parer les d\u00e9g\u00e2ts ou ce qu\u2019ils ont d\u00e9pens\u00e9 pour le service de police et de s\u00e9curit\u00e9 par exemple.<\/p><\/blockquote>\n<p><strong>Sur le sens de nos manifestations<\/strong><\/p>\n<blockquote><p>Nous devons aller au-del\u00e0 de ce que nous voyons : qu\u2019est-ce que Kagam\u00e9 est all\u00e9 encore recevoir comme mission pendant que Ban Ki Moon et la Banque Mondiale se pavanent chez nous ?<br \/>\nNos manifestations sont des moments o\u00f9 nous nous mettons debout pour crier notre ras-le-bol. Mais nous ne devrions pas nous limiter \u00e0 la col\u00e8re. Nous devrions aller au del\u00e0. Comment faire pour que ceux qui re\u00e7oivent Kagam\u00e9 comprennent qu\u2019au lieu de tuer, au lieu de piller, il y a moyen de passer par des voies normales pour que le commerce auquel ils voudraient avoir acc\u00e8s se fasse convenablement.<\/p><\/blockquote>\n<p><strong>Sur le cas Diomi Ndongala<\/strong><\/p>\n<blockquote><p>Ils ont tu\u00e9 Chebeya, ils ont tu\u00e9 Bazana. Ce sont des machines \u00e0 tuer. Vont-ils se laisser \u00e9mouvoir par une gr\u00e8ve de la faim ? Assur\u00e9ment non. Ils sont cyniques. Il y a Diomi. Il y a aussi les autres prisonniers politiques\u2026 Mais presque tout notre pays est une vaste prison, \u00e0 ciel ouvert. Combien de nos compatriotes meurent presque chaque jour parce qu\u2019ils ne peuvent pas manger, parce qu\u2019ils ne peuvent pas se soigner, parce qu\u2019ils peuvent avoir acc\u00e8s aux droits \u00e9l\u00e9mentaires ?<\/p><\/blockquote>\n<p><strong>Sur la cr\u00e9ation de Lumumbaville<\/strong> <\/p>\n<blockquote><p>Si nous ne tenons que de la motivation, il \u00e9tait temps qu\u2019une ville soit d\u00e9di\u00e9e \u00e0 notre h\u00e9ros national. Or, les villes qui existent d\u00e9j\u00e0 ne sont pas entretenues, et ces messieurs l\u00e0 n\u2019en sont pas \u00e0 leurs premi\u00e8res promesses. On ne peut pas multiplier le nombre de villes sans dire comment les moyens pourront \u00eatre disponibles pour leurs constructions\u2026<\/p><\/blockquote>\n","protected":false},"excerpt":{"rendered":"<p>L\u2019analyste politique jean-Pierre Mbelu expose les limites et les incoh\u00e9rences d\u2019un dialogue national intercongolais, souligne comment ceux qui coop\u00e8rent avec les initiateurs de la guerre de basse intensit\u00e9 d\u00e9truisent notre pays de l\u2019int\u00e9rieur et explique pourquoi nous devons sortir le ver qui est dans nos fruits. Sur l\u2019Abb\u00e9 Malu Malu, le processus \u00e9lectoral et la [&hellip;]<\/p>\n","protected":false},"author":1,"featured_media":5511,"comment_status":"open","ping_status":"open","sticky":false,"template":"","format":"standard","meta":{"_acf_changed":false,"content-type":"","footnotes":""},"categories":[107,124],"tags":[],"class_list":["post-5510","post","type-post","status-publish","format-standard","has-post-thumbnail","hentry","category-analyses-commentaires","category-politique-societe"],"acf":[],"_links":{"self":[{"href":"https:\/\/congolobilelo.com\/IN\/wp-json\/wp\/v2\/posts\/5510","targetHints":{"allow":["GET"]}}],"collection":[{"href":"https:\/\/congolobilelo.com\/IN\/wp-json\/wp\/v2\/posts"}],"about":[{"href":"https:\/\/congolobilelo.com\/IN\/wp-json\/wp\/v2\/types\/post"}],"author":[{"embeddable":true,"href":"https:\/\/congolobilelo.com\/IN\/wp-json\/wp\/v2\/users\/1"}],"replies":[{"embeddable":true,"href":"https:\/\/congolobilelo.com\/IN\/wp-json\/wp\/v2\/comments?post=5510"}],"version-history":[{"count":0,"href":"https:\/\/congolobilelo.com\/IN\/wp-json\/wp\/v2\/posts\/5510\/revisions"}],"wp:featuredmedia":[{"embeddable":true,"href":"https:\/\/congolobilelo.com\/IN\/wp-json\/"}],"wp:attachment":[{"href":"https:\/\/congolobilelo.com\/IN\/wp-json\/wp\/v2\/media?parent=5510"}],"wp:term":[{"taxonomy":"category","embeddable":true,"href":"https:\/\/congolobilelo.com\/IN\/wp-json\/wp\/v2\/categories?post=5510"},{"taxonomy":"post_tag","embeddable":true,"href":"https:\/\/congolobilelo.com\/IN\/wp-json\/wp\/v2\/tags?post=5510"}],"curies":[{"name":"wp","href":"https:\/\/api.w.org\/{rel}","templated":true}]}}