{"id":5506,"date":"2013-05-17T21:02:54","date_gmt":"2013-05-17T21:02:54","guid":{"rendered":"http:\/\/www.ingeta.com\/?p=5506"},"modified":"2013-05-17T21:02:54","modified_gmt":"2013-05-17T21:02:54","slug":"le-17-mai-1997-seloigne-lamnesie-et-lignorance-semblent-gagner","status":"publish","type":"post","link":"https:\/\/congolobilelo.com\/IN\/le-17-mai-1997-seloigne-lamnesie-et-lignorance-semblent-gagner\/","title":{"rendered":"Le 17 mai 1997 s\u2019\u00e9loigne, l\u2019amn\u00e9sie et l\u2019ignorance semblent gagner"},"content":{"rendered":"<p>\t\t\t\t<em>Par Jean-Pierre Mbelu<\/em><br \/>\n<strong><br \/>\nAu fur et \u00e0 mesure que s\u2019\u00e9loigne la date du 17 mai 1997, date au cours de laquelle notre pays fut \u00ab lib\u00e9r\u00e9 \u00bb, plusieurs d\u2019entre nous plongent dans l\u2019amn\u00e9sie et dans l\u2019ignorance, la lobotomisation aidant.  L\u2019auto-flagellation revient au galop. Les Congolais(es) ayant r\u00e9ussi \u00e0 mettre \u00e0 nu un complot de la balkanisation et de l\u2019implosion  de leur pays sont, souvent sans exception, qualifi\u00e9(e)s  de tous les noms d\u2019oiseaux.  <\/strong><\/p>\n<p>L\u2019\u00e9lite compradore au service  des acteurs majeurs et alli\u00e9s pl\u00e9niers revient sur le devant de la sc\u00e8ne en vue de falsifier notre histoire et de faire des pyromanes les pompiers du feu bout\u00e9 \u00e0 la maison Congo. Dieu merci ! Les minorit\u00e9s organis\u00e9es et agissantes ne dorment ni ne sommeillent. Elles viennent de remettre sur Internet un document  r\u00e9dig\u00e9 \u00e0 partir des preuves du juge espagnol Fernando Andreu Merelles dans l\u2019assassinat de ses compatriotes par le FPR au Rwanda. Ce document semble \u00eatre un appel \u00e0 la vigilance et \u00e0 la gu\u00e9rison contre toute forme d\u2019amn\u00e9sie et d\u2019ignorance. Il montre comment \u00e0 partir des strat\u00e9gies, des tactiques, des m\u00e9thodes et des moyens bien concoct\u00e9s par l\u2019\u00e9lite dominante anglo-saxons (et ses alli\u00e9s)  une planification de l\u2019occupation et de l\u2019implosion de la sous-r\u00e9gion des Grands-Lacs africains a \u00e9t\u00e9 men\u00e9e. Et qui dit planification dit entre autres une \u00e9tude de haut vol \u00e0 court, moyen et long terme visant \u00e0 atteindre des objectifs pr\u00e9cis. Qui dit planification dit aussi adaptation ou r\u00e9vision patiente du plan du d\u00e9part en fonction des impr\u00e9vus. Il dit  adaptation ou r\u00e9vision des strat\u00e9gies, des tactiques, des m\u00e9thodes, des moyens, etc.  A ce  point nomm\u00e9, le d\u00e9cervelage par m\u00e9dias (ou intellos) interpos\u00e9s est l\u2019une des tactiques (et ou strat\u00e9gies) efficace  \u00e0 laquelle recourent les alli\u00e9s pl\u00e9niers. Sur ce point, plusieurs m\u00e9dias kinois r\u00e9pondent positivement. Ils participent de ce travail de d\u00e9cervelage conduisant \u00e0 l\u2019amn\u00e9sie et \u00e0 l\u2019ignorance. Certains m\u00e9dias  congolais alternatifs sont en train d\u2019\u00eatre pris dans le m\u00eame pi\u00e8ge. Pourquoi ? Parce que la lutte des id\u00e9es est plus difficile \u00e0 gagner que celle des armes. Celle-ci ne peut \u00eatre gagn\u00e9e que si les esprits et les c\u0153urs ont \u00e9t\u00e9 mang\u00e9s par l\u2019id\u00e9ologie dominante port\u00e9e par l\u2019\u00e9lite dominante et ses valets.<\/p>\n<p>Voil\u00e0 pourquoi la vigilance doit \u00eatre de mise.<\/p>\n<p>Revenons au cas du Congo. L\u2019\u00e9volution de la situation chez nous ne semble pas augurer des lendemains qui chantent. La r\u00e9f\u00e9rence  permanente \u00e0 l\u2019Accord-cadre d\u2019Addis-Abeba  donnent des sueurs froides aux minorit\u00e9s organis\u00e9es et agissantes. Elles retrouvent, dans le m\u00e9canisme de suivi de cet accord, les pays et les criminels impliqu\u00e9s dans la planification de l\u2019occupation et de l\u2019implosion du Congo et  du remodelage anglo-saxon de la sous-r\u00e9gion des Grands-Lacs africains. Au Congo, un membre du FPR, Joseph Kabila, fait semblant de mettre sur pied un m\u00e9canisme de suivi de cet Accord-cadre apr\u00e8s avoir fait des dignes fils de notre peuple ses propres prisonniers politiques.<\/p>\n<p>L\u2019implication de l\u2019ONU dans la fameuse brigade d\u2019intervention \u00e0 l\u2019Est  semble convaincre plusieurs d\u2019entre nous que la guerre de basse intensit\u00e9 men\u00e9e contre notre pays touche \u00e0 sa fin. Une rigolade ! Les membres du M23 ont infiltr\u00e9 les FARDC. Ils rejoignent ceux du RCD et du CNDP qui \u00e9taient d\u00e9j\u00e0 l\u00e0 pour que l\u2019extermination de nos populations se poursuive par le  banditisme, les hommes en uniforme non autrement identifi\u00e9s, les milices en divagation, etc. Nous avons, pour plusieurs d\u2019entre nous, de la peine \u00e0 comprendre que les  commanditaires et les initiateurs du remodelage de la sous-r\u00e9gion des Grands-Lacs africains travaillent sur  le court, moyen   et long terme. Et que nous n\u2019avons rien \u00e0 attendre de leurs marionnettes  oeuvrant dans nos institutions ; qu\u2019ils soient de l\u2019 AFDL, du RCD, du CNDP, du PPRD ou d\u2019autres partis politiques ou mouvements sociaux satellites. D\u2019o\u00f9 l\u2019importance d\u2019une alternative cr\u00e9dible planifiant les choses sur le court, moyen et long terme.<\/p>\n<p>Une guerre planifi\u00e9e prend du temps et cherche, psychologiquement \u00e0 casser  les ressorts de r\u00e9sistance d\u2019un peuple (congolais) luttant  mains nues. A force de prendre du temps et de cacher ses objectifs, elle peut mener \u00e0 l\u2019auto-flagellation et \u00e0 la haine de soi ; ou \u00e0 la disqualification du peuple au profit des \u00ab experts \u00bb  cens\u00e9s savoir ce qui est bien et d\u00e9mocratique pour tous.<\/p>\n<p>A ce point nomm\u00e9, les minorit\u00e9s organis\u00e9es et agissantes doivent pouvoir \u00eatre vigilantes et renvoyer aux textes. La tendance facile \u00e0 lire notre histoire collective mentalement, \u00e0 partir de petits commentaires des m\u00e9diamensonges sans r\u00e9f\u00e9rence aux documents historiques (comme les preuves du juge espagnol susmentionn\u00e9) ,fait partie du d\u00e9cervelage de notre peuple et ses r\u00e9sistants. D\u2019o\u00f9 l\u2019urgence d\u2019une mise sur pied formel ou informel d\u2019un leadership collectif visionnaire, des m\u00e9dias alternatifs inform\u00e9s sur la planification du remodelage de la sous-r\u00e9gion des Grands-Lacs africains   et de l\u2019\u00e9veil des masses  critiques \u00e0 m\u00eame d\u2019une r\u00e9volution mettant hors d\u2019\u00e9tat d\u2019agir et les planificateurs et les collabos de notre commune disparition comme peuple historique. Un leadership collectif r\u00e9unit des comp\u00e9tences pouvant faire des propositions diff\u00e9rentes concourant  \u00e0 la sortie du cercle vicieux de notre commune humiliation et de notre esclavage sur la terre de nos anc\u00eatres. Il op\u00e8re \u00e0 partir du choc des id\u00e9es formelles et informelles. En marge de toute lobotomisation et de toute agencification occidentale avilissante. Le recours aux textes reste incontournable dans notre lutte d\u2019\u00e9mancipation contre les forces de la morts internes et externes.<\/p>\n<p><em>Mbelu Babanya<\/em><br \/>\n&#8212;&#8212;&#8212;&#8212;&#8212;&#8212;&#8212;&#8212;&#8212;&#8212;<br \/>\n1. Ce document est intitul\u00e9 : \u00ab G\u00e9nocide rwandais : le peuple crie justice ! \u00bb Il date de 2008 et encore d\u2019actualit\u00e9.<br \/>\n2. Lire  J. KANKWENDA MBAYA, La  R\u00e9publique D\u00e9mocratique du Congo face au complot de balkanisation et d\u2019implosion, Kinshasa, Iccredes, 2013.\t\t<\/p>\n","protected":false},"excerpt":{"rendered":"<p>Par Jean-Pierre Mbelu Au fur et \u00e0 mesure que s\u2019\u00e9loigne la date du 17 mai 1997, date au cours de laquelle notre pays fut \u00ab lib\u00e9r\u00e9 \u00bb, plusieurs d\u2019entre nous plongent dans l\u2019amn\u00e9sie et dans l\u2019ignorance, la lobotomisation aidant. L\u2019auto-flagellation revient au galop. Les Congolais(es) ayant r\u00e9ussi \u00e0 mettre \u00e0 nu un complot de la [&hellip;]<\/p>\n","protected":false},"author":1,"featured_media":5507,"comment_status":"open","ping_status":"open","sticky":false,"template":"","format":"standard","meta":{"_acf_changed":false,"content-type":"","footnotes":""},"categories":[107,124],"tags":[],"class_list":["post-5506","post","type-post","status-publish","format-standard","has-post-thumbnail","hentry","category-analyses-commentaires","category-politique-societe"],"acf":[],"_links":{"self":[{"href":"https:\/\/congolobilelo.com\/IN\/wp-json\/wp\/v2\/posts\/5506","targetHints":{"allow":["GET"]}}],"collection":[{"href":"https:\/\/congolobilelo.com\/IN\/wp-json\/wp\/v2\/posts"}],"about":[{"href":"https:\/\/congolobilelo.com\/IN\/wp-json\/wp\/v2\/types\/post"}],"author":[{"embeddable":true,"href":"https:\/\/congolobilelo.com\/IN\/wp-json\/wp\/v2\/users\/1"}],"replies":[{"embeddable":true,"href":"https:\/\/congolobilelo.com\/IN\/wp-json\/wp\/v2\/comments?post=5506"}],"version-history":[{"count":0,"href":"https:\/\/congolobilelo.com\/IN\/wp-json\/wp\/v2\/posts\/5506\/revisions"}],"wp:featuredmedia":[{"embeddable":true,"href":"https:\/\/congolobilelo.com\/IN\/wp-json\/"}],"wp:attachment":[{"href":"https:\/\/congolobilelo.com\/IN\/wp-json\/wp\/v2\/media?parent=5506"}],"wp:term":[{"taxonomy":"category","embeddable":true,"href":"https:\/\/congolobilelo.com\/IN\/wp-json\/wp\/v2\/categories?post=5506"},{"taxonomy":"post_tag","embeddable":true,"href":"https:\/\/congolobilelo.com\/IN\/wp-json\/wp\/v2\/tags?post=5506"}],"curies":[{"name":"wp","href":"https:\/\/api.w.org\/{rel}","templated":true}]}}