{"id":5485,"date":"2013-05-13T17:29:23","date_gmt":"2013-05-13T17:29:23","guid":{"rendered":"http:\/\/www.ingeta.com\/?p=5485"},"modified":"2013-05-13T17:29:23","modified_gmt":"2013-05-13T17:29:23","slug":"la-rdc-et-la-guerre-dont-le-rwanda-louganda-sont-des-pieges-suite-fin","status":"publish","type":"post","link":"https:\/\/congolobilelo.com\/IN\/la-rdc-et-la-guerre-dont-le-rwanda-louganda-sont-des-pieges-suite-fin\/","title":{"rendered":"La RDC et la guerre dont le Rwanda &#038; l\u2019Ouganda sont des pi\u00e8ges (suite &#038; fin)"},"content":{"rendered":"<p>\t\t\t\tPar Jean-Pierre Mbelu.<\/p>\n<p><strong>La conversion politique citoyenne n\u2019est pas tribale ou ethnique. Elle est humaine. Elle est la voie d\u2019acc\u00e8s \u00e0 l\u2019humain et\/ou \u00e0 l\u2019humanisation. Les lectures culturalistes, imp\u00e9rialistes et n\u00e9ocoloniales de la politique ont d\u00e9voy\u00e9 son approche humaniste et humanisante par leurs experts et leurs machines \u00e0 tuer interpos\u00e9s. L\u2019inculture, l\u2019ignorance, la lobotomisation et la paresse intellectuelle n\u2019arrangent pas les choses. Elles freinent, en RDC, dans la sous-r\u00e9gion des Grands-Lacs et dans plusieurs pays africains, l\u2019av\u00e8nement d\u2019un mouvement f\u00e9d\u00e9rateur port\u00e9 par un leadership collectif visionnaire et une masse critique r\u00e9volutionnaire.<\/strong><\/p>\n<p>Dans le cours \u00e9l\u00e9mentaire de philosophie politique, nous apprenons avec Aristote que l\u2019homme est un animal politique. Pourquoi ? \u00ab Seul de tous les animaux, l\u2019homme poss\u00e8de la parole. \u00bb Et \u00ab l\u2019homme est d\u00e9fini comme animal politique parce qu\u2019en plus de la fonction vocative du cri animal exprimant peine ou plainte, il est dot\u00e9 d\u2019un langage articul\u00e9, susceptible d\u2019\u00e9noncer, \u00e0 partir de la peine et du plaisir, ce qui est juste et injuste, tol\u00e9rable ou intol\u00e9rable. L\u2019acc\u00e8s au politique, c\u2019est-\u00e0-dire \u00e0 la vie de la Cit\u00e9 au sens d\u2019espace commun d\u2019engagement pour l\u2019int\u00e9r\u00eat g\u00e9n\u00e9ral, est propos\u00e9 ici non comme une donn\u00e9e contingente et relative \u00e0 une culture, grecque en l\u2019occurrence mais comme ce qui fait le propre de l\u2019humanisation des animaux parlants que nous sommes, la condition m\u00eame de notre acc\u00e8s \u00e0 l\u2019humain. [1]\u00bb Pour dire les choses autrement, l\u2019acc\u00e8s \u00e0 l\u2019humain et\/ou l\u2019humanisation des animaux parlants est un processus politique propre au genre humain. N\u00e9anmoins, s\u2019y engager de mani\u00e8re permanente demande une conversion politique permanente, une politisation permanente des animaux parlants. Et ceci n\u2019est pas la sp\u00e9cificit\u00e9 d\u2019une race, d\u2019un peuple ou d\u2019une culture.<\/p>\n<p>&nbsp;<\/p>\n<p>Les races et les cultures ayant op\u00e9r\u00e9 \u00ab le vol de l\u2019histoire [2]\u00bb ont voulu nous faire croire que \u00ab la libert\u00e9 (humaine) \u00e9tait leur invention [3]\u00bb malgr\u00e9 les t\u00e9moignages historiques de leur ensauvagement[4]. Disons donc qu\u2019op\u00e9rer la conversion politique pour s\u2019humaniser est une op\u00e9ration \u00e9thique exigeant beaucoup de discipline, de courage, de pers\u00e9v\u00e9rance et un grand esprit d\u2019abn\u00e9gation ; \u00e0 l\u2019\u00e9cole des humanistes pass\u00e9s et pr\u00e9sents. Une lecture culturaliste de la politique peut enfermer l\u2019homme (et la collectivit\u00e9) dans la race, l\u2019ethnie et la tribu et cr\u00e9er des antagonismes et des divisions entravant l\u2019acc\u00e8s \u00e0 son humanisation pour ne lui laisser que sa capacit\u00e9 purement animale d\u2019exprimer la peine ou le plaisir. (La confiscation de l\u2019espace public et des institutions judiciaires par les marionnettes de l\u2019ordre imp\u00e9rialiste et n\u00e9ocolonial participe de cette animalisation de l\u2019homme dans notre pays et ailleurs.)<\/p>\n<p>&nbsp;<\/p>\n<p>Une lecture imp\u00e9rialiste et colonialiste de la politique peut partir de sa lecture culturaliste pour exclure certains peuples, certaines races, certaines ethnies ou tribus, ou encore certaines cat\u00e9gories sociales, \u00ab ces \u00eatres humains qui ne pourront \u00eatre utilis\u00e9s \u00bb de l\u2019acc\u00e8s \u00e0 leur humanisation. (\u00ab Le milliardaire am\u00e9ricain Warren Buffett a d\u00e9clar\u00e9 il y a quelques ann\u00e9es, non sans humour, qu&#8217;il existait &#8220;bel et bien une guerre des classes mais c&#8217;est ma classe, la classe des riches qui fait la guerre et c&#8217;est nous qui gagnons&#8221;. [5]\u00bb) L\u2019inculture, l\u2019ignorance, la manipulation entretenue par la culture h\u00e9g\u00e9monique dominante peuvent constituer des canaux par lesquels cette lecture imp\u00e9rialiste et colonialiste passe pour \u00ab manger les c\u0153urs et les esprits \u00bb. D\u2019o\u00f9 l\u2019urgence d\u2019une r\u00e9volution id\u00e9ologique comme premi\u00e8re \u00e9tape indispensable \u00e0 toute entreprise intellectuelle contre \u00ab le viol de l\u2019imaginaire \u00bb.<\/p>\n<p>&nbsp;<\/p>\n<p>En quoi consiste-t-elle ?<br \/>\nIl ne s\u2019agit pas de choisir entre la confrontation ou la compromission avec les imp\u00e9rialistes ou les colonialistes. Non. Il s\u2019agit de nous arracher \u00e0 leur id\u00e9ologie telle qu\u2019elle est v\u00e9hicul\u00e9e par leurs experts pour retrouver la voie de notre humanisation individuelle et collective par la r\u00e9cup\u00e9ration de notre facult\u00e9 de d\u00e9battre , d\u2019\u00e9changer et de d\u00e9cider ensemble sur les questions concernant notre int\u00e9r\u00eat g\u00e9n\u00e9ral, notre vivre-ensemble en le refondant sur des bases saines de la souverainet\u00e9, de la solidarit\u00e9 et de la coop\u00e9ration. Nous ensauvager, tribaliser ou ethniciser la conversion politique citoyenne est une fa\u00e7on de cautionner les lectures culturalistes, imp\u00e9rialistes et colonialistes de la politique et toutes les cons\u00e9quences qui en d\u00e9coulent. Comme par exemple, ces guerres entre les riches et les pauvres par marionnettes interpos\u00e9es et abusivement d\u00e9nomm\u00e9es \u00ab guerres ethniques \u00bb ou \u00ab guerres contre le terrorisme \u00bb, \u00ab guerre du bien contre le mal \u00bb, \u00ab guerres humanitaires \u00bb, etc. Sans cet arri\u00e8re-fond appr\u00e9hendant l\u2019homme comme \u00ab animal \u00e0 politiser en permanence \u00bb, il nous semble difficile de comprendre de la guerre de basse intensit\u00e9 qui se m\u00e8ne dans notre pays, dans toute la sous-r\u00e9gion des Grands-Lacs et dans d\u2019autres pays africains.<\/p>\n<p>&nbsp;<\/p>\n<p>Il nous semble difficile de comprendre ce qui se passe dans notre pays sans une \u00e9tude s\u00e9rieuse de la strat\u00e9gie de cette guerre de basse intensit\u00e9 et de la manipulation des appartenances tribales et ethniques des populations de la sous-r\u00e9gion des Grands-Lacs africains. Une \u00e9tude allant dans ce sens peut aboutir au constat selon lequel cette guerre a des dimensions n\u00e9ocoloniale et raciste tr\u00e8s prononc\u00e9es. Dans un documentaire intitul\u00e9 \u00ab Le conflit au Congo. La v\u00e9rit\u00e9 d\u00e9voil\u00e9e \u00bb, entre la quinzi\u00e8me et la dix-septi\u00e8me minute, un professeur am\u00e9ricain soutient que le Rwanda fait aujourd\u2019hui au Congo ce qu\u2019eux ne savent plus faire. Le Rwanda peut envoyer ses fils mourir au front pour leurs int\u00e9r\u00eats (anglo-saxons).<br \/>\nEn d\u2019autres termes, nos populations noires faisant partie de \u00ab ces milliards d\u2019\u00eatres humains sur terre qui ne pourront jamais \u00eatre utilis\u00e9s \u00bb, selon un \u00e9conomiste anglo-saxon, Ian Angeli, les exterminer par une guerre de basse intensit\u00e9 donnant acc\u00e8s aux mati\u00e8res premi\u00e8res strat\u00e9giques, cela vaut la peine. C\u2019est moralement cynique mais \u00ab strat\u00e9giquement \u00bb correct.<\/p>\n<p>&nbsp;<\/p>\n<p>Tel est le contexte dans lequel disserter sur les pratiques imp\u00e9rialistes et n\u00e9ocoloniales devient une action urgente. La r\u00e9volution id\u00e9ologique pr\u00e9sidant \u00e0 la cr\u00e9ation de la masse critique en d\u00e9pend. \u00ab Informer, rendre transparentes les pratiques des ma\u00eetres, \u00e9crit Jean Ziegler, est la t\u00e2che premi\u00e8re de l\u2019intellectuel. Les vampires craignent comme de la peste la lumi\u00e8re du jour.[6] \u00bb Une bonne approche des pratiques des \u00ab ma\u00eetres \u00bb peut f\u00e9conder de bonnes actions transformatrices de notre vivre-ensemble. M\u00eame si cela g\u00eanent terriblement les experts de ces \u00ab ma\u00eetres du monde \u00bb et ceux qui leur ob\u00e9issent par inculture, par ignorance, par lobotomisation et\/ou tout simplement par paresse intellectuelle.<\/p>\n<p>&nbsp;<\/p>\n<p><em>Mbelu Babanya Kabudi<\/em><\/p>\n<hr align=\"left\" size=\"1\" width=\"33%\" \/>\n<p>&nbsp;<\/p>\n<div>\n<div><a title=\"\" name=\"13e9d3799703465c__ftn1\"><\/a><span style=\"font-size: 10.0pt; font-family: 'Times New Roman';\">[1]<\/span> M. HANSOTTE, <i>Les intelligences citoyennes. Comment se prend et s\u2019invente la parole collective<\/i>, Bruxelles, De Boeck Universit\u00e9, 2002,p.18.<\/div>\n<\/div>\n<p>&nbsp;<\/p>\n<div>\n<div><a title=\"\" name=\"13e9d3799703465c__ftn2\"><\/a><span style=\"font-size: 10.0pt; font-family: 'Times New Roman';\">[2]<\/span> J. GOODY, <i>Le vol de l\u2019histoire. Comment l\u2019Europe a impos\u00e9 le r\u00e9cit de son pass\u00e9 au reste du monde<\/i>, tr. de l\u2019anglais par Fabienne Durand-Bogaert, Paris, Gallimard, 2006.<\/div>\n<\/div>\n<p>&nbsp;<\/p>\n<div>\n<div><a title=\"\" name=\"13e9d3799703465c__ftn3\"><\/a><span style=\"font-size: 10.0pt; font-family: 'Times New Roman';\">[3]<\/span> Lire A. SEN, <i>La d\u00e9mocratie des autres. Pourquoi la libert\u00e9 n\u2019est pas une invention de l\u2019Occident<\/i>, tr.\u00a0 de\u00a0 l\u2019am\u00e9ricain par Monique B\u00e9got, Paris, Payot, 2005.<\/div>\n<\/div>\n<p>&nbsp;<\/p>\n<div>\n<div><a title=\"\" name=\"13e9d3799703465c__ftn4\"><\/a><span style=\"font-size: 10.0pt; font-family: 'Times New Roman';\">[4]<\/span> Lire T. DELPECH, <i>L\u2019ensauvagement. Le retour de la barbarie au XXIe\u00a0 si\u00e8cle<\/i>, Paris, Grasset,\u00a0 2005. Lire aussi E. MORIN, <i>Cultures et\u00a0\u00a0 barbarie europ\u00e9ennes<\/i>, Paris, Bayard, 2005.<\/div>\n<\/div>\n<p>&nbsp;<\/p>\n<div>\n<div class=\"MsoNormal\" style=\"margin-right: 1.0cm; text-align: justify;\"><a title=\"\" name=\"13e9d3799703465c__ftn5\"><\/a><span style=\"font-size: 12.0pt; font-family: 'Times New Roman';\">[5]<\/span> <span style=\"font-size: 11pt; font-family: Arial; border: 1pt none windowtext; padding: 0cm;\">En savoir plus sur\u00a0<\/span><a href=\"http:\/\/www.atlantico.fr\/decryptage\/warren-buffett-t-raison-quand-affirme-que-lutte-classes-existe-et-que-sont-riches-qui-sont-en-train-gagner-vincent-gaulejac-592382.html#2FxfPW4GQG8V0obk.99 \"><span style=\"font-size: 11.0pt; font-family: Arial; border: none windowtext 1.0pt; padding: 0cm;\"><span style=\"color: windowtext;\">http:\/\/www.atlantico.fr\/<wbr \/>decryptage\/warren-buffett-t-<wbr \/>raison-quand-affirme-que-<wbr \/>lutte-classes-existe-et-que-<wbr \/>sont-riches-qui-sont-en-train-<wbr \/>gagner-vincent-gaulejac-<wbr \/>592382.html#2FxfPW4GQG8V0obk.<wbr \/>99<\/span>\u00a0<\/span><\/a><\/div>\n<\/div>\n<p><a title=\"\" name=\"13e9d3799703465c__ftn6\"><\/a><span style=\"font-size: 10.0pt; font-family: 'Times New Roman';\">[6]<\/span> J. ZIEGLER, <i>L\u2019empire de la honte<\/i>, Paris, Fayard, 2005, p. 320.\t\t<\/p>\n","protected":false},"excerpt":{"rendered":"<p>Par Jean-Pierre Mbelu. La conversion politique citoyenne n\u2019est pas tribale ou ethnique. Elle est humaine. Elle est la voie d\u2019acc\u00e8s \u00e0 l\u2019humain et\/ou \u00e0 l\u2019humanisation. Les lectures culturalistes, imp\u00e9rialistes et n\u00e9ocoloniales de la politique ont d\u00e9voy\u00e9 son approche humaniste et humanisante par leurs experts et leurs machines \u00e0 tuer interpos\u00e9s. L\u2019inculture, l\u2019ignorance, la lobotomisation et [&hellip;]<\/p>\n","protected":false},"author":1,"featured_media":5486,"comment_status":"open","ping_status":"open","sticky":false,"template":"","format":"standard","meta":{"_acf_changed":false,"content-type":"","footnotes":""},"categories":[107,124],"tags":[],"class_list":["post-5485","post","type-post","status-publish","format-standard","has-post-thumbnail","hentry","category-analyses-commentaires","category-politique-societe"],"acf":[],"_links":{"self":[{"href":"https:\/\/congolobilelo.com\/IN\/wp-json\/wp\/v2\/posts\/5485","targetHints":{"allow":["GET"]}}],"collection":[{"href":"https:\/\/congolobilelo.com\/IN\/wp-json\/wp\/v2\/posts"}],"about":[{"href":"https:\/\/congolobilelo.com\/IN\/wp-json\/wp\/v2\/types\/post"}],"author":[{"embeddable":true,"href":"https:\/\/congolobilelo.com\/IN\/wp-json\/wp\/v2\/users\/1"}],"replies":[{"embeddable":true,"href":"https:\/\/congolobilelo.com\/IN\/wp-json\/wp\/v2\/comments?post=5485"}],"version-history":[{"count":0,"href":"https:\/\/congolobilelo.com\/IN\/wp-json\/wp\/v2\/posts\/5485\/revisions"}],"wp:featuredmedia":[{"embeddable":true,"href":"https:\/\/congolobilelo.com\/IN\/wp-json\/"}],"wp:attachment":[{"href":"https:\/\/congolobilelo.com\/IN\/wp-json\/wp\/v2\/media?parent=5485"}],"wp:term":[{"taxonomy":"category","embeddable":true,"href":"https:\/\/congolobilelo.com\/IN\/wp-json\/wp\/v2\/categories?post=5485"},{"taxonomy":"post_tag","embeddable":true,"href":"https:\/\/congolobilelo.com\/IN\/wp-json\/wp\/v2\/tags?post=5485"}],"curies":[{"name":"wp","href":"https:\/\/api.w.org\/{rel}","templated":true}]}}