{"id":5471,"date":"2013-05-11T21:49:46","date_gmt":"2013-05-11T21:49:46","guid":{"rendered":"http:\/\/www.ingeta.com\/?p=5471"},"modified":"2013-05-11T21:49:46","modified_gmt":"2013-05-11T21:49:46","slug":"10-mai-2013-la-brigade-speciale-de-lonu-deja-a-goma","status":"publish","type":"post","link":"https:\/\/congolobilelo.com\/IN\/10-mai-2013-la-brigade-speciale-de-lonu-deja-a-goma\/","title":{"rendered":"10 mai 2013: La brigade sp\u00e9ciale de l&#8217;ONU d\u00e9j\u00e0 \u00e0 Goma"},"content":{"rendered":"<p>\t\t\t\tPar <a href=\"http:\/\/chantalfaida.blogspot.fr\/2013\/05\/brigade-speciale-de-lonu-deja-gomardc.html\">Chantal Faida Mulenga-byuma<\/a><\/p>\n<p>Ils sont dans nos murs \u00e0 Goma depuis hier 10 mai 2013. Ils, ce sont les militaires tanzaniens (Une centaine) qui feront parties de la brigade d&#8217;intervention sp\u00e9ciale de l&#8217;ONU (sud-africains, malawites et tanzaniens) qui sera charg\u00e9e de ramener la paix &#8211; longtemps attendue par la population &#8211; en neutralisant, d\u00e9sarmant et traquant toutes les forces n\u00e9gatives qui s\u00e9vissent dans la r\u00e9gion.<\/p>\n<p>Le chef d&#8217;Etat major, le g\u00e9n\u00e9ral James Mwakibolwa (Tanzanien) assure que tous les \u00e9quipements sont d\u00e9j\u00e0 en place et que l&#8217;autre effectif\u00a0 compos\u00e9 d&#8217;\u00e9l\u00e9ments qui vont constituer la force arrive incessamment sans donner des pr\u00e9cisions sur la date de leur arriv\u00e9e.<\/p>\n<p>Est-ce la solution idoine aux probl\u00e8mes de guerre interminables et injustes? Doit-on renvoyer les concertations nationales sur les \u00e9tats g\u00e9n\u00e9raux de la RDC aux calendes grecques?<\/p>\n<p><em>&#8220;Pendant qu&#8217;il faisait le pitre en se prenant au s\u00e9rieux, la souffrance et l&#8217;ins\u00e9curit\u00e9 sociales s&#8217;\u00e9tendaient avec des ricanements de faucheuse, nos oligarques du pouvoir et de l&#8217;avoir se gavaient en conjurant leur peur intime de l&#8217;avenir, tandis que notre pays devenait comme absent au monde, rendu pitoyable ou mis\u00e9rable par le ridicule de ses dirigeants, leur irresponsabilit\u00e9 et leur inculture.&#8221;<\/em> Edwy Plenel.\t\t<\/p>\n","protected":false},"excerpt":{"rendered":"<p>Par Chantal Faida Mulenga-byuma Ils sont dans nos murs \u00e0 Goma depuis hier 10 mai 2013. Ils, ce sont les militaires tanzaniens (Une centaine) qui feront parties de la brigade d&#8217;intervention sp\u00e9ciale de l&#8217;ONU (sud-africains, malawites et tanzaniens) qui sera charg\u00e9e de ramener la paix &#8211; longtemps attendue par la population &#8211; en neutralisant, d\u00e9sarmant [&hellip;]<\/p>\n","protected":false},"author":1,"featured_media":5472,"comment_status":"open","ping_status":"open","sticky":false,"template":"","format":"standard","meta":{"_acf_changed":false,"content-type":"","footnotes":""},"categories":[160,124,162],"tags":[],"class_list":["post-5471","post","type-post","status-publish","format-standard","has-post-thumbnail","hentry","category-nouvelles-front-est","category-politique-societe","category-rd-congo"],"acf":[],"_links":{"self":[{"href":"https:\/\/congolobilelo.com\/IN\/wp-json\/wp\/v2\/posts\/5471","targetHints":{"allow":["GET"]}}],"collection":[{"href":"https:\/\/congolobilelo.com\/IN\/wp-json\/wp\/v2\/posts"}],"about":[{"href":"https:\/\/congolobilelo.com\/IN\/wp-json\/wp\/v2\/types\/post"}],"author":[{"embeddable":true,"href":"https:\/\/congolobilelo.com\/IN\/wp-json\/wp\/v2\/users\/1"}],"replies":[{"embeddable":true,"href":"https:\/\/congolobilelo.com\/IN\/wp-json\/wp\/v2\/comments?post=5471"}],"version-history":[{"count":0,"href":"https:\/\/congolobilelo.com\/IN\/wp-json\/wp\/v2\/posts\/5471\/revisions"}],"wp:featuredmedia":[{"embeddable":true,"href":"https:\/\/congolobilelo.com\/IN\/wp-json\/"}],"wp:attachment":[{"href":"https:\/\/congolobilelo.com\/IN\/wp-json\/wp\/v2\/media?parent=5471"}],"wp:term":[{"taxonomy":"category","embeddable":true,"href":"https:\/\/congolobilelo.com\/IN\/wp-json\/wp\/v2\/categories?post=5471"},{"taxonomy":"post_tag","embeddable":true,"href":"https:\/\/congolobilelo.com\/IN\/wp-json\/wp\/v2\/tags?post=5471"}],"curies":[{"name":"wp","href":"https:\/\/api.w.org\/{rel}","templated":true}]}}