{"id":5464,"date":"2013-05-09T05:08:43","date_gmt":"2013-05-09T05:08:43","guid":{"rendered":"http:\/\/www.ingeta.com\/?p=5464"},"modified":"2013-05-09T05:08:43","modified_gmt":"2013-05-09T05:08:43","slug":"les-otages-et-morts-oublies-du-gouvernement-congolais","status":"publish","type":"post","link":"https:\/\/congolobilelo.com\/IN\/les-otages-et-morts-oublies-du-gouvernement-congolais\/","title":{"rendered":"Les otages et morts &#8220;oubli\u00e9s&#8221; du gouvernement congolais"},"content":{"rendered":"<p>\t\t\t\t<em>Par <a href=\"http:\/\/chantalfaida.blogspot.fr\/2013\/05\/les-otages-et-morts-oublies-du.html\">Chantal Faida Mulenga-byuma<\/a><\/em><\/p>\n<p><strong>Au Nord-Kivu, on tue, vole, on viole, on incendie des villages entiers sous le regard indiff\u00e9rent des autorit\u00e9s comp\u00e9tentes. <\/strong><\/p>\n<p>Ce vendredi 19 Avril 2013 , \u00e0 Mamunidioma, localit\u00e9 situ\u00e9e \u00e0 plus ou moins cinquante kilom\u00e8tres au nord-est de B\u00e9ni, on a enregistr\u00e9 un ni\u00e8me cas d\u2019enl\u00e8vement. Cette fois, trente civils ont \u00e9t\u00e9 captur\u00e9s par des ravisseurs inconnus.<br \/>\nLa soci\u00e9t\u00e9 civile de la localit\u00e9 affirme que plus de cent personnes qui ont \u00e9t\u00e9 kidnapp\u00e9es en une ann\u00e9e sont demeur\u00e9es introuvables jusqu\u2019\u00e0 ce jour. Le 20 octobre 2012, trois pr\u00eatres assomptionnistes, Jean-Pierre Ndulani, Anselme Kakule Wasukundi et Edmond Kisughu ainsi que la sentinelle du presbyt\u00e8re de la Paroisse Notre Dame des Pauvres \u00e0 Mbau toujours \u00e0 B\u00e9ni ont \u00e9t\u00e9 enlev\u00e9s dans des circonstances non \u00e9lucid\u00e9es. Puis c\u2019est un rapt de 8 civils revenant des champs qui a eu lieu le 11 f\u00e9vrier 2013.<\/p>\n<p>A en croire les diff\u00e9rents rapports des organisations des droits humains, on suspecte les rebelles ougandais ADF-NALU, ou milices locales revendiquant la v\u00e9rit\u00e9 des urnes, d\u2019\u00eatre \u00e0 l\u2019origine de ces enl\u00e8vements r\u00e9currents.<br \/>\nEn mars dernier, \u00e0 Kitshanga, ville situ\u00e9e \u00e0 80 km \u00e0 l\u2019ouest de Goma, un conflit sanglant a oppos\u00e9 les FARDC aux miliciens mai mai APCLS (Arm\u00e9e Populaire pour Un Congo Libre et Souverain). Selon le rapport du CICR Nord-Kivu, le bilan est de pr\u00e8s de 200 morts, nombreux bless\u00e9s et cent cinquante maisons ont \u00e9t\u00e9 incendi\u00e9es. A ce jour, la population vit toujours la peur au ventre car les miliciens mai mai APCLS contr\u00f4lent toujours certains villages proches de la cit\u00e9 Kitshanga.<\/p>\n<p><strong>Enclencher l\u2019enqu\u00eate signifie affaire class\u00e9e<\/strong><\/p>\n<p>Le comportement d\u2019indiff\u00e9rence du gouvernement congolais pour trouver les assaillants commanditaires de tous ces actes ignobles perp\u00e9tr\u00e9s contre la population civile du Nord-Kivu ne fait qu\u2019\u00e9chauffer les esprits.<br \/>\nDans les m\u00e9dias et autres meetings populaires, les autorit\u00e9s r\u00e9p\u00e8tent sans cesse que des op\u00e9rations sont en cours pour \u00e9clairer l\u2019opinion et sanctionner \u00e9ventuellement les auteurs. En r\u00e9alit\u00e9, on attendra sans doute des mois et des mois, voire des ann\u00e9es avant que justice ne soit faite ou que les familles des victimes ne retrouvent leurs proches.<\/p>\n<p>Sous d\u2019autres cieux, la vie humaine est sacr\u00e9e. Mais en RDC, il n\u2019en n\u2019est pas question. C\u2019est le dernier des soucis de ceux qui ont mission et mandat de garantir la s\u00e9curit\u00e9 sans discrimination aucune \u00e0 toute la population. En tout cas, si l\u2019enfer avait un nom, la RDC lui conviendrait tr\u00e8s bien. De sources dignes de foi, les milices qui s\u00e9vissent dans l\u2019est de la RDC n\u2019ont qu\u2019une seule demande : \u00eatre \u00e9cout\u00e9es sur la question de gouvernance d\u00e9mocratique.<\/p>\n<p>En d\u00e9cembre 2012, le chef de l\u2019Etat congolais avait promis l\u2019organisation dans un court d\u00e9lai du forum national des forces vives pour faire les \u00e9tats g\u00e9n\u00e9raux de la RDC en vue de renforcer la coh\u00e9sion nationale, gage de la construction de la gouvernance. Il y a donc urgence, le Dialogue national ne doit pas rester un v\u0153u pieux.\t\t<\/p>\n","protected":false},"excerpt":{"rendered":"<p>Par Chantal Faida Mulenga-byuma Au Nord-Kivu, on tue, vole, on viole, on incendie des villages entiers sous le regard indiff\u00e9rent des autorit\u00e9s comp\u00e9tentes. Ce vendredi 19 Avril 2013 , \u00e0 Mamunidioma, localit\u00e9 situ\u00e9e \u00e0 plus ou moins cinquante kilom\u00e8tres au nord-est de B\u00e9ni, on a enregistr\u00e9 un ni\u00e8me cas d\u2019enl\u00e8vement. Cette fois, trente civils ont [&hellip;]<\/p>\n","protected":false},"author":1,"featured_media":5468,"comment_status":"open","ping_status":"open","sticky":false,"template":"","format":"standard","meta":{"_acf_changed":false,"content-type":"","footnotes":""},"categories":[160,124,162],"tags":[],"class_list":["post-5464","post","type-post","status-publish","format-standard","has-post-thumbnail","hentry","category-nouvelles-front-est","category-politique-societe","category-rd-congo"],"acf":[],"_links":{"self":[{"href":"https:\/\/congolobilelo.com\/IN\/wp-json\/wp\/v2\/posts\/5464","targetHints":{"allow":["GET"]}}],"collection":[{"href":"https:\/\/congolobilelo.com\/IN\/wp-json\/wp\/v2\/posts"}],"about":[{"href":"https:\/\/congolobilelo.com\/IN\/wp-json\/wp\/v2\/types\/post"}],"author":[{"embeddable":true,"href":"https:\/\/congolobilelo.com\/IN\/wp-json\/wp\/v2\/users\/1"}],"replies":[{"embeddable":true,"href":"https:\/\/congolobilelo.com\/IN\/wp-json\/wp\/v2\/comments?post=5464"}],"version-history":[{"count":0,"href":"https:\/\/congolobilelo.com\/IN\/wp-json\/wp\/v2\/posts\/5464\/revisions"}],"wp:featuredmedia":[{"embeddable":true,"href":"https:\/\/congolobilelo.com\/IN\/wp-json\/"}],"wp:attachment":[{"href":"https:\/\/congolobilelo.com\/IN\/wp-json\/wp\/v2\/media?parent=5464"}],"wp:term":[{"taxonomy":"category","embeddable":true,"href":"https:\/\/congolobilelo.com\/IN\/wp-json\/wp\/v2\/categories?post=5464"},{"taxonomy":"post_tag","embeddable":true,"href":"https:\/\/congolobilelo.com\/IN\/wp-json\/wp\/v2\/tags?post=5464"}],"curies":[{"name":"wp","href":"https:\/\/api.w.org\/{rel}","templated":true}]}}