{"id":5451,"date":"2013-05-09T11:32:07","date_gmt":"2013-05-09T11:32:07","guid":{"rendered":"http:\/\/www.ingeta.com\/?p=5451"},"modified":"2013-05-09T11:32:07","modified_gmt":"2013-05-09T11:32:07","slug":"quand-la-jeunesse-congolaise-ecrit-au-parlement-rwandais","status":"publish","type":"post","link":"https:\/\/congolobilelo.com\/IN\/quand-la-jeunesse-congolaise-ecrit-au-parlement-rwandais\/","title":{"rendered":"Quand la jeunesse congolaise \u00e9crit au parlement rwandais"},"content":{"rendered":"<p>\t\t\t\t<strong>Lettre ouverte du <a href=\"http:\/\/www.cojeskinetwork.org\/\">COJESKI-RDC*<\/a> au parlement rwandais: &#8220;Le rwanda est un \u00e9tat mercenaire en R\u00e9publique d\u00e9mocratique du Congo&#8221;, le 7 mai 2013.<\/strong><\/p>\n<p>Honorable Pr\u00e9sident du S\u00e9nat,<br \/>\nHonorable Pr\u00e9sidente de l\u2019Assembl\u00e9e Nationale,<\/p>\n<p>La Jeunesse de la R\u00e9publique D\u00e9mocratique du Congo r\u00e9unie au sein du Collectif des Organisations des Jeunes Solidaires du Congo-Kinshasa, COJESKI-RDC en sigle, a accueilli avec amertume, d\u00e9solation et d\u00e9ception le Rapport du Parlement Rwandais publi\u00e9 en Kinyarwanda2 le 11 f\u00e9vrier 2013 et qui fait suite aux all\u00e9gations de la Communaut\u00e9 Internationale qui accuserait le Rwanda d\u2019appuyer en hommes et en armes la r\u00e9bellion du M23 qui s\u00e9vit \u00e0 l\u2019est de la RDC depuis plusieurs mois, intitul\u00e9 \u00abRapport sur les injustices que le Rwanda subi \u00e0 cause de l\u2019ins\u00e9curit\u00e9 qui r\u00e8gne \u00e0 l\u2019est de la R\u00e9publique D\u00e9mocratique du Congo\u00bb.<\/p>\n<p>Honorable Pr\u00e9sident du S\u00e9nat,<br \/>\nHonorable Pr\u00e9sidente de l\u2019Assembl\u00e9e Nationale,<\/p>\n<p>A travers votre Rapport susmentionn\u00e9, les D\u00e9put\u00e9s Rwandais disent vouloir pr\u00e9senter les raisons qui poussent la Communaut\u00e9 Internationale \u00e0 rejeter toutes les explications donn\u00e9es par le Rwanda sur la situation \u00e0 l\u2019est de la R\u00e9publique D\u00e9mocratique du Congo. A cette occasion, le Parlement Rwandais a annonc\u00e9 avoir fait le point sur ces accusations de la Communaut\u00e9 Internationale, par cons\u00e9quent avait publi\u00e9 ses propres conclusions suite aux nombreuses recherches, au cours desquelles des \u00ab \u00e9minentes personnalit\u00e9s \u00bb du r\u00e9gime Paul KAGAME ont \u00e9t\u00e9 longuement et soigneusement entendus.<\/p>\n<p>Le Parlement Rwandais, dans son rapport, s\u2019est permis de citer des associations de d\u00e9fense des droits de l\u2019homme et de la soci\u00e9t\u00e9 civile surtout Rwandaise et Congolaise, en les qualifiant des \u00ab groupes n\u00e9gationnistes \u00bb. Il s\u2019agit notamment d\u2018AVICA (Assistance aux Victimes des Conflits en Afrique centrale); CLIIR (Centre de Lutte contre l\u2019Impunit\u00e9 et l\u2019Injustice au Rwanda) de Belgique, APARECO (\u201cAlliance des patriotes pour la refondation du Congo\u201d), Pro Justitia Rwanda (Pays-Bas); Justice et R\u00e9conciliation, Ibukabose (France), Collectif des Victimes des crimes de masse commis dans la R\u00e9gion des Grands Lacs Africains \u201cCOVIGLA\u201d (France), FEIDAR (F\u00e9d\u00e9ration Internationale des Associations Rwandaises (France),COJESKI (Collectif d\u2019organisations des jeunes solidaires du Congo-Kinshasa), etc.<\/p>\n<p>A travers leur Rapport, les D\u00e9put\u00e9s Rwandais se sont \u00e9galement permis de pointer du doigt l\u2019hebdomadaire \u201cMARIANNE\u201d, le mensuel \u201cAfrika International\u201d, le quotidien \u00abThe Guardian \u00bb qui seraient selon eux, \u00ab les v\u00e9ritables propagateurs du sentiment anti Rwanda, anti FPR, et anti tutsi \u00bb (p.109-110). Les auteurs s\u2019en prennent ensuite aux nombreux journalistes, qu\u2019ils accusent de diffamer le Rwanda, de nier le g\u00e9nocide tutsi, et voient le Rwanda comme \u00ab l\u2019instigateur (nyirabayazana) des troubles sans fin qui minent la r\u00e9gion des Grands Lacs \u00bb. Il s\u2019agit entre autre de Pierre PEAN, Charles ONANA, Marie-Roger BILOA,Stephen SMITH (France), Peter VERLINDEN (Belgique), Robin PHILPOT (Canada), Thierry VIRCOULON (d\u2019ICG). A ces hommes des m\u00e9dias, le rapport a ajout\u00e9 les repr\u00e9sentants des ONG \u201cAMNESTY INTERNATIONAL\u201d et \u201cGLOBAL WITNESS\u201d. Le Rapport a \u00e9galement cit\u00e9, l\u2019Abb\u00e9 Serge DESOUTER, le professeur Bernard LUGAN, Mme Madeleine RAFFIN (Vice pr\u00e9sidente de la France-Turquoise), l\u2019Allemand Dr Helmut STRIZEK, etc.<\/p>\n<p><a href=\"http:\/\/www.ingeta.com\/wp-content\/uploads\/2013\/05\/Lettre-Ouverte-du-COJESKI-RDC-au-Parlement-Rwandais-07-Mai-2013.pdf\">T\u00e9l\u00e9charger<\/a> l&#8217;int\u00e9gralit\u00e9 de la lettre ouverte.<\/p>\n<p>[document file=&#8221;http:\/\/www.ingeta.com\/wp-content\/uploads\/2013\/05\/Lettre-Ouverte-du-COJESKI-RDC-au-Parlement-Rwandais-07-Mai-2013.pdf&#8221; width=&#8221;600&#8243; height=&#8221;400&#8243;]<\/p>\n<p><em>*Le COJESKI-RDC est une plateforme nationale compos\u00e9e de 340 Organisations des Jeunes, op\u00e9rationnelle dans toutes les provinces du pays. (<a href=\"http:\/\/www.cojeskinetwork.org\">www.cojeskinetwork.org<\/a> ).<br \/>\n<\/em>\t\t<\/p>\n","protected":false},"excerpt":{"rendered":"<p>Lettre ouverte du COJESKI-RDC* au parlement rwandais: &#8220;Le rwanda est un \u00e9tat mercenaire en R\u00e9publique d\u00e9mocratique du Congo&#8221;, le 7 mai 2013. Honorable Pr\u00e9sident du S\u00e9nat, Honorable Pr\u00e9sidente de l\u2019Assembl\u00e9e Nationale, La Jeunesse de la R\u00e9publique D\u00e9mocratique du Congo r\u00e9unie au sein du Collectif des Organisations des Jeunes Solidaires du Congo-Kinshasa, COJESKI-RDC en sigle, a [&hellip;]<\/p>\n","protected":false},"author":1,"featured_media":5453,"comment_status":"open","ping_status":"open","sticky":false,"template":"","format":"standard","meta":{"_acf_changed":false,"content-type":"","footnotes":""},"categories":[122,124,162],"tags":[],"class_list":["post-5451","post","type-post","status-publish","format-standard","has-post-thumbnail","hentry","category-news-alertes","category-politique-societe","category-rd-congo"],"acf":[],"_links":{"self":[{"href":"https:\/\/congolobilelo.com\/IN\/wp-json\/wp\/v2\/posts\/5451","targetHints":{"allow":["GET"]}}],"collection":[{"href":"https:\/\/congolobilelo.com\/IN\/wp-json\/wp\/v2\/posts"}],"about":[{"href":"https:\/\/congolobilelo.com\/IN\/wp-json\/wp\/v2\/types\/post"}],"author":[{"embeddable":true,"href":"https:\/\/congolobilelo.com\/IN\/wp-json\/wp\/v2\/users\/1"}],"replies":[{"embeddable":true,"href":"https:\/\/congolobilelo.com\/IN\/wp-json\/wp\/v2\/comments?post=5451"}],"version-history":[{"count":0,"href":"https:\/\/congolobilelo.com\/IN\/wp-json\/wp\/v2\/posts\/5451\/revisions"}],"wp:featuredmedia":[{"embeddable":true,"href":"https:\/\/congolobilelo.com\/IN\/wp-json\/"}],"wp:attachment":[{"href":"https:\/\/congolobilelo.com\/IN\/wp-json\/wp\/v2\/media?parent=5451"}],"wp:term":[{"taxonomy":"category","embeddable":true,"href":"https:\/\/congolobilelo.com\/IN\/wp-json\/wp\/v2\/categories?post=5451"},{"taxonomy":"post_tag","embeddable":true,"href":"https:\/\/congolobilelo.com\/IN\/wp-json\/wp\/v2\/tags?post=5451"}],"curies":[{"name":"wp","href":"https:\/\/api.w.org\/{rel}","templated":true}]}}