{"id":5435,"date":"2013-05-08T05:43:03","date_gmt":"2013-05-08T05:43:03","guid":{"rendered":"http:\/\/www.ingeta.com\/?p=5435"},"modified":"2013-05-08T05:43:03","modified_gmt":"2013-05-08T05:43:03","slug":"conference-la-tragedie-congolaise-avec-m-onana-18-mai-2013-a-tours","status":"publish","type":"post","link":"https:\/\/congolobilelo.com\/IN\/conference-la-tragedie-congolaise-avec-m-onana-18-mai-2013-a-tours\/","title":{"rendered":"Conf\u00e9rence &#8221; La trag\u00e9die congolaise&#8221; avec M. Onana &#8211; 18 mai 2013 \u00e0 Tours"},"content":{"rendered":"<p>\t\t\t\tL\u2019association UMOJA KONGO organise dans le cadre de sa campagne de sensibilisation contre les viols massifs des femmes et pour la promotion de la d\u00e9mocratie en r\u00e9publique d\u00e9mocratique du Congo,<\/p>\n<p><strong>Une conf\u00e9rence-d\u00e9bat anim\u00e9e par Charles Onana<br \/>\nle samedi 18 mai \u00e0 18 h au Centre de vie du sanitas<br \/>\n10 place neuve \u2013 37000 Tours.<\/strong><\/p>\n<p><a href=\"http:\/\/www.ingeta.com\/wp-content\/uploads\/2013\/05\/onana.jpg\"><img loading=\"lazy\" decoding=\"async\" class=\"alignleft size-medium wp-image-5436\" alt=\"onana\" src=\"http:\/\/www.ingeta.com\/wp-content\/uploads\/2013\/05\/onana-259x300.jpg\" width=\"259\" height=\"300\" \/><\/a>Et le dimanche 19 mai de 9H30 \u00e0 15h, en compagnie des personnalit\u00e9s de la diaspora Congolaise et des associations Femmes du Kivu, Umoja Kongo, Coalition Patrice Lumumba et Elikia, au si\u00e8ge de l\u2019association Umoja Kongo \u00e0 la place St Paul, une r\u00e9union de travail sur la mutualisation des moyens dans le but de mettre en place une strat\u00e9gie commune pour L\u2019instauration de la d\u00e9mocratie.<\/p>\n<p>A partir de 15 h Repas de fraternit\u00e9<\/p>\n<p>Compte tenu du fait que les participants \u00e0 la r\u00e9union du dimanche seront h\u00e9berg\u00e9s, Les personnalit\u00e9s ou les associations qui souhaitent y participer, doivent nous contacter avant le mercredi 15 mai.<\/p>\n<p>Pour plus d&#8217;informations: 06 67 51 94 47. \t\t<\/p>\n","protected":false},"excerpt":{"rendered":"<p>L\u2019association UMOJA KONGO organise dans le cadre de sa campagne de sensibilisation contre les viols massifs des femmes et pour la promotion de la d\u00e9mocratie en r\u00e9publique d\u00e9mocratique du Congo, Une conf\u00e9rence-d\u00e9bat anim\u00e9e par Charles Onana le samedi 18 mai \u00e0 18 h au Centre de vie du sanitas 10 place neuve \u2013 37000 Tours. [&hellip;]<\/p>\n","protected":false},"author":1,"featured_media":5436,"comment_status":"open","ping_status":"open","sticky":false,"template":"","format":"standard","meta":{"_acf_changed":false,"content-type":"","footnotes":""},"categories":[145,156,124,127],"tags":[],"class_list":["post-5435","post","type-post","status-publish","format-standard","has-post-thumbnail","hentry","category-conferences-salons","category-france","category-politique-societe","category-rencontresdebats"],"acf":[],"_links":{"self":[{"href":"https:\/\/congolobilelo.com\/IN\/wp-json\/wp\/v2\/posts\/5435","targetHints":{"allow":["GET"]}}],"collection":[{"href":"https:\/\/congolobilelo.com\/IN\/wp-json\/wp\/v2\/posts"}],"about":[{"href":"https:\/\/congolobilelo.com\/IN\/wp-json\/wp\/v2\/types\/post"}],"author":[{"embeddable":true,"href":"https:\/\/congolobilelo.com\/IN\/wp-json\/wp\/v2\/users\/1"}],"replies":[{"embeddable":true,"href":"https:\/\/congolobilelo.com\/IN\/wp-json\/wp\/v2\/comments?post=5435"}],"version-history":[{"count":0,"href":"https:\/\/congolobilelo.com\/IN\/wp-json\/wp\/v2\/posts\/5435\/revisions"}],"wp:featuredmedia":[{"embeddable":true,"href":"https:\/\/congolobilelo.com\/IN\/wp-json\/"}],"wp:attachment":[{"href":"https:\/\/congolobilelo.com\/IN\/wp-json\/wp\/v2\/media?parent=5435"}],"wp:term":[{"taxonomy":"category","embeddable":true,"href":"https:\/\/congolobilelo.com\/IN\/wp-json\/wp\/v2\/categories?post=5435"},{"taxonomy":"post_tag","embeddable":true,"href":"https:\/\/congolobilelo.com\/IN\/wp-json\/wp\/v2\/tags?post=5435"}],"curies":[{"name":"wp","href":"https:\/\/api.w.org\/{rel}","templated":true}]}}