{"id":5432,"date":"2013-05-08T08:11:07","date_gmt":"2013-05-08T08:11:07","guid":{"rendered":"http:\/\/www.ingeta.com\/?p=5432"},"modified":"2013-05-08T08:11:07","modified_gmt":"2013-05-08T08:11:07","slug":"le-role-des-minieres-canadiennes-dans-la-guerre-du-congo","status":"publish","type":"post","link":"https:\/\/congolobilelo.com\/IN\/le-role-des-minieres-canadiennes-dans-la-guerre-du-congo\/","title":{"rendered":"Le r\u00f4le des mini\u00e8res canadiennes dans la guerre du Congo"},"content":{"rendered":"<p>\t\t\t\tLes vid\u00e9os de la conf\u00e9rence &#8220;Le r\u00f4le des mini\u00e8res canadiennes dans la guerre du Congo&#8221; qui s&#8217;est tenue le 7 f\u00e9vrier 2013 \u00e0 Montr\u00e9al (Canada). La conf\u00e9rence organis\u00e9e par &#8220;Ca m&#8217;concerne&#8221; a abord\u00e9 les causes de ce qui est qualifi\u00e9 par certains de g\u00e9nocide, en explorant la responsabilit\u00e9, le silence et l\u2019implication du Canada, de la communaut\u00e9 internationale et des m\u00e9dias.<\/p>\n<p>La conf\u00e9rence a rassembl\u00e9 des pan\u00e9listes de qualit\u00e9 aux expertises et exp\u00e9riences vari\u00e9es :<br \/>\n\u00c8ve P\u00e9cl\u00e8t : Porte-parole adjointe de l&#8217;Opposition officielle Affaires \u00c9trang\u00e8res et D\u00e9put\u00e9e f\u00e9d\u00e9rale de La Pointe-de-l&#8217;\u00cele<br \/>\nAlain Denault : Auteur, philosophe et sociologue. Auteur des ouvrages Noir Canada, Offshore, Paradis sous terre<br \/>\nPatrick Mbeko : Analyste politique et auteur de l&#8217;ouvrage Le Canada dans les guerres en Afrique Centrale<br \/>\nDedy Bilamba : Activiste et membre de l&#8217;organisation Friends of the Congo<br \/>\nFrancis Ihaza : \u00c9tudiant et co-initiateur de la campagne \u00c7a m&#8217;concerne<br \/>\nMahdi Saoula alias Dr. Mad: \u00e9tudiant en science politique, dj.<\/p>\n<p>Part. I &#8211; Introduction<br \/>\n<iframe loading=\"lazy\" width=\"560\" height=\"315\" src=\"http:\/\/www.youtube.com\/embed\/C4lar7Kgh9w?list=PLCF8X5J3Seps6oAqZo-OEXfjDCArhMDY_\" frameborder=\"0\" allowfullscreen><\/iframe><\/p>\n<p>Part. II &#8211; Patrick Mbeko<br \/>\n<iframe loading=\"lazy\" width=\"560\" height=\"315\" src=\"http:\/\/www.youtube.com\/embed\/5sHFmewI27M\" frameborder=\"0\" allowfullscreen><\/iframe><\/p>\n<p>Part. III &#8211; Dedy Bilamba<br \/>\n<iframe loading=\"lazy\" width=\"560\" height=\"315\" src=\"http:\/\/www.youtube.com\/embed\/0N1ZyKJjICs\" frameborder=\"0\" allowfullscreen><\/iframe><\/p>\n<p>Part. IV &#8211; Eve P\u00e9clet<br \/>\n<iframe loading=\"lazy\" width=\"560\" height=\"315\" src=\"http:\/\/www.youtube.com\/embed\/3_Rq6tPbGlU\" frameborder=\"0\" allowfullscreen><\/iframe><\/p>\n<p>Part. V &#8211; Alain Deneault<br \/>\n<iframe loading=\"lazy\" width=\"560\" height=\"315\" src=\"http:\/\/www.youtube.com\/embed\/HejU8m0InRs\" frameborder=\"0\" allowfullscreen><\/iframe><\/p>\n<p>Part. VI &#8211; Francis Ihaza<br \/>\n<iframe loading=\"lazy\" width=\"560\" height=\"315\" src=\"http:\/\/www.youtube.com\/embed\/13ku2-gG2iw\" frameborder=\"0\" allowfullscreen><\/iframe><\/p>\n<p>Part. VII &#8211; D\u00e9bats &#038; questions<br \/>\n<iframe loading=\"lazy\" width=\"560\" height=\"315\" src=\"http:\/\/www.youtube.com\/embed\/IliLqIGtVq8\" frameborder=\"0\" allowfullscreen><\/iframe><\/p>\n<p>Part. VIII &#8211; D\u00e9bats &#038; questions (suite)<br \/>\n<iframe loading=\"lazy\" width=\"560\" height=\"315\" src=\"http:\/\/www.youtube.com\/embed\/_5sf5vUyMzg\" frameborder=\"0\" allowfullscreen><\/iframe><\/p>\n","protected":false},"excerpt":{"rendered":"<p>Les vid\u00e9os de la conf\u00e9rence &#8220;Le r\u00f4le des mini\u00e8res canadiennes dans la guerre du Congo&#8221; qui s&#8217;est tenue le 7 f\u00e9vrier 2013 \u00e0 Montr\u00e9al (Canada). La conf\u00e9rence organis\u00e9e par &#8220;Ca m&#8217;concerne&#8221; a abord\u00e9 les causes de ce qui est qualifi\u00e9 par certains de g\u00e9nocide, en explorant la responsabilit\u00e9, le silence et l\u2019implication du Canada, de [&hellip;]<\/p>\n","protected":false},"author":1,"featured_media":5433,"comment_status":"open","ping_status":"open","sticky":false,"template":"","format":"video","meta":{"_acf_changed":false,"content-type":"","footnotes":""},"categories":[141,148,150,120,133],"tags":[],"class_list":["post-5432","post","type-post","status-publish","format-video","has-post-thumbnail","hentry","category-canada","category-documents-presse","category-economie-entreprises","category-mondialisation","category-videos","post_format-post-format-video"],"acf":[],"_links":{"self":[{"href":"https:\/\/congolobilelo.com\/IN\/wp-json\/wp\/v2\/posts\/5432","targetHints":{"allow":["GET"]}}],"collection":[{"href":"https:\/\/congolobilelo.com\/IN\/wp-json\/wp\/v2\/posts"}],"about":[{"href":"https:\/\/congolobilelo.com\/IN\/wp-json\/wp\/v2\/types\/post"}],"author":[{"embeddable":true,"href":"https:\/\/congolobilelo.com\/IN\/wp-json\/wp\/v2\/users\/1"}],"replies":[{"embeddable":true,"href":"https:\/\/congolobilelo.com\/IN\/wp-json\/wp\/v2\/comments?post=5432"}],"version-history":[{"count":0,"href":"https:\/\/congolobilelo.com\/IN\/wp-json\/wp\/v2\/posts\/5432\/revisions"}],"wp:featuredmedia":[{"embeddable":true,"href":"https:\/\/congolobilelo.com\/IN\/wp-json\/"}],"wp:attachment":[{"href":"https:\/\/congolobilelo.com\/IN\/wp-json\/wp\/v2\/media?parent=5432"}],"wp:term":[{"taxonomy":"category","embeddable":true,"href":"https:\/\/congolobilelo.com\/IN\/wp-json\/wp\/v2\/categories?post=5432"},{"taxonomy":"post_tag","embeddable":true,"href":"https:\/\/congolobilelo.com\/IN\/wp-json\/wp\/v2\/tags?post=5432"}],"curies":[{"name":"wp","href":"https:\/\/api.w.org\/{rel}","templated":true}]}}