{"id":5428,"date":"2013-05-08T07:34:32","date_gmt":"2013-05-08T07:34:32","guid":{"rendered":"http:\/\/www.ingeta.com\/?p=5428"},"modified":"2013-05-08T07:34:32","modified_gmt":"2013-05-08T07:34:32","slug":"une-armee-republicaine-en-rdc-un-casse-tete-inextricable-le-22-mai-2013-a-bruxelles","status":"publish","type":"post","link":"https:\/\/congolobilelo.com\/IN\/une-armee-republicaine-en-rdc-un-casse-tete-inextricable-le-22-mai-2013-a-bruxelles\/","title":{"rendered":"&#8220;Une arm\u00e9e r\u00e9publicaine en RDC : un casse-t\u00eate inextricable?&#8221; &#8211; Le 22 mai 2013 \u00e0 Bruxelles"},"content":{"rendered":"<p>\t\t\t\tLa situation s\u00e9curitaire d\u00e9sastreuse qui pr\u00e9vaut depuis quelques ann\u00e9es en R\u00e9publique D\u00e9mocratique du Congo a fini par mettre au jour les difficult\u00e9s et les carences d\u2019une arm\u00e9e congolaise d\u00e9faillante. La r\u00e9forme de l\u2019arm\u00e9e congolaise, soutenue au niveau international notamment par la Belgique et l\u2019Union Europ\u00e9enne a abouti \u00e0 des r\u00e9sultats mitig\u00e9s car \u00e0 ce jour, les FARDC ne sont toujours pas \u00e0 m\u00eame de faire face \u00e0 l\u2019invasion du territoire national par diff\u00e9rents groupes rebelles parmi lesquelles le tristement c\u00e9l\u00e8bre M23 ou \u00e0 assurer la protection des personnes et de leurs biens.<\/p>\n<p>Profitant de la sortie du livre \u00ab Les arm\u00e9es en R\u00e9publique D\u00e9mocratique du Congo. Radioscopie de la Force Publique aux FARDC \u00bb, DC-RACIN vous invite \u00e0 prendre part \u00e0 la conf\u00e9rence d\u00e9bat qu\u2019elle organise <strong>ce mercredi 22 mai d\u00e8s 19h00 \u00e0 l\u2019Universit\u00e9 Catholique de Louvain \u00e0 Bruxelles <\/strong>sur des questions li\u00e9es \u00e0 la s\u00e9curit\u00e9 et \u00e0 la d\u00e9fense en RDC, le d\u00e9fit de la r\u00e9forme de l\u2019arm\u00e9e et enfin les rat\u00e9s des projets de coop\u00e9ration. Vous aurez ainsi l\u2019occasion d\u2019\u00e9changer avec les sp\u00e9cialistes en la mati\u00e8re et la soir\u00e9e se cl\u00f4turera par une s\u00e9ance de vente et d\u00e9dicace du livre que vous pourrez vous procurer sur place.<\/p>\n<p><strong>Programme conf\u00e9rence-d\u00e9bat<\/strong><br \/>\n\u2022 19h00 : accueil et exposition du livre \u00ab Les arm\u00e9es au Congo-Kinshasa. Radioscopie de la Force Publique aux FARDC \u00bb de Jean-Jacques Wondo<br \/>\n\u2022 19h25 : Mot d\u2019accueil du Dr Kamidi Ofit Didier<br \/>\n\u2022 19h30-19h50 : \u00ab S\u00e9curit\u00e9 : un d\u00e9fi incontournable pour le d\u00e9veloppement de la RDC \u00bb par Jean-Jacques Wondo, analyste politique et sp\u00e9cialiste des questions sociopolitiques et s\u00e9curitaires de la RDC<br \/>\n\u2022 19h50-20h10 : \u00ab Quels apports des anciens officiers congolais form\u00e9s dans la mise en place d\u2019une arm\u00e9e r\u00e9publicaine ? \u00bb par le G\u00e9n\u00e9ral Mukobo, ancien Chef d\u2019Etat-Major G\u00e9n\u00e9ral de la Force Terrestre du Za\u00efre<br \/>\n\u2022 20h10-20h30 : \u00ab Processus de r\u00e9forme des FARDC : rat\u00e9s et pistes de solution dans le cadre de la coop\u00e9ration multilat\u00e9rale \u00bb par le Colonel Vanhees, Union Europ\u00e9enne (EEAS)<br \/>\n\u2022 20h30 : D\u00e9bat<br \/>\n\u2022 21h45 : Mot de cl\u00f4ture<br \/>\nD\u00e9dicace et vente du livre (30 euros)<\/p>\n<p><strong>Informations pratiques<\/strong><br \/>\nDate et heures: Le mercredi 22 mai 2013 de 19h00 \u00e0 21h30\u2019 (accueil 19h00 et d\u00e9but conf\u00e9rence \u00e0 19h30).<br \/>\nLieu: Universit\u00e9 Catholique de Louvain \u00e0 Woluw\u00e9-st-Lambert, AUDITOIRE CENTRAL E. B\u00e2timents Centraux (51)- rez-de-chauss\u00e9e. Avenue Emmanuel Mounier, 51 \u2013 1200 Bruxelles.<br \/>\nParticipation : 2,50 euros<br \/>\nIntervenants :<br \/>\n&#8211; Mr Jean-Jacques Wondo, analyste politique et sp\u00e9cialiste des questions sociopolitiques et s\u00e9curitaires de la RDC<br \/>\n&#8211; G\u00e9n\u00e9ral Paul Mukobo, ancien Chef d\u2019Etat-Major G\u00e9n\u00e9ral de la Force Terrestre du Za\u00efre<br \/>\n&#8211; Colonel Patrick Vanhees, de l\u2019Union Europ\u00e9enne (EEAS)<\/p>\n<p><em>Pour des raisons pratiques d\u2019organisation, une inscription pr\u00e9alable est requise (pr\u00e9nom + nom) avant<br \/>\nle lundi 20 mai 2013. Une confirmation vous sera renvoy\u00e9e par retour de courrier.<\/em>\t\t<\/p>\n","protected":false},"excerpt":{"rendered":"<p>La situation s\u00e9curitaire d\u00e9sastreuse qui pr\u00e9vaut depuis quelques ann\u00e9es en R\u00e9publique D\u00e9mocratique du Congo a fini par mettre au jour les difficult\u00e9s et les carences d\u2019une arm\u00e9e congolaise d\u00e9faillante. La r\u00e9forme de l\u2019arm\u00e9e congolaise, soutenue au niveau international notamment par la Belgique et l\u2019Union Europ\u00e9enne a abouti \u00e0 des r\u00e9sultats mitig\u00e9s car \u00e0 ce jour, [&hellip;]<\/p>\n","protected":false},"author":1,"featured_media":5429,"comment_status":"open","ping_status":"open","sticky":false,"template":"","format":"standard","meta":{"_acf_changed":false,"content-type":"","footnotes":""},"categories":[167,145,124],"tags":[],"class_list":["post-5428","post","type-post","status-publish","format-standard","has-post-thumbnail","hentry","category-belgique","category-conferences-salons","category-politique-societe"],"acf":[],"_links":{"self":[{"href":"https:\/\/congolobilelo.com\/IN\/wp-json\/wp\/v2\/posts\/5428","targetHints":{"allow":["GET"]}}],"collection":[{"href":"https:\/\/congolobilelo.com\/IN\/wp-json\/wp\/v2\/posts"}],"about":[{"href":"https:\/\/congolobilelo.com\/IN\/wp-json\/wp\/v2\/types\/post"}],"author":[{"embeddable":true,"href":"https:\/\/congolobilelo.com\/IN\/wp-json\/wp\/v2\/users\/1"}],"replies":[{"embeddable":true,"href":"https:\/\/congolobilelo.com\/IN\/wp-json\/wp\/v2\/comments?post=5428"}],"version-history":[{"count":0,"href":"https:\/\/congolobilelo.com\/IN\/wp-json\/wp\/v2\/posts\/5428\/revisions"}],"wp:featuredmedia":[{"embeddable":true,"href":"https:\/\/congolobilelo.com\/IN\/wp-json\/"}],"wp:attachment":[{"href":"https:\/\/congolobilelo.com\/IN\/wp-json\/wp\/v2\/media?parent=5428"}],"wp:term":[{"taxonomy":"category","embeddable":true,"href":"https:\/\/congolobilelo.com\/IN\/wp-json\/wp\/v2\/categories?post=5428"},{"taxonomy":"post_tag","embeddable":true,"href":"https:\/\/congolobilelo.com\/IN\/wp-json\/wp\/v2\/tags?post=5428"}],"curies":[{"name":"wp","href":"https:\/\/api.w.org\/{rel}","templated":true}]}}