{"id":5421,"date":"2013-05-07T18:58:36","date_gmt":"2013-05-07T18:58:36","guid":{"rendered":"http:\/\/www.ingeta.com\/?p=5421"},"modified":"2013-05-07T18:58:36","modified_gmt":"2013-05-07T18:58:36","slug":"rdc-la-ou-les-noirs-sentretuent-pour-sauvegarder-les-interets-de-lelite-anglo-saxonne","status":"publish","type":"post","link":"https:\/\/congolobilelo.com\/IN\/rdc-la-ou-les-noirs-sentretuent-pour-sauvegarder-les-interets-de-lelite-anglo-saxonne\/","title":{"rendered":"RDC : L\u00e0 o\u00f9 les noirs s\u2019entretuent pour sauvegarder les int\u00e9r\u00eats de l\u2019\u00e9lite anglo-saxonne"},"content":{"rendered":"<p>\t\t\t\tL\u2019analyste politique jean-Pierre Mbelu d\u00e9crypte comment les \u00e9lites anglo-saxons instrumentalisent Paul Kagam\u00e9 pour leurs int\u00e9r\u00eats propres dans la r\u00e9gion des grands lacs, expose les fondements racistes et n\u00e9ocolonialistes de la guerre qui nous est impos\u00e9e au Congo, et explique pourquoi nous devons approfondir les questions autour des enjeux au Congo mais aussi les relayer et les partager.<\/p>\n<p><iframe loading=\"lazy\" src=\"http:\/\/www.youtube.com\/embed\/MbWITgop-tw\" height=\"315\" width=\"560\" allowfullscreen=\"\" frameborder=\"0\"><\/iframe><\/p>\n<p><strong>Sur la visite de Mary Robinson \u00e0 Kinshasa et dans la r\u00e9gion des Grands Lacs<\/strong><\/p>\n<blockquote><p>La tourn\u00e9e de Mme Robinson dans les Grands Lacs n\u2019apportera rien de substantiel \u00e0 ce qu\u2019on appelle commun\u00e9ment \u00ab crise \u00bb mais qui est profond\u00e9ment une guerre de basse intensit\u00e9 men\u00e9e par les alli\u00e9s de Mme Robinson. Par ailleurs, ne pas sortir du cadre des accords d\u2019Addis-Abeba n\u2019est pas une garantie pour la fin de cette guerre de basse intensit\u00e9.<\/p><\/blockquote>\n<p><strong>Sur la suffisance de Paul Kagam\u00e9<\/strong><\/p>\n<blockquote><p>La suffisance et l\u2019audace de Kagam\u00e9 sont li\u00e9es aux protections dont il jouit depuis le d\u00e9but de la guerre. N\u2019oubliez pas qu\u2019il y a une \u00e9lite anglo-saxonne dominante qui travaille avec Paul Kagam\u00e9. M. Kagam\u00e9 est un pion, une marionnette de l\u2019\u00e9lite dominante anglo-saxonne qui le consid\u00e8re comme une machine \u00e0 tuer.<\/p><\/blockquote>\n<p><strong>Sur le soutien de Kagam\u00e9 par les \u00e9lites anglo-saxonnes <\/strong><\/p>\n<blockquote><p>Il ne s\u2019agit pas de soutien. Il s\u2019agit d\u2019une instrumentalisation d\u2019une machine \u00e0 tuer. Paul Kagam\u00e9 n\u2019est pas prix au s\u00e9rieux par ceux qu\u2019il estime \u00eatre ses amis. C\u2019est la raison pour laquelle la guerre dans la r\u00e9gion des grands lacs est une guerre raciste. Quand vous passez en revue le documentaire \u00ab Le conflit au Congo : La v\u00e9rit\u00e9 d\u00e9voil\u00e9e \u00bb, vous voyez un professeur am\u00e9ricain d\u2019universit\u00e9 qui vous dit clairement qu\u2019aujourd\u2019hui, le Rwanda de Paul Kagam\u00e9 fait dans la sous-r\u00e9gion des Grands Lacs ce que, eux, les am\u00e9ricains ne peuvent pas faire. C&#8217;est-\u00e0-dire que les am\u00e9ricains ne peuvent plus aujourd\u2019hui, envoyer leurs filles et fils au front pour mourir au nom de leurs int\u00e9r\u00eats. Comme ils ont trouv\u00e9 une machine \u00e0 tuer sur place, ils s\u2019en servent. Cela d\u2019autant plus que cette machine \u00e0 tuer n\u2019a de compte \u00e0 rendre \u00e0 personne.<\/p><\/blockquote>\n<p><strong>Sur la guerre raciste en RD Congo<\/strong><\/p>\n<blockquote><p>Les noirs peuvent s\u2019entretuer pour sauvegarder les int\u00e9r\u00eats de l\u2019\u00e9lite anglo-saxonne. Cette \u00e9lite ne voit que l\u2019argent, devenu son Dieu.<br \/>\nLe pr\u00e9sident noir am\u00e9ricain est instrumentalis\u00e9 comme Paul Kagam\u00e9 et les autres noirs de la sous-r\u00e9gion des Grands Lacs. Ce sont des petites mains du capital. Il ne faut pas oublier qu\u2019aujourd\u2019hui, les USA ou l\u2019Union Europ\u00e9enne ont perdu toute souverainet\u00e9 et d\u00e9pendent des multinationales. Chaque fois que nous \u00e9tudions la guerre en RDC, ayons une vue plus large sur l\u2019\u00e9volution du monde aujourd\u2019hui.<br \/>\nLes grands pays qui nous font la guerre sont g\u00e9r\u00e9s par des multinationales qui ont essay\u00e9 le plus possible de d\u00e9r\u00e9guler les m\u00e9canismes \u00e9tatiques de gestion de ces pays-l\u00e0.<\/p><\/blockquote>\n<p><strong>Sur la situation dans l\u2019Est du Congo<\/strong><\/p>\n<blockquote><p>Il n\u2019y a pas de politique de Kinshasa, Kigali ou Kampala, il y a une m\u00eame politique de l\u2019entretien de la haine, de la guerre et de l\u2019inimiti\u00e9 pour que nos villages puissent \u00eatre vid\u00e9s de leurs populations. Ce n\u2019est pas un fait anodin que la Chine ait rompu son contrat avec le Congo. Cette guerre de basse intensit\u00e9 est li\u00e9e au fait que les multinationales occidentales veulent \u00e0 tout prix devenir les uniques possesseurs de nos mati\u00e8res premi\u00e8res strat\u00e9giques. Mais comme les enfants des pays commanditaires de la guerre de basse intensit\u00e9 au Congo ne savent plus aller au front, ils multiplient les fronts avec leurs machines \u00e0 tuer. Donc quand on parle du M23, il faut avoir en t\u00eate que le M23, c\u2019est Kigali, le Rwanda de Kagam\u00e9. Ils multiplient les milices et les rebellions pour entretenir la haine entre les peuples de la sous-r\u00e9gion. Comme \u00e7a, nous nous entretuons en permanence et les multinationales tirent leur \u00e9pingle du jeu.<\/p><\/blockquote>\n<p><strong>Sur l\u2019importance d\u2019apprendre et d\u2019\u00e9changer<\/strong><\/p>\n<blockquote><p>Plusieurs d\u2019entre nous se contente malheureusement de commenter l\u2019actualit\u00e9 \u00e0 partir de ce que nous en disent les m\u00e9dias dominants, qui sont des m\u00e9dias manipulateurs. Comment pouvons nous \u00eatre en guerre pendant longtemps sans que nous ayons des \u00e9tudes approfondies sur les m\u00e9canismes et les strat\u00e9gies de guerre telles qu\u2019elles sont entretenues chez nous. Il y a chez certains comme un refus d\u2019apprendre. Il y a certaine pouss\u00e9e de l\u2019inculture qui risque de nous nuire. Tout le monde n\u2019a pas vocation \u00e0 approfondir et analyser tout cela mais comme la guerre est permanente, nous devons pouvoir nous former, nous devons pouvoir \u00e9tudier en permanence en ayant des r\u00e9f\u00e9rences sures.<br \/>\nPour un bon nombre d\u2019entre nous, nous n\u00e9gligeons l\u2019\u00e9tude et l\u2019approfondissement des questions autour des enjeux au Congo. Lisons, approfondissons et relayons ce que nous avons appris et compris. Mais ne nous contentons pas du minimum ! Parce que la guerre est permanente, l\u2019apprentissage de ses strat\u00e9gies doit aussi \u00eatre permanente.<\/p><\/blockquote>\n<p><strong>Sur les dangers du repli ethnique<\/strong><\/p>\n<blockquote><p>Se regrouper selon telle ou telle appartenance n\u2019est pas mauvais en soi. Mais l\u00e0 o\u00f9 le b\u00e2t blesse, c\u2019est lorsqu\u2019un d\u00e9put\u00e9, suppos\u00e9 d\u00e9fendre les int\u00e9r\u00eats de tous les congolais, s\u2019identifie \u00e0 son ethnie ou \u00e0 sa tribu. La guerre que nous connaissons nous pousse \u00e0 nous enfermer dans nos appartenances tribales ou ethniques sans comprendre que nous avons un travail politique \u00e0 faire, c&#8217;est-\u00e0-dire, nous convertir \u00e0 la citoyennet\u00e9. Par cons\u00e9quent, notre identit\u00e9 ne peut pas \u00eatre r\u00e9duite \u00e0 l\u2019un de ses \u00e9l\u00e9ments.<br \/>\nIl y a danger que face au manque de d\u00e9mocratie et de d\u00e9bats, face au manque de projet de soci\u00e9t\u00e9 mobilisateur et unificateur, nous ayons comme tendance naturelle de nous replier sur nos ethnies ou nos tribus. Et ce repli s\u2019apparente \u00e0 un appauvrissement. Nous pouvons \u00e9voluer dans des groupes culturels, mais ces derniers ne devraient pas constituer les uniques r\u00e9f\u00e9rences quand nous devons travailler \u00e0 b\u00e2tir la cit\u00e9.<br \/>\nCette fa\u00e7on de proc\u00e9der risque de nous conduire sur cette voie qui gomme le fait qu\u2019aujourd\u2019hui au Congo, nous avons des \u00e9lites compradores qui dominent la grande majorit\u00e9 de nos populations et instrumentalisent et client\u00e9lisent nos populations pour leur faire croire qu\u2019elles partent le m\u00eame sort qu\u2019elles. Ce qui est totalement faux.<\/p><\/blockquote>\n<p><strong>Sur les le\u00e7ons \u00e0 tirer du cas de la ministre italienne d\u2019origine congolaise<\/strong><\/p>\n<blockquote><p>1. Nous pouvons faire le constat que la lutte pour le triomphe des valeurs dites \u00ab universelles \u00bb n\u2019est pas gagn\u00e9e en Occident.<br \/>\n2. Voil\u00e0 une dame, qui a grandi en Italie, qui s\u2019est battue en suivant les r\u00e8gles et les proc\u00e9dures normales pour pouvoir acqu\u00e9rir sa nationalit\u00e9 italienne. Voil\u00e0 la diff\u00e9rence entre cette grande dame et tous ces messieurs qui sont venus chez nous par la guerre de l\u2019AFDL et qui ont vol\u00e9 notre nationalit\u00e9 par la guerre.<\/p><\/blockquote>\n","protected":false},"excerpt":{"rendered":"<p>L\u2019analyste politique jean-Pierre Mbelu d\u00e9crypte comment les \u00e9lites anglo-saxons instrumentalisent Paul Kagam\u00e9 pour leurs int\u00e9r\u00eats propres dans la r\u00e9gion des grands lacs, expose les fondements racistes et n\u00e9ocolonialistes de la guerre qui nous est impos\u00e9e au Congo, et explique pourquoi nous devons approfondir les questions autour des enjeux au Congo mais aussi les relayer et [&hellip;]<\/p>\n","protected":false},"author":1,"featured_media":5422,"comment_status":"open","ping_status":"open","sticky":false,"template":"","format":"standard","meta":{"_acf_changed":false,"content-type":"","footnotes":""},"categories":[107,120,124],"tags":[],"class_list":["post-5421","post","type-post","status-publish","format-standard","has-post-thumbnail","hentry","category-analyses-commentaires","category-mondialisation","category-politique-societe"],"acf":[],"_links":{"self":[{"href":"https:\/\/congolobilelo.com\/IN\/wp-json\/wp\/v2\/posts\/5421","targetHints":{"allow":["GET"]}}],"collection":[{"href":"https:\/\/congolobilelo.com\/IN\/wp-json\/wp\/v2\/posts"}],"about":[{"href":"https:\/\/congolobilelo.com\/IN\/wp-json\/wp\/v2\/types\/post"}],"author":[{"embeddable":true,"href":"https:\/\/congolobilelo.com\/IN\/wp-json\/wp\/v2\/users\/1"}],"replies":[{"embeddable":true,"href":"https:\/\/congolobilelo.com\/IN\/wp-json\/wp\/v2\/comments?post=5421"}],"version-history":[{"count":0,"href":"https:\/\/congolobilelo.com\/IN\/wp-json\/wp\/v2\/posts\/5421\/revisions"}],"wp:featuredmedia":[{"embeddable":true,"href":"https:\/\/congolobilelo.com\/IN\/wp-json\/"}],"wp:attachment":[{"href":"https:\/\/congolobilelo.com\/IN\/wp-json\/wp\/v2\/media?parent=5421"}],"wp:term":[{"taxonomy":"category","embeddable":true,"href":"https:\/\/congolobilelo.com\/IN\/wp-json\/wp\/v2\/categories?post=5421"},{"taxonomy":"post_tag","embeddable":true,"href":"https:\/\/congolobilelo.com\/IN\/wp-json\/wp\/v2\/tags?post=5421"}],"curies":[{"name":"wp","href":"https:\/\/api.w.org\/{rel}","templated":true}]}}