{"id":5415,"date":"2013-06-01T20:24:44","date_gmt":"2013-06-01T20:24:44","guid":{"rendered":"http:\/\/www.ingeta.com\/?p=5415"},"modified":"2013-06-01T20:24:44","modified_gmt":"2013-06-01T20:24:44","slug":"lumumba-lincompris-a-comprendre-le-29-juin-2013-a-paris","status":"publish","type":"post","link":"https:\/\/congolobilelo.com\/IN\/lumumba-lincompris-a-comprendre-le-29-juin-2013-a-paris\/","title":{"rendered":"&#8220;Lumumba, l&#8217;incompris \u00e0 comprendre&#8221;\u200f &#8211; Le 29 juin 2013 \u00e0 Paris"},"content":{"rendered":"<p>\t\t\t\tA l&#8217;occasion de la f\u00eate de l&#8217;ind\u00e9pendance de la R\u00e9publique D\u00e9mocratique du Congo, une repr\u00e9sentation th\u00e9\u00e2trale, &#8220;Lumumba l&#8217;incompris \u00e0 comprendre&#8221;, se tiendra le samedi 29 juin 2013 au Z\u00e8bre de Belleville dans le 11\u00e8me arrondissement de Paris. Cette pi\u00e8ce d\u00e9crit non seulement les \u00e9changes (n\u00e9gociations) entre la classe politique congolaise et l&#8217;administration coloniale Belge, mais aussi, les aspirations de Patrice Emery LUMUMBA pour le Congo et l&#8217;Afrique en g\u00e9n\u00e9ral.<\/p>\n<p>Le dossier de pr\u00e9sentation:<br \/>\n[document file=&#8221;http:\/\/www.ingeta.com\/wp-content\/uploads\/2013\/05\/presentation-presse-lumumba.pdf&#8221; width=&#8221;600&#8243; height=&#8221;400&#8243;]<\/p>\n<p>Infos pratiques:<br \/>\nDate: Le samedi 29 Juin 2013 \u00e0 17h00<br \/>\nLieu: Le Z\u00e8bre de Belleville, 63 boulevard Belleville, 75011 Paris<br \/>\nTarif : 17\u20acplace assise \/ 10\u20acplace debout Billets disponibles au : http:\/\/www.moxity.com\/events\/lumumba-l-incompris-a-comprendre<br \/>\nOrganisation :<br \/>\nCoordination Herv\u00e9 KASHAMA<br \/>\nCommunication : Ang\u00e9lique KABONGO<br \/>\nMise en sc\u00e8ne : Ventouse MBALA et Berto MALOUONA<br \/>\nT\u00e9l : 06.48.19.77.49 \/ 06.43.80.54.10<br \/>\nMail : herve.kashama@yahoo.fr\t\t<\/p>\n","protected":false},"excerpt":{"rendered":"<p>A l&#8217;occasion de la f\u00eate de l&#8217;ind\u00e9pendance de la R\u00e9publique D\u00e9mocratique du Congo, une repr\u00e9sentation th\u00e9\u00e2trale, &#8220;Lumumba l&#8217;incompris \u00e0 comprendre&#8221;, se tiendra le samedi 29 juin 2013 au Z\u00e8bre de Belleville dans le 11\u00e8me arrondissement de Paris. Cette pi\u00e8ce d\u00e9crit non seulement les \u00e9changes (n\u00e9gociations) entre la classe politique congolaise et l&#8217;administration coloniale Belge, mais [&hellip;]<\/p>\n","protected":false},"author":1,"featured_media":5416,"comment_status":"open","ping_status":"open","sticky":false,"template":"","format":"standard","meta":{"_acf_changed":false,"content-type":"","footnotes":""},"categories":[146,147,151,156],"tags":[],"class_list":["post-5415","post","type-post","status-publish","format-standard","has-post-thumbnail","hentry","category-culture","category-divers","category-education","category-france"],"acf":[],"_links":{"self":[{"href":"https:\/\/congolobilelo.com\/IN\/wp-json\/wp\/v2\/posts\/5415","targetHints":{"allow":["GET"]}}],"collection":[{"href":"https:\/\/congolobilelo.com\/IN\/wp-json\/wp\/v2\/posts"}],"about":[{"href":"https:\/\/congolobilelo.com\/IN\/wp-json\/wp\/v2\/types\/post"}],"author":[{"embeddable":true,"href":"https:\/\/congolobilelo.com\/IN\/wp-json\/wp\/v2\/users\/1"}],"replies":[{"embeddable":true,"href":"https:\/\/congolobilelo.com\/IN\/wp-json\/wp\/v2\/comments?post=5415"}],"version-history":[{"count":0,"href":"https:\/\/congolobilelo.com\/IN\/wp-json\/wp\/v2\/posts\/5415\/revisions"}],"wp:featuredmedia":[{"embeddable":true,"href":"https:\/\/congolobilelo.com\/IN\/wp-json\/"}],"wp:attachment":[{"href":"https:\/\/congolobilelo.com\/IN\/wp-json\/wp\/v2\/media?parent=5415"}],"wp:term":[{"taxonomy":"category","embeddable":true,"href":"https:\/\/congolobilelo.com\/IN\/wp-json\/wp\/v2\/categories?post=5415"},{"taxonomy":"post_tag","embeddable":true,"href":"https:\/\/congolobilelo.com\/IN\/wp-json\/wp\/v2\/tags?post=5415"}],"curies":[{"name":"wp","href":"https:\/\/api.w.org\/{rel}","templated":true}]}}